{"id":7677,"date":"2023-10-11T14:50:14","date_gmt":"2023-10-11T12:50:14","guid":{"rendered":"https:\/\/www.promistyle.de\/?p=7677"},"modified":"2023-10-17T14:25:16","modified_gmt":"2023-10-17T12:25:16","slug":"bergparadies-wolkenstein-in-groeden","status":"publish","type":"post","link":"https:\/\/www.promistyle.de\/?p=7677","title":{"rendered":"Bergparadies Wolkenstein in Gr\u00f6den"},"content":{"rendered":"\n<p><strong>Magische Bergwelten, malerische St\u00e4dtchen, hervorragende Restaurants und die altbew\u00e4hrte S\u00fcdtiroler Herzlichkeit: Die Dolomiten und das Tal Gr\u00f6den sind nach wie vor eines der beliebtesten Ziele f\u00fcr Touristen aus aller Welt. <\/strong><\/p>\n\n\n\n<p><em>Ein wahres Naturparadies mit sanften H\u00e4ngen und imposanten Felsformationen. Zahlreiche Dreitausender bieten eine traumhafte Kulisse f\u00fcr ein unvergessliches Urlaubserlebnis \u2013 und das zu jeder Jahreszeit! Im Sommer ein Paradies f\u00fcr Wanderer, im Winter kommen hier die Skifahrer voll auf ihre Kosten. <\/em><\/p>\n\n\n\n<figure class=\"wp-block-image size-full\"><img loading=\"lazy\" decoding=\"async\" width=\"1000\" height=\"630\" src=\"https:\/\/www.promistyle.de\/wp-content\/uploads\/2023\/10\/Grandbaita-Hotel.jpg\" alt=\"\" class=\"wp-image-7689\" srcset=\"https:\/\/www.promistyle.de\/wp-content\/uploads\/2023\/10\/Grandbaita-Hotel.jpg 1000w, https:\/\/www.promistyle.de\/wp-content\/uploads\/2023\/10\/Grandbaita-Hotel-300x189.jpg 300w, https:\/\/www.promistyle.de\/wp-content\/uploads\/2023\/10\/Grandbaita-Hotel-768x484.jpg 768w\" sizes=\"auto, (max-width: 1000px) 100vw, 1000px\" \/><\/figure>\n\n\n\n<p><\/p>\n\n\n\n<p>Zu den sch\u00f6nsten Jahreszeiten in den Dolomiten geh\u00f6rt der Herbst. \u201eIndian Summer\u201c hei\u00dft hier \u201eBurning Dolomites\u201c. Das Ph\u00e4nomen, das man vor allem im Herbst und im Winter beobachten kann, ist auch als Alpengl\u00fchen bekannt. Atemberaubend sch\u00f6n und einzigartig!<\/p>\n\n\n\n<blockquote class=\"wp-block-quote is-layout-flow wp-block-quote-is-layout-flow\">\n<p class=\"has-custom-size\" style=\"font-size:28px\"><em>Berge in Flammen!<\/em><\/p>\n<\/blockquote>\n\n\n\n<p>Schon ab Mitte September verf\u00e4rben sich die Nadeln der unz\u00e4hligen L\u00e4rchen in den Dolomiten zuerst von Gr\u00fcn nach Gelb, danach leuchten sie in strahlendem Orange, Rot und Braun. Die Herbstsonne tut den Rest, um das einzigartige Naturschauspiel \u201eBurning Dolomites\u201c zu inszenieren. Sie steht dann tiefer als im Sommer und strahlt in einem bestimmten Winkel die Felsw\u00e4nde an. <\/p>\n\n\n\n<figure class=\"wp-block-image size-full\"><img loading=\"lazy\" decoding=\"async\" width=\"1000\" height=\"630\" src=\"https:\/\/www.promistyle.de\/wp-content\/uploads\/2023\/10\/Burning-Dolomites-1.jpg\" alt=\"\" class=\"wp-image-7712\" srcset=\"https:\/\/www.promistyle.de\/wp-content\/uploads\/2023\/10\/Burning-Dolomites-1.jpg 1000w, https:\/\/www.promistyle.de\/wp-content\/uploads\/2023\/10\/Burning-Dolomites-1-300x189.jpg 300w, https:\/\/www.promistyle.de\/wp-content\/uploads\/2023\/10\/Burning-Dolomites-1-768x484.jpg 768w\" sizes=\"auto, (max-width: 1000px) 100vw, 1000px\" \/><\/figure>\n\n\n\n<p><\/p>\n\n\n\n<p><em>Es scheint fast so, als gl\u00fchen die Dolomiten von innen heraus. Die Sonne l\u00e4sst das UNESCO Weltnaturerbe bis in den November leuchten, als w\u00fcrden die Berge in Flammen stehen \u2013 ein buntes und beeindruckendes Naturspektakel, das einen aufgrund der Sch\u00f6nheit in Staunen und Begeisterung versetzt und das man erlebt haben muss. Natur, wie sie sch\u00f6ner nicht sein kann! <\/em><\/p>\n\n\n\n<p>Der Herbst ist die perfekte Zeit, um dort eine Auszeit vom Alltag zu nehmen. Aktiv-Urlauber k\u00f6nnen aber neben Wandern, Klettern oder Biken noch einiges mehr erleben. In St. Ulrich, St. Christina und Wolkenstein gibt es zahlreiche Attraktionen, Burgen, Ruinen, Museen, Monumente, Kapellen und weitere Sehensw\u00fcrdigkeiten f\u00fcr Familien und kulturinteressierte G\u00e4ste. <\/p>\n\n\n\n<figure class=\"wp-block-image size-full\"><img loading=\"lazy\" decoding=\"async\" width=\"500\" height=\"630\" src=\"https:\/\/www.promistyle.de\/wp-content\/uploads\/2023\/10\/Martina-Panorama-2.jpg\" alt=\"\" class=\"wp-image-7698\" srcset=\"https:\/\/www.promistyle.de\/wp-content\/uploads\/2023\/10\/Martina-Panorama-2.jpg 500w, https:\/\/www.promistyle.de\/wp-content\/uploads\/2023\/10\/Martina-Panorama-2-238x300.jpg 238w\" sizes=\"auto, (max-width: 500px) 100vw, 500px\" \/><\/figure>\n\n\n\n<p><\/p>\n\n\n\n<p><em>Wer tags\u00fcber an der frischen Bergluft aktiv ist, darf sich abends auf die kulinarischen K\u00f6stlichkeiten der Region freuen. \u00dcberall findet man erstklassige Hotels und eine ausgezeichnete Gastronomie.<\/em><\/p>\n\n\n\n<blockquote class=\"wp-block-quote is-layout-flow wp-block-quote-is-layout-flow\">\n<p class=\"has-custom-size\" style=\"font-size:28px\"><em>Hotel Granbaita &#8211; Rundum sorglos!<\/em><\/p>\n<\/blockquote>\n\n\n\n<p>\u00dcber ein ganz besonderes Konzept mit gef\u00fchrten Aktivit\u00e4ten, einem Spa und einer Top-Gastronomie verf\u00fcgt das <strong>5-Sterne-Hotel <\/strong>\u201e<strong>Granbaita\u201c<\/strong> in bester Lage in Wolkenstein in Gr\u00f6den, mitten im Herzen der Dolomiten. Der Name \u201eGran Baita\u201c l\u00e4sst sich mit \u201egro\u00dfe H\u00fctte\u201c \u00fcbersetzen. <\/p>\n\n\n\n<figure class=\"wp-block-image size-full\"><img loading=\"lazy\" decoding=\"async\" width=\"500\" height=\"630\" src=\"https:\/\/www.promistyle.de\/wp-content\/uploads\/2023\/10\/Kellner-Granbaita.jpg\" alt=\"\" class=\"wp-image-7690\" srcset=\"https:\/\/www.promistyle.de\/wp-content\/uploads\/2023\/10\/Kellner-Granbaita.jpg 500w, https:\/\/www.promistyle.de\/wp-content\/uploads\/2023\/10\/Kellner-Granbaita-238x300.jpg 238w\" sizes=\"auto, (max-width: 500px) 100vw, 500px\" \/><\/figure>\n\n\n\n<p><\/p>\n\n\n\n<p><em>Die Neuinterpretation einer Almh\u00fctte in der Kombination mit der Verwendung von Holz und Naturstein pr\u00e4sentiert sich seit 2019 rundum erneuert in voller Pracht und mit einem einzigartigen Design.&nbsp; Seit 1962 widmet sich die Hoteliers Familie Puntscher-Perathoner mit gro\u00dfer Leidenschaft ihren G\u00e4sten. <\/em><\/p>\n\n\n\n<p>Zwischen Innovationen und dem Bewahren der Traditionen ihrer Heimat mit ihrer Kultur, der ladinischen Sprache, und den majest\u00e4tischen Dolomiten, dem Unesco-Weltnaturerbe, versucht die Familie ein Gleichgewicht zu finden. <\/p>\n\n\n\n<figure class=\"wp-block-image size-full\"><img loading=\"lazy\" decoding=\"async\" width=\"1000\" height=\"630\" src=\"https:\/\/www.promistyle.de\/wp-content\/uploads\/2023\/10\/Grandbaita-Pool.jpg\" alt=\"\" class=\"wp-image-7692\" srcset=\"https:\/\/www.promistyle.de\/wp-content\/uploads\/2023\/10\/Grandbaita-Pool.jpg 1000w, https:\/\/www.promistyle.de\/wp-content\/uploads\/2023\/10\/Grandbaita-Pool-300x189.jpg 300w, https:\/\/www.promistyle.de\/wp-content\/uploads\/2023\/10\/Grandbaita-Pool-768x484.jpg 768w\" sizes=\"auto, (max-width: 1000px) 100vw, 1000px\" \/><\/figure>\n\n\n\n<p><\/p>\n\n\n\n<p><strong>Heute bietet das Hotel f\u00fcr seine G\u00e4ste einen einzigartigen Rundum-Service, dazu geh\u00f6ren gef\u00fchrte Touren, exklusive Behandlungen im prestigetr\u00e4chtigen Spa, jede Menge Komfort, und einzigartige Genuss-Momente auf F\u00fcnf-Sterne-Niveau.<\/strong>&nbsp;<\/p>\n\n\n\n<blockquote class=\"wp-block-quote is-layout-flow wp-block-quote-is-layout-flow\">\n<p class=\"has-custom-size\" style=\"font-size:28px\"><em>Herrlich entspannen nach den Bergtouren<\/em><\/p>\n<\/blockquote>\n\n\n\n<p>Das \u201eSavinela Spa\u201c,&nbsp; ein Wellnessbereich mit sieben Saunen, ist eine duftende Oase der Ruhe und Entspannung \u2013 entstanden aus der Philosophie der Gastgeberfamilie Puntscher-Perathoner, die Atmosph\u00e4re des Langentals \u2013 Teil des UNESCO Weltnaturerbe Dolomiten \u2013 widerzuspiegeln. <\/p>\n\n\n\n<figure class=\"wp-block-image size-full\"><img loading=\"lazy\" decoding=\"async\" width=\"1000\" height=\"630\" src=\"https:\/\/www.promistyle.de\/wp-content\/uploads\/2023\/10\/Grandbaita-Sauna.jpg\" alt=\"\" class=\"wp-image-7693\" srcset=\"https:\/\/www.promistyle.de\/wp-content\/uploads\/2023\/10\/Grandbaita-Sauna.jpg 1000w, https:\/\/www.promistyle.de\/wp-content\/uploads\/2023\/10\/Grandbaita-Sauna-300x189.jpg 300w, https:\/\/www.promistyle.de\/wp-content\/uploads\/2023\/10\/Grandbaita-Sauna-768x484.jpg 768w\" sizes=\"auto, (max-width: 1000px) 100vw, 1000px\" \/><\/figure>\n\n\n\n<p><\/p>\n\n\n\n<p><em>Savinela ist der ladinische Name einer Blume, die in der faszinierenden Bergwelt rund um das Hotel Granbaita Dolomites w\u00e4chst. Ein echtes Highlight nach einer Wanderung oder Bike-Tour: Eine Massage, eine ayurvedische oder orientalische Behandlung oder ein anderes Pflege-Ritual nach alpiner Tradition. <\/em><\/p>\n\n\n\n<p>Im Spa werden die gleichnamigen Naturprodukte \u201eSavinela\u201c verwendet. Sie enthalten wohltuende Wirkstoffe aus der Alpenregion, wie Arnika, Bergheu, Bergblumen und Gebirgskr\u00e4uter und sind ein wahres Sch\u00f6nheitselixier. <\/p>\n\n\n\n<figure class=\"wp-block-image size-full\"><img loading=\"lazy\" decoding=\"async\" width=\"1000\" height=\"630\" src=\"https:\/\/www.promistyle.de\/wp-content\/uploads\/2023\/10\/Grandbaita-Hotelzimmer.jpg\" alt=\"\" class=\"wp-image-7695\" srcset=\"https:\/\/www.promistyle.de\/wp-content\/uploads\/2023\/10\/Grandbaita-Hotelzimmer.jpg 1000w, https:\/\/www.promistyle.de\/wp-content\/uploads\/2023\/10\/Grandbaita-Hotelzimmer-300x189.jpg 300w, https:\/\/www.promistyle.de\/wp-content\/uploads\/2023\/10\/Grandbaita-Hotelzimmer-768x484.jpg 768w\" sizes=\"auto, (max-width: 1000px) 100vw, 1000px\" \/><\/figure>\n\n\n\n<p><\/p>\n\n\n\n<p><em>Herrlich entspannen l\u00e4sst es sich auch im 30 Grad warmen Pool. Der Innen- und Au\u00dfenpool sind \u00fcbrigens miteinander verbunden. Schwimmen unter freiem Himmel, umgeben von der Naturkulisse der Dolomiten, was f\u00fcr ein Erlebnis!<\/em><\/p>\n\n\n\n<blockquote class=\"wp-block-quote is-layout-flow wp-block-quote-is-layout-flow\">\n<p class=\"has-custom-size\" style=\"font-size:28px\"><em>Hoteleigene Bergf\u00fchrer!<\/em><\/p>\n<\/blockquote>\n\n\n\n<p>Welche Touren angeboten werden, kann man am Eingang des Hotels sehen. Dort findet man das wechselnde Wochenprogramm auf einer Tafel. T\u00e4glich steht eine Wandertour auf dem Programm mit verschiedenen Schwierigkeitsgraden. Das Hotel verf\u00fcgt \u00fcber ein eigenes Team an lokalen Guides. Sie begleiten die Hotel-G\u00e4ste zum Beispiel in den Naturpark Puez-Geisler. <\/p>\n\n\n\n<figure class=\"wp-block-image size-full\"><img loading=\"lazy\" decoding=\"async\" width=\"500\" height=\"630\" src=\"https:\/\/www.promistyle.de\/wp-content\/uploads\/2023\/10\/Martina-Dolimiten-1.jpg\" alt=\"\" class=\"wp-image-7696\" srcset=\"https:\/\/www.promistyle.de\/wp-content\/uploads\/2023\/10\/Martina-Dolimiten-1.jpg 500w, https:\/\/www.promistyle.de\/wp-content\/uploads\/2023\/10\/Martina-Dolimiten-1-238x300.jpg 238w\" sizes=\"auto, (max-width: 500px) 100vw, 500px\" \/><\/figure>\n\n\n\n<p><\/p>\n\n\n\n<p><em>Auch die Berge Stevia, Chedul, Tschierspitzen, die Sellagruppe, der Lang- und Plattkofel, Gr\u00f6dnerjoch und Sellajoch liegen den Urlaubern zu F\u00fc\u00dfen. Das Hotel bietet neben den gef\u00fchrten Wanderungen auch t\u00e4glich kostenlose E-Mountainbike-Touren an. Mountainbikes der neuesten Generation, Wanderst\u00f6cke und Rucks\u00e4cke k\u00f6nnen kostenlos ausgeliehen werden. <\/em><\/p>\n\n\n\n<p>Das Hotel ist ein idealer Startpunkt f\u00fcr die gro\u00dfe E-Mountainbike-Tour Sella Ronda. Die Bergf\u00fchrer freuen sich, ihren G\u00e4sten die au\u00dfergew\u00f6hnliche Sch\u00f6nheit des S\u00fcdtiroler Herbstes zu zeigen. An sonnigen Herbsttagen verlegt die Expertin f\u00fcr K\u00f6rper, Geist und Seele ihre Yoga-und Pilates-Stunden hinaus in das wundersch\u00f6ne Langental zum Energie tanken an der klaren, frischen Herbstluft.&nbsp;<\/p>\n\n\n\n<blockquote class=\"wp-block-quote is-layout-flow wp-block-quote-is-layout-flow\">\n<p class=\"has-custom-size\" style=\"font-size:28px\"><em>Halbpension \u00e1 la Carte! <\/em><\/p>\n<\/blockquote>\n\n\n\n<p>Der Begriff \u201eHalbpension\u201c wird im Restaurant des Hotes Granbaita Dolomites sehr kreativ gehandhabt. Der Fokus liegt auf flexiblen Wahlm\u00f6glichkeiten und den pers\u00f6nlichen Bed\u00fcrfnissen der G\u00e4ste. <\/p>\n\n\n\n<figure class=\"wp-block-image size-full\"><img loading=\"lazy\" decoding=\"async\" width=\"500\" height=\"630\" src=\"https:\/\/www.promistyle.de\/wp-content\/uploads\/2023\/10\/Martina-Granbaita.jpg\" alt=\"\" class=\"wp-image-7697\" srcset=\"https:\/\/www.promistyle.de\/wp-content\/uploads\/2023\/10\/Martina-Granbaita.jpg 500w, https:\/\/www.promistyle.de\/wp-content\/uploads\/2023\/10\/Martina-Granbaita-238x300.jpg 238w\" sizes=\"auto, (max-width: 500px) 100vw, 500px\" \/><\/figure>\n\n\n\n<p><\/p>\n\n\n\n<p><strong>Das kulinarische Schauspiel hei\u00dft daher Halbpension \u201e\u00e0 la carte.\u201c Man kann sein Abendessen selbst zusammenstellen, es gibt ein t\u00e4glich wechselndes F\u00fcnf-G\u00e4nge-Menu, dazu eine gro\u00dfe Auswahl an alternativen K\u00f6stlichkeiten. Wer kalorienbewusst essen m\u00f6chte, f\u00fcr den steht ein Vital-Men\u00fc mit vier G\u00e4ngen und 500 Kalorien bereit. <\/strong><\/p>\n\n\n\n<p>Aber auch das kann kombiniert werden mit Gerichten aus dem 5-G\u00e4nge Men\u00fc und der umfangreichen Speisekarte. Ein Blick in die Weinkarte l\u00e4sst das Herz eines jeden Weinliebhabers h\u00f6herschlagen. 500 edle Weinsorten lagern im Keller des Hotels.<\/p>\n\n\n\n<blockquote class=\"wp-block-quote is-layout-flow wp-block-quote-is-layout-flow\">\n<p class=\"has-custom-size\" style=\"font-size:28px\"><em>Fine Dining im Gourmet-Restaurant <\/em><\/p>\n<\/blockquote>\n\n\n\n<figure class=\"wp-block-image size-full\"><img loading=\"lazy\" decoding=\"async\" width=\"1000\" height=\"630\" src=\"https:\/\/www.promistyle.de\/wp-content\/uploads\/2023\/10\/Kellner-2.jpg\" alt=\"\" class=\"wp-image-7700\" srcset=\"https:\/\/www.promistyle.de\/wp-content\/uploads\/2023\/10\/Kellner-2.jpg 1000w, https:\/\/www.promistyle.de\/wp-content\/uploads\/2023\/10\/Kellner-2-300x189.jpg 300w, https:\/\/www.promistyle.de\/wp-content\/uploads\/2023\/10\/Kellner-2-768x484.jpg 768w\" sizes=\"auto, (max-width: 1000px) 100vw, 1000px\" \/><\/figure>\n\n\n\n<p><\/p>\n\n\n\n<p>Das Restaurant ist auch f\u00fcr externe Gourmets zug\u00e4nglich und bietet S\u00fcdtiroler Gerichte, mediterrane und internationale K\u00f6stlichkeiten aus den K\u00fcchen aus aller Welt. Es gibt nur sieben Tische im Gourmet-Restaurant, das mit drei Gabeln bei \u201efalstaff\u201c ausgezeichnet wurde. <\/p>\n\n\n\n<p><strong>Seit 2011 leitet Chefkoch Andrea Moccia sein Genuss-Atlier \u201eGranbaita Gourmet\u201c und verw\u00f6hnt seine G\u00e4ste nach allen Regeln der Kunst. Mit seinem Team sorgt er f\u00fcr unvergessliche Stunden. Ein Besuch des Restaurants sollte daher unbedingt eingeplant werden. T\u00e4glich zaubert Andrea Moccia \u201eFine Dining\u201c Men\u00fcs f\u00fcr den \u00e0 la carte Gast. <\/strong><\/p>\n\n\n\n<p><em>Mit Blick auf die Dolomiten serviert Andrea Moccia einzigartige Degustationsmen\u00fcs mit neu interpretierten Gerichten der traditionellen S\u00fcdtiroler K\u00fcche, dazu exklusive Weine und erlesene Getr\u00e4nke. Das Special im Herbst \u201eGranbaita Gourmet Experience\u201c bietet die M\u00f6glichkeit, ohne zus\u00e4tzliche Kosten ein Dinner im Granbaita Gourmet Restaurant zu zelebrieren.<\/em><\/p>\n\n\n\n<blockquote class=\"wp-block-quote is-layout-flow wp-block-quote-is-layout-flow\">\n<p class=\"has-custom-size\" style=\"font-size:28px\"><em>Tipps f\u00fcr Ihre Dolomiten-Reise:<\/em><\/p>\n<\/blockquote>\n\n\n\n<p>Reservierungen: Den besten Preis bekommen Sie, wenn Sie \u00fcber die Hotel-Website reservieren. www.hotelgranbaita.com Bewertungen k\u00f6nnen Sie auf Booking.com lesen.<\/p>\n\n\n\n<p>Weitere Informationen \u00fcber Gr\u00f6den finden Sie auf dieser Seite: <a href=\"http:\/\/www.valgardena.it\/\">www.valgardena.it<\/a>.<\/p>\n\n\n\n<p>Der Bericht wurde unterst\u00fctzt durch das Hotel Granbaita Dolomites.\u00a0<\/p>\n\n\n\n<p><strong>Hotel Granbaita Dolomites<\/strong><br>Str. Nives 11<br>39048 Wolkenstein in Gr\u00f6den<\/p>\n\n\n\n<p>Tel.: +39 (0)471\/795210<br><a href=\"mailto:info@hotelgranbaita.com\"><strong>info@hotelgranbaita.com<\/strong><\/a><br><a href=\"x-webdoc:\/\/A99C0755-9547-4341-BD2F-8C50BF9C197D\/www.hotelgranbaita.com\"><strong>www.hotelgranbaita.com<\/strong><\/a><\/p>\n","protected":false},"excerpt":{"rendered":"<p>Magische Bergwelten, malerische St\u00e4dtchen, hervorragende Restaurants und die altbew\u00e4hrte S\u00fcdtiroler Herzlichkeit: Die Dolomiten und das Tal Gr\u00f6den sind nach wie vor eines der beliebtesten Ziele f\u00fcr Touristen aus aller Welt. Ein wahres Naturparadies mit sanften H\u00e4ngen und imposanten Felsformationen. Zahlreiche Dreitausender bieten eine traumhafte Kulisse f\u00fcr ein unvergessliches Urlaubserlebnis \u2013 und das zu jeder Jahreszeit! [&hellip;]<\/p>\n","protected":false},"author":3,"featured_media":7712,"comment_status":"closed","ping_status":"closed","sticky":false,"template":"","format":"standard","meta":{"_uag_custom_page_level_css":"","footnotes":""},"categories":[140],"tags":[31,49,129],"class_list":["post-7677","post","type-post","status-publish","format-standard","has-post-thumbnail","hentry","category-fernweh","tag-featured","tag-lifestyle","tag-reisen"],"yoast_head":"<!-- This site is optimized with the Yoast SEO plugin v26.6 - https:\/\/yoast.com\/wordpress\/plugins\/seo\/ -->\n<title>Bergparadies Wolkenstein in Gr\u00f6den - promistyle.de<\/title>\n<meta name=\"robots\" content=\"index, follow, max-snippet:-1, max-image-preview:large, max-video-preview:-1\" \/>\n<link rel=\"canonical\" href=\"https:\/\/www.promistyle.de\/?p=7677\" \/>\n<meta property=\"og:locale\" content=\"de_DE\" \/>\n<meta property=\"og:type\" content=\"article\" \/>\n<meta property=\"og:title\" content=\"Bergparadies Wolkenstein in Gr\u00f6den - promistyle.de\" \/>\n<meta property=\"og:description\" content=\"Magische Bergwelten, malerische St\u00e4dtchen, hervorragende Restaurants und die altbew\u00e4hrte S\u00fcdtiroler Herzlichkeit: Die Dolomiten und das Tal Gr\u00f6den sind nach wie vor eines der beliebtesten Ziele f\u00fcr Touristen aus aller Welt. Ein wahres Naturparadies mit sanften H\u00e4ngen und imposanten Felsformationen. Zahlreiche Dreitausender bieten eine traumhafte Kulisse f\u00fcr ein unvergessliches Urlaubserlebnis \u2013 und das zu jeder Jahreszeit! [&hellip;]\" \/>\n<meta property=\"og:url\" content=\"https:\/\/www.promistyle.de\/?p=7677\" \/>\n<meta property=\"og:site_name\" content=\"promistyle.de\" \/>\n<meta property=\"article:publisher\" content=\"https:\/\/www.facebook.com\/PromiStyle.de\" \/>\n<meta property=\"article:published_time\" content=\"2023-10-11T12:50:14+00:00\" \/>\n<meta property=\"article:modified_time\" content=\"2023-10-17T12:25:16+00:00\" \/>\n<meta property=\"og:image\" content=\"https:\/\/www.promistyle.de\/wp-content\/uploads\/2023\/10\/Burning-Dolomites-1.jpg\" \/>\n\t<meta property=\"og:image:width\" content=\"1000\" \/>\n\t<meta property=\"og:image:height\" content=\"630\" \/>\n\t<meta property=\"og:image:type\" content=\"image\/jpeg\" \/>\n<meta name=\"author\" content=\"Martina\" \/>\n<meta name=\"twitter:card\" content=\"summary_large_image\" \/>\n<meta name=\"twitter:creator\" content=\"@PromiStyle\" \/>\n<meta name=\"twitter:site\" content=\"@PromiStyle\" \/>\n<meta name=\"twitter:label1\" content=\"Verfasst von\" \/>\n\t<meta name=\"twitter:data1\" content=\"Martina\" \/>\n\t<meta name=\"twitter:label2\" content=\"Gesch\u00e4tzte Lesezeit\" \/>\n\t<meta name=\"twitter:data2\" content=\"8\u00a0Minuten\" \/>\n<script type=\"application\/ld+json\" class=\"yoast-schema-graph\">{\"@context\":\"https:\/\/schema.org\",\"@graph\":[{\"@type\":\"Article\",\"@id\":\"https:\/\/www.promistyle.de\/?p=7677#article\",\"isPartOf\":{\"@id\":\"https:\/\/www.promistyle.de\/?p=7677\"},\"author\":{\"name\":\"Martina\",\"@id\":\"https:\/\/www.promistyle.de\/#\/schema\/person\/a26f206b2775c3f8843ee11a1ccceef4\"},\"headline\":\"Bergparadies Wolkenstein in Gr\u00f6den\",\"datePublished\":\"2023-10-11T12:50:14+00:00\",\"dateModified\":\"2023-10-17T12:25:16+00:00\",\"mainEntityOfPage\":{\"@id\":\"https:\/\/www.promistyle.de\/?p=7677\"},\"wordCount\":1149,\"publisher\":{\"@id\":\"https:\/\/www.promistyle.de\/#organization\"},\"image\":{\"@id\":\"https:\/\/www.promistyle.de\/?p=7677#primaryimage\"},\"thumbnailUrl\":\"https:\/\/www.promistyle.de\/wp-content\/uploads\/2023\/10\/Burning-Dolomites-1.jpg\",\"keywords\":[\"Featured\",\"Lifestyle\",\"Reisen\"],\"articleSection\":[\"Fernweh\"],\"inLanguage\":\"de\"},{\"@type\":\"WebPage\",\"@id\":\"https:\/\/www.promistyle.de\/?p=7677\",\"url\":\"https:\/\/www.promistyle.de\/?p=7677\",\"name\":\"Bergparadies Wolkenstein in Gr\u00f6den - promistyle.de\",\"isPartOf\":{\"@id\":\"https:\/\/www.promistyle.de\/#website\"},\"primaryImageOfPage\":{\"@id\":\"https:\/\/www.promistyle.de\/?p=7677#primaryimage\"},\"image\":{\"@id\":\"https:\/\/www.promistyle.de\/?p=7677#primaryimage\"},\"thumbnailUrl\":\"https:\/\/www.promistyle.de\/wp-content\/uploads\/2023\/10\/Burning-Dolomites-1.jpg\",\"datePublished\":\"2023-10-11T12:50:14+00:00\",\"dateModified\":\"2023-10-17T12:25:16+00:00\",\"breadcrumb\":{\"@id\":\"https:\/\/www.promistyle.de\/?p=7677#breadcrumb\"},\"inLanguage\":\"de\",\"potentialAction\":[{\"@type\":\"ReadAction\",\"target\":[\"https:\/\/www.promistyle.de\/?p=7677\"]}]},{\"@type\":\"ImageObject\",\"inLanguage\":\"de\",\"@id\":\"https:\/\/www.promistyle.de\/?p=7677#primaryimage\",\"url\":\"https:\/\/www.promistyle.de\/wp-content\/uploads\/2023\/10\/Burning-Dolomites-1.jpg\",\"contentUrl\":\"https:\/\/www.promistyle.de\/wp-content\/uploads\/2023\/10\/Burning-Dolomites-1.jpg\",\"width\":1000,\"height\":630},{\"@type\":\"BreadcrumbList\",\"@id\":\"https:\/\/www.promistyle.de\/?p=7677#breadcrumb\",\"itemListElement\":[{\"@type\":\"ListItem\",\"position\":1,\"name\":\"Startseite\",\"item\":\"https:\/\/www.promistyle.de\/\"},{\"@type\":\"ListItem\",\"position\":2,\"name\":\"Bergparadies Wolkenstein in Gr\u00f6den\"}]},{\"@type\":\"WebSite\",\"@id\":\"https:\/\/www.promistyle.de\/#website\",\"url\":\"https:\/\/www.promistyle.de\/\",\"name\":\"PromiStyle\",\"description\":\"Good Vibes Only\",\"publisher\":{\"@id\":\"https:\/\/www.promistyle.de\/#organization\"},\"potentialAction\":[{\"@type\":\"SearchAction\",\"target\":{\"@type\":\"EntryPoint\",\"urlTemplate\":\"https:\/\/www.promistyle.de\/?s={search_term_string}\"},\"query-input\":{\"@type\":\"PropertyValueSpecification\",\"valueRequired\":true,\"valueName\":\"search_term_string\"}}],\"inLanguage\":\"de\"},{\"@type\":\"Organization\",\"@id\":\"https:\/\/www.promistyle.de\/#organization\",\"name\":\"PromiStyle\",\"url\":\"https:\/\/www.promistyle.de\/\",\"logo\":{\"@type\":\"ImageObject\",\"inLanguage\":\"de\",\"@id\":\"https:\/\/www.promistyle.de\/#\/schema\/logo\/image\/\",\"url\":\"https:\/\/www.promistyle.de\/wp-content\/uploads\/2021\/03\/cropped-Logo-Style-09-04-20-1.png\",\"contentUrl\":\"https:\/\/www.promistyle.de\/wp-content\/uploads\/2021\/03\/cropped-Logo-Style-09-04-20-1.png\",\"width\":512,\"height\":512,\"caption\":\"PromiStyle\"},\"image\":{\"@id\":\"https:\/\/www.promistyle.de\/#\/schema\/logo\/image\/\"},\"sameAs\":[\"https:\/\/www.facebook.com\/PromiStyle.de\",\"https:\/\/x.com\/PromiStyle\",\"https:\/\/www.instagram.com\/promistyle\"]},{\"@type\":\"Person\",\"@id\":\"https:\/\/www.promistyle.de\/#\/schema\/person\/a26f206b2775c3f8843ee11a1ccceef4\",\"name\":\"Martina\",\"image\":{\"@type\":\"ImageObject\",\"inLanguage\":\"de\",\"@id\":\"https:\/\/www.promistyle.de\/#\/schema\/person\/image\/\",\"url\":\"https:\/\/secure.gravatar.com\/avatar\/5abc76ab171bdac7e3d72ecafc563dbaf6e46a61d443786812841b418e1c4a41?s=96&d=blank&r=g\",\"contentUrl\":\"https:\/\/secure.gravatar.com\/avatar\/5abc76ab171bdac7e3d72ecafc563dbaf6e46a61d443786812841b418e1c4a41?s=96&d=blank&r=g\",\"caption\":\"Martina\"},\"url\":\"https:\/\/www.promistyle.de\/?author=3\"}]}<\/script>\n<!-- \/ Yoast SEO plugin. -->","yoast_head_json":{"title":"Bergparadies Wolkenstein in Gr\u00f6den - promistyle.de","robots":{"index":"index","follow":"follow","max-snippet":"max-snippet:-1","max-image-preview":"max-image-preview:large","max-video-preview":"max-video-preview:-1"},"canonical":"https:\/\/www.promistyle.de\/?p=7677","og_locale":"de_DE","og_type":"article","og_title":"Bergparadies Wolkenstein in Gr\u00f6den - promistyle.de","og_description":"Magische Bergwelten, malerische St\u00e4dtchen, hervorragende Restaurants und die altbew\u00e4hrte S\u00fcdtiroler Herzlichkeit: Die Dolomiten und das Tal Gr\u00f6den sind nach wie vor eines der beliebtesten Ziele f\u00fcr Touristen aus aller Welt. Ein wahres Naturparadies mit sanften H\u00e4ngen und imposanten Felsformationen. Zahlreiche Dreitausender bieten eine traumhafte Kulisse f\u00fcr ein unvergessliches Urlaubserlebnis \u2013 und das zu jeder Jahreszeit! [&hellip;]","og_url":"https:\/\/www.promistyle.de\/?p=7677","og_site_name":"promistyle.de","article_publisher":"https:\/\/www.facebook.com\/PromiStyle.de","article_published_time":"2023-10-11T12:50:14+00:00","article_modified_time":"2023-10-17T12:25:16+00:00","og_image":[{"width":1000,"height":630,"url":"https:\/\/www.promistyle.de\/wp-content\/uploads\/2023\/10\/Burning-Dolomites-1.jpg","type":"image\/jpeg"}],"author":"Martina","twitter_card":"summary_large_image","twitter_creator":"@PromiStyle","twitter_site":"@PromiStyle","twitter_misc":{"Verfasst von":"Martina","Gesch\u00e4tzte Lesezeit":"8\u00a0Minuten"},"schema":{"@context":"https:\/\/schema.org","@graph":[{"@type":"Article","@id":"https:\/\/www.promistyle.de\/?p=7677#article","isPartOf":{"@id":"https:\/\/www.promistyle.de\/?p=7677"},"author":{"name":"Martina","@id":"https:\/\/www.promistyle.de\/#\/schema\/person\/a26f206b2775c3f8843ee11a1ccceef4"},"headline":"Bergparadies Wolkenstein in Gr\u00f6den","datePublished":"2023-10-11T12:50:14+00:00","dateModified":"2023-10-17T12:25:16+00:00","mainEntityOfPage":{"@id":"https:\/\/www.promistyle.de\/?p=7677"},"wordCount":1149,"publisher":{"@id":"https:\/\/www.promistyle.de\/#organization"},"image":{"@id":"https:\/\/www.promistyle.de\/?p=7677#primaryimage"},"thumbnailUrl":"https:\/\/www.promistyle.de\/wp-content\/uploads\/2023\/10\/Burning-Dolomites-1.jpg","keywords":["Featured","Lifestyle","Reisen"],"articleSection":["Fernweh"],"inLanguage":"de"},{"@type":"WebPage","@id":"https:\/\/www.promistyle.de\/?p=7677","url":"https:\/\/www.promistyle.de\/?p=7677","name":"Bergparadies Wolkenstein in Gr\u00f6den - promistyle.de","isPartOf":{"@id":"https:\/\/www.promistyle.de\/#website"},"primaryImageOfPage":{"@id":"https:\/\/www.promistyle.de\/?p=7677#primaryimage"},"image":{"@id":"https:\/\/www.promistyle.de\/?p=7677#primaryimage"},"thumbnailUrl":"https:\/\/www.promistyle.de\/wp-content\/uploads\/2023\/10\/Burning-Dolomites-1.jpg","datePublished":"2023-10-11T12:50:14+00:00","dateModified":"2023-10-17T12:25:16+00:00","breadcrumb":{"@id":"https:\/\/www.promistyle.de\/?p=7677#breadcrumb"},"inLanguage":"de","potentialAction":[{"@type":"ReadAction","target":["https:\/\/www.promistyle.de\/?p=7677"]}]},{"@type":"ImageObject","inLanguage":"de","@id":"https:\/\/www.promistyle.de\/?p=7677#primaryimage","url":"https:\/\/www.promistyle.de\/wp-content\/uploads\/2023\/10\/Burning-Dolomites-1.jpg","contentUrl":"https:\/\/www.promistyle.de\/wp-content\/uploads\/2023\/10\/Burning-Dolomites-1.jpg","width":1000,"height":630},{"@type":"BreadcrumbList","@id":"https:\/\/www.promistyle.de\/?p=7677#breadcrumb","itemListElement":[{"@type":"ListItem","position":1,"name":"Startseite","item":"https:\/\/www.promistyle.de\/"},{"@type":"ListItem","position":2,"name":"Bergparadies Wolkenstein in Gr\u00f6den"}]},{"@type":"WebSite","@id":"https:\/\/www.promistyle.de\/#website","url":"https:\/\/www.promistyle.de\/","name":"PromiStyle","description":"Good Vibes Only","publisher":{"@id":"https:\/\/www.promistyle.de\/#organization"},"potentialAction":[{"@type":"SearchAction","target":{"@type":"EntryPoint","urlTemplate":"https:\/\/www.promistyle.de\/?s={search_term_string}"},"query-input":{"@type":"PropertyValueSpecification","valueRequired":true,"valueName":"search_term_string"}}],"inLanguage":"de"},{"@type":"Organization","@id":"https:\/\/www.promistyle.de\/#organization","name":"PromiStyle","url":"https:\/\/www.promistyle.de\/","logo":{"@type":"ImageObject","inLanguage":"de","@id":"https:\/\/www.promistyle.de\/#\/schema\/logo\/image\/","url":"https:\/\/www.promistyle.de\/wp-content\/uploads\/2021\/03\/cropped-Logo-Style-09-04-20-1.png","contentUrl":"https:\/\/www.promistyle.de\/wp-content\/uploads\/2021\/03\/cropped-Logo-Style-09-04-20-1.png","width":512,"height":512,"caption":"PromiStyle"},"image":{"@id":"https:\/\/www.promistyle.de\/#\/schema\/logo\/image\/"},"sameAs":["https:\/\/www.facebook.com\/PromiStyle.de","https:\/\/x.com\/PromiStyle","https:\/\/www.instagram.com\/promistyle"]},{"@type":"Person","@id":"https:\/\/www.promistyle.de\/#\/schema\/person\/a26f206b2775c3f8843ee11a1ccceef4","name":"Martina","image":{"@type":"ImageObject","inLanguage":"de","@id":"https:\/\/www.promistyle.de\/#\/schema\/person\/image\/","url":"https:\/\/secure.gravatar.com\/avatar\/5abc76ab171bdac7e3d72ecafc563dbaf6e46a61d443786812841b418e1c4a41?s=96&d=blank&r=g","contentUrl":"https:\/\/secure.gravatar.com\/avatar\/5abc76ab171bdac7e3d72ecafc563dbaf6e46a61d443786812841b418e1c4a41?s=96&d=blank&r=g","caption":"Martina"},"url":"https:\/\/www.promistyle.de\/?author=3"}]}},"uagb_featured_image_src":{"full":["https:\/\/www.promistyle.de\/wp-content\/uploads\/2023\/10\/Burning-Dolomites-1.jpg",1000,630,false],"thumbnail":["https:\/\/www.promistyle.de\/wp-content\/uploads\/2023\/10\/Burning-Dolomites-1-150x150.jpg",150,150,true],"medium":["https:\/\/www.promistyle.de\/wp-content\/uploads\/2023\/10\/Burning-Dolomites-1-300x189.jpg",300,189,true],"medium_large":["https:\/\/www.promistyle.de\/wp-content\/uploads\/2023\/10\/Burning-Dolomites-1-768x484.jpg",768,484,true],"large":["https:\/\/www.promistyle.de\/wp-content\/uploads\/2023\/10\/Burning-Dolomites-1.jpg",1000,630,false],"gs-tiny":["https:\/\/www.promistyle.de\/wp-content\/uploads\/2023\/10\/Burning-Dolomites-1.jpg",50,32,false],"xl":["https:\/\/www.promistyle.de\/wp-content\/uploads\/2023\/10\/Burning-Dolomites-1.jpg",1000,630,false],"xxl":["https:\/\/www.promistyle.de\/wp-content\/uploads\/2023\/10\/Burning-Dolomites-1.jpg",1000,630,false],"xxxl":["https:\/\/www.promistyle.de\/wp-content\/uploads\/2023\/10\/Burning-Dolomites-1.jpg",1000,630,false],"xxxxl":["https:\/\/www.promistyle.de\/wp-content\/uploads\/2023\/10\/Burning-Dolomites-1.jpg",1000,630,false],"xxxxxl":["https:\/\/www.promistyle.de\/wp-content\/uploads\/2023\/10\/Burning-Dolomites-1.jpg",1000,630,false],"1536x1536":["https:\/\/www.promistyle.de\/wp-content\/uploads\/2023\/10\/Burning-Dolomites-1.jpg",1000,630,false],"2048x2048":["https:\/\/www.promistyle.de\/wp-content\/uploads\/2023\/10\/Burning-Dolomites-1.jpg",1000,630,false],"post-thumbnail":["https:\/\/www.promistyle.de\/wp-content\/uploads\/2023\/10\/Burning-Dolomites-1-1000x600.jpg",1000,600,true],"mvp-post-thumb":["https:\/\/www.promistyle.de\/wp-content\/uploads\/2023\/10\/Burning-Dolomites-1-1000x600.jpg",1000,600,true],"mvp-mid-thumb":["https:\/\/www.promistyle.de\/wp-content\/uploads\/2023\/10\/Burning-Dolomites-1-400x240.jpg",400,240,true],"mvp-small-thumb":["https:\/\/www.promistyle.de\/wp-content\/uploads\/2023\/10\/Burning-Dolomites-1-100x100.jpg",100,100,true]},"uagb_author_info":{"display_name":"Martina","author_link":"https:\/\/www.promistyle.de\/?author=3"},"uagb_comment_info":0,"uagb_excerpt":"Magische Bergwelten, malerische St\u00e4dtchen, hervorragende Restaurants und die altbew\u00e4hrte S\u00fcdtiroler Herzlichkeit: Die Dolomiten und das Tal Gr\u00f6den sind nach wie vor eines der beliebtesten Ziele f\u00fcr Touristen aus aller Welt. Ein wahres Naturparadies mit sanften H\u00e4ngen und imposanten Felsformationen. Zahlreiche Dreitausender bieten eine traumhafte Kulisse f\u00fcr ein unvergessliches Urlaubserlebnis \u2013 und das zu jeder Jahreszeit!&hellip;","_links":{"self":[{"href":"https:\/\/www.promistyle.de\/index.php?rest_route=\/wp\/v2\/posts\/7677","targetHints":{"allow":["GET"]}}],"collection":[{"href":"https:\/\/www.promistyle.de\/index.php?rest_route=\/wp\/v2\/posts"}],"about":[{"href":"https:\/\/www.promistyle.de\/index.php?rest_route=\/wp\/v2\/types\/post"}],"author":[{"embeddable":true,"href":"https:\/\/www.promistyle.de\/index.php?rest_route=\/wp\/v2\/users\/3"}],"replies":[{"embeddable":true,"href":"https:\/\/www.promistyle.de\/index.php?rest_route=%2Fwp%2Fv2%2Fcomments&post=7677"}],"version-history":[{"count":25,"href":"https:\/\/www.promistyle.de\/index.php?rest_route=\/wp\/v2\/posts\/7677\/revisions"}],"predecessor-version":[{"id":7722,"href":"https:\/\/www.promistyle.de\/index.php?rest_route=\/wp\/v2\/posts\/7677\/revisions\/7722"}],"wp:featuredmedia":[{"embeddable":true,"href":"https:\/\/www.promistyle.de\/index.php?rest_route=\/wp\/v2\/media\/7712"}],"wp:attachment":[{"href":"https:\/\/www.promistyle.de\/index.php?rest_route=%2Fwp%2Fv2%2Fmedia&parent=7677"}],"wp:term":[{"taxonomy":"category","embeddable":true,"href":"https:\/\/www.promistyle.de\/index.php?rest_route=%2Fwp%2Fv2%2Fcategories&post=7677"},{"taxonomy":"post_tag","embeddable":true,"href":"https:\/\/www.promistyle.de\/index.php?rest_route=%2Fwp%2Fv2%2Ftags&post=7677"}],"curies":[{"name":"wp","href":"https:\/\/api.w.org\/{rel}","templated":true}]}}