{"id":5459,"date":"2021-06-07T13:28:57","date_gmt":"2021-06-07T11:28:57","guid":{"rendered":"https:\/\/www.promistyle.de\/?p=5459"},"modified":"2021-06-14T12:22:45","modified_gmt":"2021-06-14T10:22:45","slug":"tv-kommissarin-aybi-era-notruf-hafenkante-eine-echte-kampfsport-meisterin","status":"publish","type":"post","link":"https:\/\/www.promistyle.de\/?p=5459","title":{"rendered":"TV-Kommissarin Aybi Era (`Notruf Hafenkante\u00b4) &#8211; eine echte Kampfsport-Meisterin!"},"content":{"rendered":"\n<p>Sie ist forsch, kann super k\u00e4mpfen und lehrt Hamburgs Verbrecher das F\u00fcrchten: <strong>Aybi Era ist die resolute Kommissarin im Team von `Notruf Hafenkante\u00b4!<\/strong> Die Berlinerin ist \u00fcbergl\u00fccklich \u00fcber ihre Rolle im ZDF-Dauerbrenner. Im Interview spricht die junge Schauspielerin \u00fcber ihre Rolle, ihre Familie und dar\u00fcber, was ihr richtig Angst macht&#8230;<\/p>\n\n\n\n<blockquote class=\"wp-block-quote is-style-large is-layout-flow wp-block-quote-is-layout-flow\" id=\"h-frau-era-wie-f-hlen-sie-sich-als-mitglied-von-notruf-hafenkante\"><p><em><strong>Frau Era, wie f\u00fchlen Sie sich als Mitglied von `Notruf Hafenkante\u00b4?<\/strong><\/em><\/p><\/blockquote>\n\n\n\n<p>Ich bin so herzlich empfangen worden und ich verstehe mich wunderbar mit Marc Barthel. Wir haben den gleichen Humor und waren sofort auf einer Wellenl\u00e4nge. Ich finde das Team von `Notruf Hafenkante\u00b4 arbeitet hochprofessionell.<\/p>\n\n\n\n<blockquote class=\"wp-block-quote is-style-large is-layout-flow wp-block-quote-is-layout-flow\"><p><strong>Sie wirken sehr trainiert in der Rolle, klettern l\u00e4ssig den Balkon hoch. Was tun Sie, um so fit zu sein?<\/strong><\/p><\/blockquote>\n\n\n\n<p>Ich mache sehr viel Sport. W\u00e4hrend des Drehs bin ich zwar nicht so sehr dazu gekommen, aber ansonsten geh\u00f6rt <a href=\"https:\/\/whkd.de\/\" target=\"_blank\" rel=\"noreferrer noopener\">Kampfsport<\/a> schon zu meinem Trainingsprogramm. <strong>Ich mache `Brazilian Jiu-Jitsu\u00b4, und zwar dreimal die Woche.<\/strong> Ich will damit aber aufh\u00f6ren und jetzt Karate lernen. Das macht Pinar n\u00e4mlich in der Serie, deshalb m\u00f6chte ich das auch k\u00f6nnen.<\/p>\n\n\n\n<p><a href=\"https:\/\/www.awin1.com\/cread.php?s=2712654&amp;v=10076&amp;q=362946&amp;r=829417\"><\/a><\/p>\n\n\n\n<div class=\"wp-block-kioken-rowlayout alignnone bust-out-none\"><div id=\"kt-layout-id_50e9ec-a8\" class=\"kio-row-layout-inner kt-row-has-bg kt-layout-id_50e9ec-a8\" style=\"background-color:#efefef\"><div class=\"kt-row-column-wrap kt-has-2-columns kt-gutter-default kt-row-valign-top kio-row-layout-equal kt-tab-layout-inherit kt-m-colapse-left-to-right kt-mobile-layout-row\">\n<div class=\"wp-block-kioken-column inner-column-1 kioken-column_781f49-f3\"><div class=\"kt-inside-inner-col\" style=\"background-blend-mode:normal\"><div>\n<p class=\"has-text-align-right has-cyan-bluish-gray-color has-text-color has-custom-font mb-0 mt-0\" style=\"font-size:10px;font-family:Arial\">WERBUNG<\/p>\n\n\n\n<!-- Das ist ein Banner wenn das Bild darin die volle Breite haben soll.\nBei dem (a) target=\"_blank\" und bei dem (img) width=\"100%\" -->\n\n\n\n<!-- START ADVERTISER: Douglas Parf\u00fcmerie DE from awin.com -->\n\n<a href=\"https:\/\/www.awin1.com\/cread.php?s=2383256&amp;v=10076&amp;q=362944&amp;r=829417\" target=\"_blank\" rel=\"noopener\">\n    <img decoding=\"async\" src=\"https:\/\/www.awin1.com\/cshow.php?s=2383256&amp;v=10076&amp;q=362944&amp;r=829417\" width=\"100%\" border=\"0\">\n<\/a>\n\n<!-- END ADVERTISER: Douglas Parf\u00fcmerie DE from awin.com -->\n<\/div><\/div><\/div>\n<\/div><\/div><\/div>\n\n\n\n<blockquote class=\"wp-block-quote is-style-large is-layout-flow wp-block-quote-is-layout-flow\"><p><strong>In Ihrer Rolle als Kommissarin werden Sie in einer Szene von einem Mann angegriffen, der sagt, er w\u00fcrde sich von einer Frau nichts sagen lassen. Haben Sie solche Situationen selbst schon erlebt?<\/strong><\/p><\/blockquote>\n\n\n\n<p>Ja, und zwar nicht nur einmal. Es ist dann so, dass ich innerlich wirklich ausraste, fast wie ein Vulkan explodiere. Aber \u00e4u\u00dferlich versuche ich ganz ruhig zu bleiben.<strong> Ich habe zu einem Mann einmal klipp und klar gesagt, dass wir verschiedene Ansichten haben, aber dass es der Umgang miteinander ist, um den es geht. <\/strong>Und dass er einer Frau gegen\u00fcber genauso viel Respekt haben sollte wie einem Mann gegen\u00fcber. Das ist leider nicht allen M\u00e4nnern zu vermitteln und daher ein sehr schwieriges Thema.<\/p>\n\n\n\n<blockquote class=\"wp-block-quote is-style-large is-layout-flow wp-block-quote-is-layout-flow\"><p><strong>Haben Sie zur Vorbereitung die Hamburger Polizei begleitet bei Eins\u00e4tzen?<\/strong><\/p><\/blockquote>\n\n\n\n<p>Ja, wir hatten eine gute Vorbereitung. Wir haben von einem Polizisten Schie\u00dftraining bekommen und er hat uns auch gezeigt, wie man als Polizist auftreten muss. <strong>Wir waren dann mit dabei im Streifenwagen unterwegs und das hat mir sehr viel gebracht f\u00fcr die Rolle.<\/strong> Das reale Leben, Eins\u00e4tze zu sehen, die drau\u00dfen tagt\u00e4glich so passieren, war total aufregend.<\/p>\n\n\n\n<div class=\"wp-block-group has-background\" style=\"background-color:#efefef\"><div class=\"wp-block-group__inner-container is-layout-flow wp-block-group-is-layout-flow\">\n<div class=\"wp-block-group has-background has-animator custom-topmargin custom-bottommargin ext-max-width ext-maxw-align-center\" style=\"background-color:#efefef;max-width:923px;margin-top:-6px;margin-bottom:-6px\" data-anim-from=\"vertical\" data-anim-duration=\"1\" data-anim-distance=\"50\" data-anim-scale-x=\"1\" data-anim-scale-y=\"1\" data-anim-easing=\"easeInOut\" data-anim-effect=\"Cubic\"><div class=\"wp-block-group__inner-container is-layout-flow wp-block-group-is-layout-flow\">\n<p class=\"has-text-align-right has-cyan-bluish-gray-color has-text-color custom-bottommargin ext-max-width\" style=\"font-size:11px;max-width:730px;margin-bottom:6px\">Anzeige &#8211; thalia.de<\/p>\n<\/div><\/div>\n\n\n\n<div class=\"wp-block-group\"><div class=\"wp-block-group__inner-container is-layout-flow wp-block-group-is-layout-flow\">\n<div class=\"wp-block-columns are-vertically-aligned-top is-layout-flex wp-container-core-columns-is-layout-9d6595d7 wp-block-columns-is-layout-flex\">\n<div class=\"wp-block-column is-vertically-aligned-top is-layout-flow wp-block-column-is-layout-flow\" style=\"flex-basis:50%\">\n<!-- START ADVERTISER: Breuninger DACH from awin.com -->\n\n<a href=\"https:\/\/www.awin1.com\/cread.php?s=2730236&amp;v=11590&amp;q=341222&amp;r=829417\">\n    <img decoding=\"async\" src=\"https:\/\/www.awin1.com\/cshow.php?s=2730236&amp;v=11590&amp;q=341222&amp;r=829417\" border=\"0\">\n<\/a>\n\n<!-- END ADVERTISER: Breuninger DACH from awin.com -->\n<\/div>\n\n\n\n<div class=\"wp-block-column is-vertically-aligned-top uag-hide-mob is-layout-flow wp-block-column-is-layout-flow\" style=\"flex-basis:50%\">\n<!-- START ADVERTISER: Breuninger DACH from awin.com -->\n\n<a href=\"https:\/\/www.awin1.com\/cread.php?s=2196671&amp;v=11590&amp;q=341221&amp;r=829417\">\n    <img decoding=\"async\" src=\"https:\/\/www.awin1.com\/cshow.php?s=2196671&amp;v=11590&amp;q=341221&amp;r=829417\" border=\"0\">\n<\/a>\n\n<!-- END ADVERTISER: Breuninger DACH from awin.com -->\n<\/div>\n<\/div>\n<\/div><\/div>\n<\/div><\/div>\n\n\n\n<blockquote class=\"wp-block-quote is-style-large is-layout-flow wp-block-quote-is-layout-flow\"><p><strong>K\u00f6nnten Sie sich vorstellen, selbst als Polizistin zu arbeiten?<\/strong><\/p><\/blockquote>\n\n\n\n<p>Ja, das k\u00f6nnte ich mir vorstellen. Das ist ein toller Beruf und ich bin ein Mensch, der einen ausgepr\u00e4gten Gerechtigkeitssinn hat. <strong>Ich habe gro\u00dfe mentale und emotionale St\u00e4rke.<\/strong> <strong>Andererseits bin ich auch sensibel, das w\u00e4re vermutlich das Problem.<\/strong> Aber ich w\u00fcrde mich trotzdem in die unkomfortable Zone begeben, weil ich eben f\u00fcr Recht und Gerechtigkeit stehe.<\/p>\n\n\n\n<blockquote class=\"wp-block-quote is-style-large is-layout-flow wp-block-quote-is-layout-flow\"><p><strong>Haben Sie mit den Polizisten auf Streife einen Einsatz erlebt, der Ihnen besonders im Ged\u00e4chtnis geblieben ist?<\/strong><\/p><\/blockquote>\n\n\n\n<p>Davon gab es einige. Aber wir sind zum Beispiel zu einer Wohnung gerufen worden, wo man eine Frau schreien h\u00f6rte. Wir standen also vor der T\u00fcr und wussten nicht, was dahinter gerade geschieht. <strong>Ob da jemand vielleicht mit einer Schusswaffe oder mit einem Messer steht. Ich habe registriert, dass die Kollegen von der Polizei extrem angespannt waren in dieser Situation.<\/strong> Der Polizist sagte zu mir: `Aybi, ab jetzt ist der Moment, wo wir auf alles vorbereitet sein m\u00fcssen.\u00b4 Das war schon ziemlich heftig.<\/p>\n\n\n\n<blockquote class=\"wp-block-quote is-style-large is-layout-flow wp-block-quote-is-layout-flow\"><p><strong>Was ist dann passiert?<\/strong><\/p><\/blockquote>\n\n\n\n<p>Es stellte sich heraus, dass es ein sehr emotionaler Streit war zwischen einem Paar. <strong>Die Frau hatte Angst bekommen, aber es waren keine Waffen im Spiel und die Kollegen konnten den Streit dann schlichten.<\/strong> Auf jeden Fall hat mir der Streifendienst einen wirklich tollen Einblick gegeben in den harten Polizei-Alltag. <a href=\"https:\/\/www.promistyle.de\/ronja-forcher-meinen-erfolg-verdanke-ich-meinen-fans\/\">Respekt vor dem Einsatz<\/a>, den die Kollegen tagt\u00e4glich f\u00fcr uns leisten!<\/p>\n\n\n\n<div class=\"wp-block-group has-background custom-bottommargin\" style=\"background-color:#efefef;margin-bottom:45px\"><div class=\"wp-block-group__inner-container is-layout-flow wp-block-group-is-layout-flow\">\n<div class=\"wp-block-group has-background custom-topmargin custom-bottommargin ext-max-width ext-maxw-align-center\" style=\"background-color:#efefef;max-width:923px;margin-top:-6px;margin-bottom:-6px\"><div class=\"wp-block-group__inner-container is-layout-flow wp-block-group-is-layout-flow\">\n<p class=\"has-text-align-right has-cyan-bluish-gray-color has-text-color custom-bottommargin ext-max-width\" style=\"font-size:11px;max-width:730px;margin-bottom:6px\">Anzeige &#8211; krueger-dirndl.de<\/p>\n<\/div><\/div>\n\n\n\n<!-- START ADVERTISER: Kr\u00fcger Dirndl DE from awin.com -->\n\n<a href=\"https:\/\/www.awin1.com\/cread.php?s=2837346&amp;v=13818&amp;q=360731&amp;r=829417\" target=\"_blank\" rel=\"noopener\">\n    <img decoding=\"async\" id=\"image\" style=\"width: 100%;\" src=\"https:\/\/www.awin1.com\/cshow.php?s=2837346&amp;v=13818&amp;q=360731&amp;r=829417\" border=\"0\">\n<\/a>\n\n<!-- END ADVERTISER: Kr\u00fcger Dirndl DE from awin.com -->\n\n\n\n<div class=\"wp-block-group is-layout-flow wp-block-group-is-layout-flow\"><div class=\"wp-block-group__inner-container\"><\/div><\/div>\n\n\n\n<p class=\"custom-topmargin\" style=\"margin-top:-35px\"><\/p>\n<\/div><\/div>\n\n\n\n<blockquote class=\"wp-block-quote is-style-large is-layout-flow wp-block-quote-is-layout-flow\"><p><strong>Manche Frauen h\u00f6ren ab 30 irgendwann die Baby-Uhr ticken? Ist das bei Ihnen auch so?<\/strong><\/p><\/blockquote>\n\n\n\n<p>Meine Baby-Uhr tickt noch kein bisschen. Wenn es soweit ist, dann wird ein Kind zu mir kommen. Ich bin davon \u00fcberzeugt, dass sich Kinder ihre Eltern aussuchen.<strong> Und dann ist das auch der richtige Zeitpunkt. Den kann man n\u00e4mlich sowieso nicht planen.<\/strong> Ich habe auch ein gewisses Ur-Vertrauen ans Universum und wei\u00df genau, dass ich eines Tages Mutter sein werde. Ich w\u00fcnsche mir auf jeden Fall eine Familie und Kinder.<\/p>\n\n\n\n<blockquote class=\"wp-block-quote is-style-large is-layout-flow wp-block-quote-is-layout-flow\"><p><strong>Haben Sie schon den perfekten Vater dazu gefunden?<\/strong><\/p><\/blockquote>\n\n\n\n<p>Ja, den habe ich. Mein Freund ist auch ein Familienmensch, liebt Kinder.&nbsp; Wir sind jetzt zusammengezogen. Aber mit Kindern warten wir noch. Wie ich schon sagte: Alles zu seiner Zeit&#8230;<\/p>\n\n\n\n<blockquote class=\"wp-block-quote is-style-large is-layout-flow wp-block-quote-is-layout-flow\"><p><strong>Wer Sie als Freundin hat, kann sich extrem gl\u00fccklich sch\u00e4tzen&#8230;<\/strong><\/p><\/blockquote>\n\n\n\n<p>Ja, f\u00fcr meine Freunde bin ich zu 100 Prozent da. Ich bin ein sehr intensiver Mensch, kann mich auch sehr gut einf\u00fchlen in Menschen und deren Probleme.<strong> Bei mir gibt es auch keine `Larifari\u00b4 -Freundschaften. <\/strong>Entweder richtig oder gar nicht. Ich will auch immer wissen, wie es allen geht und helfe sofort, wenn mich jemand braucht.<\/p>\n\n\n\n<div class=\"wp-block-group has-background has-animator custom-bottommargin ext-max-width ext-maxw-align-center\" style=\"background-color:#efefef;max-width:923px;margin-bottom:70px\" data-anim-from=\"vertical\" data-anim-duration=\"1\" data-anim-distance=\"50\" data-anim-scale-x=\"1\" data-anim-scale-y=\"1\" data-anim-easing=\"easeInOut\" data-anim-effect=\"Cubic\"><div class=\"wp-block-group__inner-container is-layout-flow wp-block-group-is-layout-flow\">\n<p class=\"has-text-align-right has-cyan-bluish-gray-color has-text-color custom-bottommargin ext-max-width\" style=\"font-size:11px;max-width:730px;margin-bottom:-2px\">Anzeige &#8211; thalia.de<\/p>\n\n\n\n<div class=\"wp-block-image mb-tablet-0 mt-tablet-0 custom-bottommargin\" style=\"margin-bottom:12px\"><figure class=\"alignleft size-large\"><a href=\"https:\/\/www.awin1.com\/cread.php?awinmid=14158&amp;awinaffid=829417&amp;ued=https%3A%2F%2Fwww.thalia.de%2Fshop%2Fhome%2Fartikeldetails%2FID146291199.html\" target=\"_blank\" rel=\"noopener\"><img loading=\"lazy\" decoding=\"async\" width=\"552\" height=\"500\" src=\"https:\/\/www.promistyle.de\/wp-content\/uploads\/2021\/04\/Hans-Sigl-CD-e1617401156339.jpeg\" alt=\"\" class=\"wp-image-4999\"\/><\/a><\/figure><\/div>\n\n\n\n<p class=\"custom-bottommargin ext-max-width\" style=\"max-width:772px;margin-bottom:23px\">`Bergdoktor\u00b4 Hans Sigl k\u00fcmmert sich um das k\u00f6rperliche Wohl seiner Patienten &#8211; <strong>auf der H\u00f6r-CD streichelt er die gestressten Seelen seiner Mitmenschen. Lasst eure Ohren von der Stimme des Schauspielers verw\u00f6hnen.<\/strong> Zur Auswahl seiner Werke bei <a href=\"https:\/\/www.awin1.com\/cread.php?awinmid=14158&amp;awinaffid=829417&amp;ued=https%3A%2F%2Fwww.thalia.de%2Fsuche%3FfilterPATHROOT%3D%26sq%3Dhans%2Bsigl\" target=\"_blank\" rel=\"noreferrer noopener\">Thalia.de kommt ihr hier<\/a>.  <\/p>\n\n\n\n<p class=\"custom-topmargin\" style=\"margin-top:-25px\"><\/p>\n<\/div><\/div>\n\n\n\n<blockquote class=\"wp-block-quote is-style-large is-layout-flow wp-block-quote-is-layout-flow\"><p><strong>In Ihrer Rolle sind Sie sehr forsch? Sind Sie das privat auch?<\/strong><\/p><\/blockquote>\n\n\n\n<p>Ich bin schon ein sehr direkter und ehrlicher Mensch, Zur\u00fcckhaltung ist nicht so mein Ding. Durch meine direkte Art \u00fcberfordere ich manche Menschen schon auch hin und wieder mal. Aber so bin ich eben. <strong>Ich bin jemand, der sehr gerade durchs Leben geht. Das ist auch die gr\u00f6\u00dfte Parallele, die ich zu meiner Rolle als Pinar Aslan sehe.<\/strong> Als ich das Drehbuch und mein Rollenprofil zum ersten Mal gelesen habe, war ich total fasziniert und gl\u00fccklich. Das ist schon fast magisch. TV-Kommissarin Aybi Era und Pinar sind tats\u00e4chlich wie Topf und Deckel!<\/p>\n\n\n\n<blockquote class=\"wp-block-quote is-style-large is-layout-flow wp-block-quote-is-layout-flow\"><p><strong>Was macht Sie gl\u00fccklich?<\/strong><\/p><\/blockquote>\n\n\n\n<p>Wenn ich meine Familie, meine Freunde um mich habe. Das erdet mich ungemein. Das ist der perfekte Ausgleich zum turbulenten Alltag beim Film.<\/p>\n\n\n\n<blockquote class=\"wp-block-quote is-style-large is-layout-flow wp-block-quote-is-layout-flow\"><p><strong>Was macht Ihnen Angst?<\/strong><\/p><\/blockquote>\n\n\n\n<p>Ich habe furchtbare Angst vor Naturkatastrophen, und davon gibt es ja leider immer mehr. <strong>Ich habe in Hamburg einmal einen schlimmen Sturm erlebt, seitdem habe ich echt ein Trauma.<\/strong> Man f\u00fchlt sich total hilflos. Ich bin ein Mensch, der gerne eine gewisse Kontrolle hat \u00fcber die Dinge, und bei Naturkatastrophen ist man einfach nur machtlos und kann hoffen, dass man es irgendwie \u00fcbersteht. Das ist wirklich eine Ur-Angst in mir. <strong>Ansonsten bin ich ein relativ angstfreier Mensch. <\/strong>Wenn ich sp\u00fcre, dass mir etwas Angst macht, versuche ich in mich hineinzuh\u00f6ren und zu ergr\u00fcnden, woher diese Angst kommt. Grunds\u00e4tzlich m\u00f6chte ich \u00c4ngsten in meinem Leben keinen gro\u00dfen Raum geben. Angst ist einfach kein guter Ratgeber.<\/p>\n","protected":false},"excerpt":{"rendered":"<p>Sie ist forsch, kann super k\u00e4mpfen und lehrt Hamburgs Verbrecher das F\u00fcrchten: Aybi Era ist die resolute Kommissarin im Team von `Notruf Hafenkante\u00b4! Die Berlinerin ist \u00fcbergl\u00fccklich \u00fcber ihre Rolle im ZDF-Dauerbrenner. Im Interview spricht die junge Schauspielerin \u00fcber ihre Rolle, ihre Familie und dar\u00fcber, was ihr richtig Angst macht&#8230; Frau Era, wie f\u00fchlen Sie [&hellip;]<\/p>\n","protected":false},"author":3,"featured_media":5461,"comment_status":"closed","ping_status":"closed","sticky":false,"template":"","format":"standard","meta":{"_uag_custom_page_level_css":"","footnotes":""},"categories":[131],"tags":[100,130],"class_list":["post-5459","post","type-post","status-publish","format-standard","has-post-thumbnail","hentry","category-exklusiv-interview","tag-deutsche-promis","tag-interview"],"yoast_head":"<!-- This site is optimized with the Yoast SEO plugin v26.6 - https:\/\/yoast.com\/wordpress\/plugins\/seo\/ -->\n<title>TV-Kommissarin Aybi Era ist eine echte Kampfsport-Meisterin!<\/title>\n<meta name=\"description\" content=\"Notruf Hafenkante - Aybi Era hat ein sehr handfestes Hobby und verr\u00e4t uns im Interview, warum sie sich auch Privat sehr gut zu wehren wei\u00df...\" \/>\n<meta name=\"robots\" content=\"index, follow, max-snippet:-1, max-image-preview:large, max-video-preview:-1\" \/>\n<link rel=\"canonical\" href=\"https:\/\/www.promistyle.de\/?p=5459\" \/>\n<meta property=\"og:locale\" content=\"de_DE\" \/>\n<meta property=\"og:type\" content=\"article\" \/>\n<meta property=\"og:title\" content=\"TV-Kommissarin Aybi Era ist eine echte Kampfsport-Meisterin!\" \/>\n<meta property=\"og:description\" content=\"Notruf Hafenkante - Aybi Era hat ein sehr handfestes Hobby und verr\u00e4t uns im Interview, warum sie sich auch Privat sehr gut zu wehren wei\u00df...\" \/>\n<meta property=\"og:url\" content=\"https:\/\/www.promistyle.de\/?p=5459\" \/>\n<meta property=\"og:site_name\" content=\"promistyle.de\" \/>\n<meta property=\"article:publisher\" content=\"https:\/\/www.facebook.com\/PromiStyle.de\" \/>\n<meta property=\"article:published_time\" content=\"2021-06-07T11:28:57+00:00\" \/>\n<meta property=\"article:modified_time\" content=\"2021-06-14T10:22:45+00:00\" \/>\n<meta property=\"og:image\" content=\"https:\/\/www.promistyle.de\/wp-content\/uploads\/2021\/06\/Aybi-Era-hafenkante.jpg\" \/>\n\t<meta property=\"og:image:width\" content=\"1000\" \/>\n\t<meta property=\"og:image:height\" content=\"630\" \/>\n\t<meta property=\"og:image:type\" content=\"image\/jpeg\" \/>\n<meta name=\"author\" content=\"Martina\" \/>\n<meta name=\"twitter:card\" content=\"summary_large_image\" \/>\n<meta name=\"twitter:creator\" content=\"@PromiStyle\" \/>\n<meta name=\"twitter:site\" content=\"@PromiStyle\" \/>\n<meta name=\"twitter:label1\" content=\"Verfasst von\" \/>\n\t<meta name=\"twitter:data1\" content=\"Martina\" \/>\n\t<meta name=\"twitter:label2\" content=\"Gesch\u00e4tzte Lesezeit\" \/>\n\t<meta name=\"twitter:data2\" content=\"5\u00a0Minuten\" \/>\n<script type=\"application\/ld+json\" class=\"yoast-schema-graph\">{\"@context\":\"https:\/\/schema.org\",\"@graph\":[{\"@type\":\"Article\",\"@id\":\"https:\/\/www.promistyle.de\/?p=5459#article\",\"isPartOf\":{\"@id\":\"https:\/\/www.promistyle.de\/?p=5459\"},\"author\":{\"name\":\"Martina\",\"@id\":\"https:\/\/www.promistyle.de\/#\/schema\/person\/a26f206b2775c3f8843ee11a1ccceef4\"},\"headline\":\"TV-Kommissarin Aybi Era (`Notruf Hafenkante\u00b4) &#8211; eine echte Kampfsport-Meisterin!\",\"datePublished\":\"2021-06-07T11:28:57+00:00\",\"dateModified\":\"2021-06-14T10:22:45+00:00\",\"mainEntityOfPage\":{\"@id\":\"https:\/\/www.promistyle.de\/?p=5459\"},\"wordCount\":1085,\"publisher\":{\"@id\":\"https:\/\/www.promistyle.de\/#organization\"},\"image\":{\"@id\":\"https:\/\/www.promistyle.de\/?p=5459#primaryimage\"},\"thumbnailUrl\":\"https:\/\/www.promistyle.de\/wp-content\/uploads\/2021\/06\/Aybi-Era-hafenkante.jpg\",\"keywords\":[\"Deutsche Promis\",\"Interview\"],\"articleSection\":[\"Exklusiv Interview\"],\"inLanguage\":\"de\"},{\"@type\":\"WebPage\",\"@id\":\"https:\/\/www.promistyle.de\/?p=5459\",\"url\":\"https:\/\/www.promistyle.de\/?p=5459\",\"name\":\"TV-Kommissarin Aybi Era ist eine echte Kampfsport-Meisterin!\",\"isPartOf\":{\"@id\":\"https:\/\/www.promistyle.de\/#website\"},\"primaryImageOfPage\":{\"@id\":\"https:\/\/www.promistyle.de\/?p=5459#primaryimage\"},\"image\":{\"@id\":\"https:\/\/www.promistyle.de\/?p=5459#primaryimage\"},\"thumbnailUrl\":\"https:\/\/www.promistyle.de\/wp-content\/uploads\/2021\/06\/Aybi-Era-hafenkante.jpg\",\"datePublished\":\"2021-06-07T11:28:57+00:00\",\"dateModified\":\"2021-06-14T10:22:45+00:00\",\"description\":\"Notruf Hafenkante - Aybi Era hat ein sehr handfestes Hobby und verr\u00e4t uns im Interview, warum sie sich auch Privat sehr gut zu wehren wei\u00df...\",\"breadcrumb\":{\"@id\":\"https:\/\/www.promistyle.de\/?p=5459#breadcrumb\"},\"inLanguage\":\"de\",\"potentialAction\":[{\"@type\":\"ReadAction\",\"target\":[\"https:\/\/www.promistyle.de\/?p=5459\"]}]},{\"@type\":\"ImageObject\",\"inLanguage\":\"de\",\"@id\":\"https:\/\/www.promistyle.de\/?p=5459#primaryimage\",\"url\":\"https:\/\/www.promistyle.de\/wp-content\/uploads\/2021\/06\/Aybi-Era-hafenkante.jpg\",\"contentUrl\":\"https:\/\/www.promistyle.de\/wp-content\/uploads\/2021\/06\/Aybi-Era-hafenkante.jpg\",\"width\":1000,\"height\":630,\"caption\":\"Aybi Era\"},{\"@type\":\"BreadcrumbList\",\"@id\":\"https:\/\/www.promistyle.de\/?p=5459#breadcrumb\",\"itemListElement\":[{\"@type\":\"ListItem\",\"position\":1,\"name\":\"Startseite\",\"item\":\"https:\/\/www.promistyle.de\/\"},{\"@type\":\"ListItem\",\"position\":2,\"name\":\"TV-Kommissarin Aybi Era (`Notruf Hafenkante\u00b4) &#8211; eine echte Kampfsport-Meisterin!\"}]},{\"@type\":\"WebSite\",\"@id\":\"https:\/\/www.promistyle.de\/#website\",\"url\":\"https:\/\/www.promistyle.de\/\",\"name\":\"PromiStyle\",\"description\":\"Good Vibes Only\",\"publisher\":{\"@id\":\"https:\/\/www.promistyle.de\/#organization\"},\"potentialAction\":[{\"@type\":\"SearchAction\",\"target\":{\"@type\":\"EntryPoint\",\"urlTemplate\":\"https:\/\/www.promistyle.de\/?s={search_term_string}\"},\"query-input\":{\"@type\":\"PropertyValueSpecification\",\"valueRequired\":true,\"valueName\":\"search_term_string\"}}],\"inLanguage\":\"de\"},{\"@type\":\"Organization\",\"@id\":\"https:\/\/www.promistyle.de\/#organization\",\"name\":\"PromiStyle\",\"url\":\"https:\/\/www.promistyle.de\/\",\"logo\":{\"@type\":\"ImageObject\",\"inLanguage\":\"de\",\"@id\":\"https:\/\/www.promistyle.de\/#\/schema\/logo\/image\/\",\"url\":\"https:\/\/www.promistyle.de\/wp-content\/uploads\/2021\/03\/cropped-Logo-Style-09-04-20-1.png\",\"contentUrl\":\"https:\/\/www.promistyle.de\/wp-content\/uploads\/2021\/03\/cropped-Logo-Style-09-04-20-1.png\",\"width\":512,\"height\":512,\"caption\":\"PromiStyle\"},\"image\":{\"@id\":\"https:\/\/www.promistyle.de\/#\/schema\/logo\/image\/\"},\"sameAs\":[\"https:\/\/www.facebook.com\/PromiStyle.de\",\"https:\/\/x.com\/PromiStyle\",\"https:\/\/www.instagram.com\/promistyle\"]},{\"@type\":\"Person\",\"@id\":\"https:\/\/www.promistyle.de\/#\/schema\/person\/a26f206b2775c3f8843ee11a1ccceef4\",\"name\":\"Martina\",\"image\":{\"@type\":\"ImageObject\",\"inLanguage\":\"de\",\"@id\":\"https:\/\/www.promistyle.de\/#\/schema\/person\/image\/\",\"url\":\"https:\/\/secure.gravatar.com\/avatar\/5abc76ab171bdac7e3d72ecafc563dbaf6e46a61d443786812841b418e1c4a41?s=96&d=blank&r=g\",\"contentUrl\":\"https:\/\/secure.gravatar.com\/avatar\/5abc76ab171bdac7e3d72ecafc563dbaf6e46a61d443786812841b418e1c4a41?s=96&d=blank&r=g\",\"caption\":\"Martina\"},\"url\":\"https:\/\/www.promistyle.de\/?author=3\"}]}<\/script>\n<!-- \/ Yoast SEO plugin. -->","yoast_head_json":{"title":"TV-Kommissarin Aybi Era ist eine echte Kampfsport-Meisterin!","description":"Notruf Hafenkante - Aybi Era hat ein sehr handfestes Hobby und verr\u00e4t uns im Interview, warum sie sich auch Privat sehr gut zu wehren wei\u00df...","robots":{"index":"index","follow":"follow","max-snippet":"max-snippet:-1","max-image-preview":"max-image-preview:large","max-video-preview":"max-video-preview:-1"},"canonical":"https:\/\/www.promistyle.de\/?p=5459","og_locale":"de_DE","og_type":"article","og_title":"TV-Kommissarin Aybi Era ist eine echte Kampfsport-Meisterin!","og_description":"Notruf Hafenkante - Aybi Era hat ein sehr handfestes Hobby und verr\u00e4t uns im Interview, warum sie sich auch Privat sehr gut zu wehren wei\u00df...","og_url":"https:\/\/www.promistyle.de\/?p=5459","og_site_name":"promistyle.de","article_publisher":"https:\/\/www.facebook.com\/PromiStyle.de","article_published_time":"2021-06-07T11:28:57+00:00","article_modified_time":"2021-06-14T10:22:45+00:00","og_image":[{"width":1000,"height":630,"url":"https:\/\/www.promistyle.de\/wp-content\/uploads\/2021\/06\/Aybi-Era-hafenkante.jpg","type":"image\/jpeg"}],"author":"Martina","twitter_card":"summary_large_image","twitter_creator":"@PromiStyle","twitter_site":"@PromiStyle","twitter_misc":{"Verfasst von":"Martina","Gesch\u00e4tzte Lesezeit":"5\u00a0Minuten"},"schema":{"@context":"https:\/\/schema.org","@graph":[{"@type":"Article","@id":"https:\/\/www.promistyle.de\/?p=5459#article","isPartOf":{"@id":"https:\/\/www.promistyle.de\/?p=5459"},"author":{"name":"Martina","@id":"https:\/\/www.promistyle.de\/#\/schema\/person\/a26f206b2775c3f8843ee11a1ccceef4"},"headline":"TV-Kommissarin Aybi Era (`Notruf Hafenkante\u00b4) &#8211; eine echte Kampfsport-Meisterin!","datePublished":"2021-06-07T11:28:57+00:00","dateModified":"2021-06-14T10:22:45+00:00","mainEntityOfPage":{"@id":"https:\/\/www.promistyle.de\/?p=5459"},"wordCount":1085,"publisher":{"@id":"https:\/\/www.promistyle.de\/#organization"},"image":{"@id":"https:\/\/www.promistyle.de\/?p=5459#primaryimage"},"thumbnailUrl":"https:\/\/www.promistyle.de\/wp-content\/uploads\/2021\/06\/Aybi-Era-hafenkante.jpg","keywords":["Deutsche Promis","Interview"],"articleSection":["Exklusiv Interview"],"inLanguage":"de"},{"@type":"WebPage","@id":"https:\/\/www.promistyle.de\/?p=5459","url":"https:\/\/www.promistyle.de\/?p=5459","name":"TV-Kommissarin Aybi Era ist eine echte Kampfsport-Meisterin!","isPartOf":{"@id":"https:\/\/www.promistyle.de\/#website"},"primaryImageOfPage":{"@id":"https:\/\/www.promistyle.de\/?p=5459#primaryimage"},"image":{"@id":"https:\/\/www.promistyle.de\/?p=5459#primaryimage"},"thumbnailUrl":"https:\/\/www.promistyle.de\/wp-content\/uploads\/2021\/06\/Aybi-Era-hafenkante.jpg","datePublished":"2021-06-07T11:28:57+00:00","dateModified":"2021-06-14T10:22:45+00:00","description":"Notruf Hafenkante - Aybi Era hat ein sehr handfestes Hobby und verr\u00e4t uns im Interview, warum sie sich auch Privat sehr gut zu wehren wei\u00df...","breadcrumb":{"@id":"https:\/\/www.promistyle.de\/?p=5459#breadcrumb"},"inLanguage":"de","potentialAction":[{"@type":"ReadAction","target":["https:\/\/www.promistyle.de\/?p=5459"]}]},{"@type":"ImageObject","inLanguage":"de","@id":"https:\/\/www.promistyle.de\/?p=5459#primaryimage","url":"https:\/\/www.promistyle.de\/wp-content\/uploads\/2021\/06\/Aybi-Era-hafenkante.jpg","contentUrl":"https:\/\/www.promistyle.de\/wp-content\/uploads\/2021\/06\/Aybi-Era-hafenkante.jpg","width":1000,"height":630,"caption":"Aybi Era"},{"@type":"BreadcrumbList","@id":"https:\/\/www.promistyle.de\/?p=5459#breadcrumb","itemListElement":[{"@type":"ListItem","position":1,"name":"Startseite","item":"https:\/\/www.promistyle.de\/"},{"@type":"ListItem","position":2,"name":"TV-Kommissarin Aybi Era (`Notruf Hafenkante\u00b4) &#8211; eine echte Kampfsport-Meisterin!"}]},{"@type":"WebSite","@id":"https:\/\/www.promistyle.de\/#website","url":"https:\/\/www.promistyle.de\/","name":"PromiStyle","description":"Good Vibes Only","publisher":{"@id":"https:\/\/www.promistyle.de\/#organization"},"potentialAction":[{"@type":"SearchAction","target":{"@type":"EntryPoint","urlTemplate":"https:\/\/www.promistyle.de\/?s={search_term_string}"},"query-input":{"@type":"PropertyValueSpecification","valueRequired":true,"valueName":"search_term_string"}}],"inLanguage":"de"},{"@type":"Organization","@id":"https:\/\/www.promistyle.de\/#organization","name":"PromiStyle","url":"https:\/\/www.promistyle.de\/","logo":{"@type":"ImageObject","inLanguage":"de","@id":"https:\/\/www.promistyle.de\/#\/schema\/logo\/image\/","url":"https:\/\/www.promistyle.de\/wp-content\/uploads\/2021\/03\/cropped-Logo-Style-09-04-20-1.png","contentUrl":"https:\/\/www.promistyle.de\/wp-content\/uploads\/2021\/03\/cropped-Logo-Style-09-04-20-1.png","width":512,"height":512,"caption":"PromiStyle"},"image":{"@id":"https:\/\/www.promistyle.de\/#\/schema\/logo\/image\/"},"sameAs":["https:\/\/www.facebook.com\/PromiStyle.de","https:\/\/x.com\/PromiStyle","https:\/\/www.instagram.com\/promistyle"]},{"@type":"Person","@id":"https:\/\/www.promistyle.de\/#\/schema\/person\/a26f206b2775c3f8843ee11a1ccceef4","name":"Martina","image":{"@type":"ImageObject","inLanguage":"de","@id":"https:\/\/www.promistyle.de\/#\/schema\/person\/image\/","url":"https:\/\/secure.gravatar.com\/avatar\/5abc76ab171bdac7e3d72ecafc563dbaf6e46a61d443786812841b418e1c4a41?s=96&d=blank&r=g","contentUrl":"https:\/\/secure.gravatar.com\/avatar\/5abc76ab171bdac7e3d72ecafc563dbaf6e46a61d443786812841b418e1c4a41?s=96&d=blank&r=g","caption":"Martina"},"url":"https:\/\/www.promistyle.de\/?author=3"}]}},"uagb_featured_image_src":{"full":["https:\/\/www.promistyle.de\/wp-content\/uploads\/2021\/06\/Aybi-Era-hafenkante.jpg",1000,630,false],"thumbnail":["https:\/\/www.promistyle.de\/wp-content\/uploads\/2021\/06\/Aybi-Era-hafenkante-150x150.jpg",150,150,true],"medium":["https:\/\/www.promistyle.de\/wp-content\/uploads\/2021\/06\/Aybi-Era-hafenkante-300x189.jpg",300,189,true],"medium_large":["https:\/\/www.promistyle.de\/wp-content\/uploads\/2021\/06\/Aybi-Era-hafenkante-768x484.jpg",768,484,true],"large":["https:\/\/www.promistyle.de\/wp-content\/uploads\/2021\/06\/Aybi-Era-hafenkante.jpg",1000,630,false],"gs-tiny":["https:\/\/www.promistyle.de\/wp-content\/uploads\/2021\/06\/Aybi-Era-hafenkante.jpg",50,32,false],"xl":["https:\/\/www.promistyle.de\/wp-content\/uploads\/2021\/06\/Aybi-Era-hafenkante.jpg",1000,630,false],"xxl":["https:\/\/www.promistyle.de\/wp-content\/uploads\/2021\/06\/Aybi-Era-hafenkante.jpg",1000,630,false],"xxxl":["https:\/\/www.promistyle.de\/wp-content\/uploads\/2021\/06\/Aybi-Era-hafenkante.jpg",1000,630,false],"xxxxl":["https:\/\/www.promistyle.de\/wp-content\/uploads\/2021\/06\/Aybi-Era-hafenkante.jpg",1000,630,false],"xxxxxl":["https:\/\/www.promistyle.de\/wp-content\/uploads\/2021\/06\/Aybi-Era-hafenkante.jpg",1000,630,false],"1536x1536":["https:\/\/www.promistyle.de\/wp-content\/uploads\/2021\/06\/Aybi-Era-hafenkante.jpg",1000,630,false],"2048x2048":["https:\/\/www.promistyle.de\/wp-content\/uploads\/2021\/06\/Aybi-Era-hafenkante.jpg",1000,630,false],"post-thumbnail":["https:\/\/www.promistyle.de\/wp-content\/uploads\/2021\/06\/Aybi-Era-hafenkante-1000x600.jpg",1000,600,true],"mvp-post-thumb":["https:\/\/www.promistyle.de\/wp-content\/uploads\/2021\/06\/Aybi-Era-hafenkante-1000x600.jpg",1000,600,true],"mvp-mid-thumb":["https:\/\/www.promistyle.de\/wp-content\/uploads\/2021\/06\/Aybi-Era-hafenkante-400x240.jpg",400,240,true],"mvp-small-thumb":["https:\/\/www.promistyle.de\/wp-content\/uploads\/2021\/06\/Aybi-Era-hafenkante-100x100.jpg",100,100,true]},"uagb_author_info":{"display_name":"Martina","author_link":"https:\/\/www.promistyle.de\/?author=3"},"uagb_comment_info":0,"uagb_excerpt":"Sie ist forsch, kann super k\u00e4mpfen und lehrt Hamburgs Verbrecher das F\u00fcrchten: Aybi Era ist die resolute Kommissarin im Team von `Notruf Hafenkante\u00b4! Die Berlinerin ist \u00fcbergl\u00fccklich \u00fcber ihre Rolle im ZDF-Dauerbrenner. Im Interview spricht die junge Schauspielerin \u00fcber ihre Rolle, ihre Familie und dar\u00fcber, was ihr richtig Angst macht&#8230; Frau Era, wie f\u00fchlen Sie&hellip;","_links":{"self":[{"href":"https:\/\/www.promistyle.de\/index.php?rest_route=\/wp\/v2\/posts\/5459","targetHints":{"allow":["GET"]}}],"collection":[{"href":"https:\/\/www.promistyle.de\/index.php?rest_route=\/wp\/v2\/posts"}],"about":[{"href":"https:\/\/www.promistyle.de\/index.php?rest_route=\/wp\/v2\/types\/post"}],"author":[{"embeddable":true,"href":"https:\/\/www.promistyle.de\/index.php?rest_route=\/wp\/v2\/users\/3"}],"replies":[{"embeddable":true,"href":"https:\/\/www.promistyle.de\/index.php?rest_route=%2Fwp%2Fv2%2Fcomments&post=5459"}],"version-history":[{"count":13,"href":"https:\/\/www.promistyle.de\/index.php?rest_route=\/wp\/v2\/posts\/5459\/revisions"}],"predecessor-version":[{"id":5496,"href":"https:\/\/www.promistyle.de\/index.php?rest_route=\/wp\/v2\/posts\/5459\/revisions\/5496"}],"wp:featuredmedia":[{"embeddable":true,"href":"https:\/\/www.promistyle.de\/index.php?rest_route=\/wp\/v2\/media\/5461"}],"wp:attachment":[{"href":"https:\/\/www.promistyle.de\/index.php?rest_route=%2Fwp%2Fv2%2Fmedia&parent=5459"}],"wp:term":[{"taxonomy":"category","embeddable":true,"href":"https:\/\/www.promistyle.de\/index.php?rest_route=%2Fwp%2Fv2%2Fcategories&post=5459"},{"taxonomy":"post_tag","embeddable":true,"href":"https:\/\/www.promistyle.de\/index.php?rest_route=%2Fwp%2Fv2%2Ftags&post=5459"}],"curies":[{"name":"wp","href":"https:\/\/api.w.org\/{rel}","templated":true}]}}