{"id":3928,"date":"2021-10-14T10:00:40","date_gmt":"2021-10-14T08:00:40","guid":{"rendered":"https:\/\/www.promileaks.com\/?p=3928"},"modified":"2021-10-15T13:22:26","modified_gmt":"2021-10-15T11:22:26","slug":"margarita-broich-sich-in-meinem-alter-noch-einmal-so-zu-verlieben-grenzt-an-ein-wunder","status":"publish","type":"post","link":"https:\/\/www.promistyle.de\/?p=3928","title":{"rendered":"Ein verr\u00fcckter Zufall! `Tatort\u00b4-Kommissarin Margarita Broich: \u201eAmors Pfeil traf mich \u00fcber den Wolken &#8230;\u201c"},"content":{"rendered":"\n<p>Als `Tatort\u00b4-Kommissarin l\u00f6st sie die schwierigsten F\u00e4lle &#8211; in einer ganz privaten Angelegenheit allerdings, hat ihr erst das Schicksal auf die Spr\u00fcnge geholfen: <\/p>\n\n\n\n<p><strong>Auf einem Flug von Frankfurt nach Berlin brachte ihr ein verr\u00fcckter Zufall die gro\u00dfe Liebe!<\/strong><\/p>\n\n\n\n<p>Ein ungeplanter Platztausch bef\u00f6rderte Margarita und ihren Traummann in Reihe 7. Unserer Reporterin Martina Mack verriet sie, wie die beiden anschlie\u00dfend dann auch auf Wolke 7 landeten &#8230; <\/p>\n\n\n\n<h2 class=\"wp-block-heading\" id=\"h-im-film-meine-mutter-verdreht-ihnen-der-junge-g-rtner-den-kopf-k-nnten-sie-sich-in-einen-viel-j-ngeren-mann-verlieben\"><strong>Im Film <strong>\u201eMeine Mutter\u201c<\/strong><\/strong> <strong>verdreht Ihnen der junge G\u00e4rtner den Kopf.&nbsp;K\u00f6nnten Sie sich in einen viel j\u00fcngeren Mann verlieben?<\/strong><\/h2>\n\n\n\n<p>Ich habe mich noch nie in einen j\u00fcngeren Mann verliebt. Mein Ex-Partner Martin ist zwar zwei Jahre j\u00fcnger, aber er sah immer \u00e4lter aus (lacht). <strong><em>Ich bin sehr gl\u00fccklich mit meinem zwei Jahre \u00e4lteren Mann.<\/em><\/strong> Da kann ich mir einen anderen, \u00e4lteren oder j\u00fcngeren, Mann schlecht vorstellen. <\/p>\n\n\n\n<blockquote class=\"wp-block-quote is-style-large is-layout-flow wp-block-quote-is-layout-flow\"><p>Aber nat\u00fcrlich kann ich mir vorstellen, dass sich eine Frau in einen j\u00fcngeren Mann verliebt.<\/p><\/blockquote>\n\n\n\n<p>Das erz\u00e4hlt unser Film ja auch. Heute wundert sich keiner mehr, wenn ein 60-j\u00e4hriger Mann mit einer jungen Frau daherkommt und mit 70 noch einmal Vater wird. <\/p>\n\n\n\n<p><strong><em>Umgekehrt ist es anders, dar\u00fcber wird dann sofort geredet. Das geht mir als Frau schon auf den Wecker.<\/em><\/strong><\/p>\n\n\n\n<p>Ich finde es am besten, wenn man jemanden auf Augenh\u00f6he trifft, das ist das Sch\u00f6nste. Ich denke, dass das mit dem Alter gar nichts zu tun hat.<\/p>\n\n\n\n<p><a href=\"https:\/\/www.awin1.com\/cread.php?s=2712654&amp;v=10076&amp;q=362946&amp;r=829417\"><\/a><\/p>\n\n\n\n<div class=\"wp-block-kioken-rowlayout alignnone bust-out-none\"><div id=\"kt-layout-id_5ef643-a0\" class=\"kio-row-layout-inner kt-row-has-bg kt-layout-id_5ef643-a0\" style=\"background-color:#efefef\"><div class=\"kt-row-column-wrap kt-has-2-columns kt-gutter-default kt-row-valign-top kio-row-layout-equal kt-tab-layout-inherit kt-m-colapse-left-to-right kt-mobile-layout-row\">\n<div class=\"wp-block-kioken-column inner-column-1 kioken-column_77f08e-4d\"><div class=\"kt-inside-inner-col\" style=\"background-blend-mode:normal\"><div>\n<p class=\"has-text-align-right has-cyan-bluish-gray-color has-text-color has-custom-font mb-0 mt-0\" style=\"font-size:10px;font-family:Arial\">WERBUNG<\/p>\n\n\n\n<!-- Das ist ein Banner wenn das Bild darin die volle Breite haben soll.\nBei dem (a) target=\"_blank\" und bei dem (img) width=\"100%\" -->\n\n\n<!-- START ADVERTISER: Douglas Parf\u00fcmerie DE from awin.com -->\n\n<a href=\"https:\/\/www.awin1.com\/cread.php?s=2712622&amp;v=10076&amp;q=362943&amp;r=829417\" target=\"_blank\" rel=\"noopener\">\n    <img decoding=\"async\" src=\"https:\/\/www.awin1.com\/cshow.php?s=2712622&amp;v=10076&amp;q=362943&amp;r=829417\" width=\"100%\" border=\"0\">\n<\/a>\n\n<!-- END ADVERTISER: Douglas Parf\u00fcmerie DE from awin.com -->\n<\/div><\/div><\/div>\n<\/div><\/div><\/div>\n\n\n\n<h2 class=\"wp-block-heading\" id=\"h-privat-hat-amor-sie-ja-im-herbst-2019-direkt-ins-herz-getroffen-wie-ist-das-passiert\"><strong>Privat hat Amor Sie ja im Herbst 2019 direkt ins Herz getroffen. Wie ist das passiert?<\/strong><\/h2>\n\n\n\n<p>Mein Mann und ich haben uns auf dem Flug von Frankfurt nach Berlin kennengelernt. <\/p>\n\n\n\n<blockquote class=\"wp-block-quote is-style-large is-layout-flow wp-block-quote-is-layout-flow\"><p>Ich wurde gefragt, ob ich mich woanders hinsetzen k\u00f6nnte, weil ein Paar gerne nebeneinander sitzen wollte.<\/p><\/blockquote>\n\n\n\n<p>Mein Mann wurde ein paar Sitzreihen weiter dasselbe gefragt. Wir trafen uns dann in Reihe sieben und nach dem ganzen Gep\u00e4ck umverteilen und anschnallen, sa\u00dfen wir also ziemlich geschafft nebeneinander.<\/p>\n\n\n\n<h2 class=\"wp-block-heading\" id=\"h-das-klingt-ja-so-als-h-tte-das-universum-alles-getan-um-sie-zusammenzubringen\"><strong>Das klingt ja so, als h\u00e4tte das Universum alles getan, um Sie zusammenzubringen&#8230;?<\/strong><\/h2>\n\n\n\n<p>Das Universum oder die Lufthansa, das wissen wir noch nicht. Jedenfalls fiel mir ein Sketch von \u201eLoriot\u201c ein, wie Evelyn Hamann und Loriot sich im Flieger st\u00e4ndig umsetzen, die Gurte sich dauernd verdrehen und es chaotisch wurde. <\/p>\n\n\n\n<blockquote class=\"wp-block-quote is-style-large is-layout-flow wp-block-quote-is-layout-flow\"><p>Ich sagte also zu dem neben mir sitzenden Herrn im Anzug: \u201eKennen Sie eigentlich den Sketch von Loriot?\u201c<\/p><\/blockquote>\n\n\n\n<p> Ich hatte gar nicht mit einer Antwort gerechnet, doch er sagte sofort: \u201eSelbstverst\u00e4ndlich. <strong><em>Da kommen doch die \u201aDuineser Elegien\u2019 von Rilke vor!\u201c Da war ich erst einmal baff.<\/em><\/strong> Nach einer Stunde Flugzeit hatten wir \u00fcber alles M\u00f6gliche gesprochen und viel gelacht. So fing das mit uns an.<\/p>\n\n\n\n<div class=\"wp-block-group has-background custom-bottommargin\" style=\"background-color:#efefef;margin-bottom:50px\"><div class=\"wp-block-group__inner-container is-layout-flow wp-block-group-is-layout-flow\">\n<div class=\"wp-block-group has-background custom-topmargin custom-bottommargin ext-max-width ext-maxw-align-center\" style=\"background-color:#efefef;max-width:923px;margin-top:-6px;margin-bottom:-6px\"><div class=\"wp-block-group__inner-container is-layout-flow wp-block-group-is-layout-flow\">\n<p class=\"has-text-align-right has-cyan-bluish-gray-color has-text-color custom-bottommargin ext-max-width\" style=\"font-size:11px;max-width:730px;margin-bottom:6px\">unbezahlte werbung &#8211; <a href=\"https:\/\/www.hanssigl.de\/shop\/\" target=\"_blank\" rel=\"noreferrer noopener sponsored nofollow\">hanssigl.de<\/a><\/p>\n<\/div><\/div>\n\n\n\n<div class=\"wp-block-group\"><div class=\"wp-block-group__inner-container is-layout-flow wp-block-group-is-layout-flow\">\n<figure class=\"wp-block-image size-large\"><a href=\"https:\/\/www.hanssigl.de\/shop\/\" target=\"_blank\" rel=\"noopener\"><img loading=\"lazy\" decoding=\"async\" width=\"1000\" height=\"300\" src=\"https:\/\/www.promistyle.de\/wp-content\/uploads\/2021\/07\/Hans-Sigle-Shop.jpg\" alt=\"\" class=\"wp-image-5774\" srcset=\"https:\/\/www.promistyle.de\/wp-content\/uploads\/2021\/07\/Hans-Sigle-Shop.jpg 1000w, https:\/\/www.promistyle.de\/wp-content\/uploads\/2021\/07\/Hans-Sigle-Shop-300x90.jpg 300w, https:\/\/www.promistyle.de\/wp-content\/uploads\/2021\/07\/Hans-Sigle-Shop-768x230.jpg 768w\" sizes=\"auto, (max-width: 1000px) 100vw, 1000px\" \/><\/a><\/figure>\n\n\n\n<p><\/p>\n<\/div><\/div>\n\n\n\n<p class=\"custom-topmargin\" style=\"margin-top:-35px\"><\/p>\n<\/div><\/div>\n\n\n\n<p><\/p>\n\n\n\n<h2 class=\"wp-block-heading\" id=\"h-dabei-waren-sie-zwar-frisch-getrennt-von-martin-wuttke-aber-nicht-auf-der-suche\"><strong>Dabei waren Sie zwar frisch getrennt von Martin Wuttke, aber nicht auf der Suche&#8230;<\/strong><\/h2>\n\n\n\n<p>Genau. Eigentlich war ich mit meinem Leben ganz gl\u00fccklich. Ich habe wirklich nichts gesucht und alles gefunden. Das kommt ja im Leben nicht so h\u00e4ufig vor. <\/p>\n\n\n\n<blockquote class=\"wp-block-quote is-style-large is-layout-flow wp-block-quote-is-layout-flow\"><p>Ich bin mir sehr sicher, dass wir f\u00fcreinander bestimmt sind.<\/p><\/blockquote>\n\n\n\n<p> Wenn man \u00e4lter ist, ist das schon etwas ganz Besonderes, auf jemanden zu treffen, mit dem man sich so gut versteht.<\/p>\n\n\n\n<h2 class=\"wp-block-heading\" id=\"h-sie-haben-schon-im-september-2019-geheiratet-mit-martin-wuttke-waren-sie-30-jahre-ohne-trauschein-zusammen-hatte-er-sie-nie-gefragt\"><strong>Sie haben schon im September 2019 geheiratet. Mit Martin Wuttke waren sie 30 Jahre ohne Trauschein zusammen. Hatte er sie nie gefragt?<\/strong><\/h2>\n\n\n\n<p>Martin und ich haben den Zeitpunkt verpasst, zu heiraten. Es war nie wirklich ein Thema zwischen uns. <\/p>\n\n\n\n<p><strong><em>Wir haben mehr oder weniger im und f\u00fcr das Theater gelebt.<\/em><\/strong><\/p>\n\n\n\n<p>Es war \u00fcbrigens auch eine Zeit, in der man \u00fcber Heirat nachdachte. Wir haben uns dann ganz gut unverheiratet durchs Leben geschlagen.<\/p>\n\n\n\n<p><a href=\"https:\/\/www.awin1.com\/cread.php?s=2712654&amp;v=10076&amp;q=362946&amp;r=829417\"><\/a><\/p>\n\n\n\n<div class=\"wp-block-kioken-rowlayout alignnone bust-out-none\"><div id=\"kt-layout-id_7b1f9d-1f\" class=\"kio-row-layout-inner kt-row-has-bg kt-layout-id_7b1f9d-1f\" style=\"background-color:#efefef\"><div class=\"kt-row-column-wrap kt-has-2-columns kt-gutter-default kt-row-valign-top kio-row-layout-equal kt-tab-layout-inherit kt-m-colapse-left-to-right kt-mobile-layout-row\">\n<div class=\"wp-block-kioken-column inner-column-1 kioken-column_a41919-14\"><div class=\"kt-inside-inner-col\" style=\"background-blend-mode:normal\"><div>\n<p class=\"has-text-align-right has-cyan-bluish-gray-color has-text-color has-custom-font mb-0 mt-0\" style=\"font-size:10px;font-family:Arial\">WERBUNG<\/p>\n\n\n\n<!-- Das ist ein Banner wenn das Bild darin die volle Breite haben soll.\nBei dem (a) target=\"_blank\" und bei dem (img) width=\"100%\" -->\n\n\n\n<!-- START ADVERTISER: Thalia DE from awin.com -->\n\n<a target=\"_blank\" rel=\"sponsored noopener\" href=\"https:\/\/www.awin1.com\/cread.php?s=2545041&amp;v=14158&amp;q=377601&amp;r=829417\">\n    <img decoding=\"async\" src=\"https:\/\/www.awin1.com\/cshow.php?s=2545041&amp;v=14158&amp;q=377601&amp;r=829417\" width=\"100%\" border=\"0\">\n<\/a>\n\n<!-- END ADVERTISER: Thalia DE from awin.com -->\n<\/div><\/div><\/div>\n<\/div><\/div><\/div>\n\n\n\n<h2 class=\"wp-block-heading\" id=\"h-ihr-mann-der-anwalt-dr-dirk-schmalenbach-kannte-sie-nicht-als-schauspielerin-er-hat-sie-aber-schnell-ganz-romantisch-gefragt\"><strong>Ihr Mann, der Anwalt Dr. Dirk Schmalenbach, kannte Sie nicht als Schauspielerin. Er hat Sie aber schnell ganz romantisch gefragt&#8230;<\/strong><\/h2>\n\n\n\n<p>Ja, er hat mich gefragt \u2013 und ich habe nat\u00fcrlich ja gesagt. <strong><em>Ich hatte nicht damit gerechnet, aber irgendwie war das zwischen uns von Anfang an so klar, dass mich gar nichts gewundert hat.<\/em><\/strong> Ich hatte bei ihm sofort das Gef\u00fchl, dass ich ihn schon ewig kenne. <\/p>\n\n\n\n<blockquote class=\"wp-block-quote is-style-large is-layout-flow wp-block-quote-is-layout-flow\"><p>Er war kein Fremder, sondern sogar eine Art Seelenverwandter. Er hatte mich auch sehr an den Bruder meines Vaters erinnert.<\/p><\/blockquote>\n\n\n\n<p>Da war direkt ein heimeliges Gef\u00fchl, das ich bei ihm hatte. Das \u00c4u\u00dfere und das Innere waren mir so vertraut, und zwar von Anfang an. Vielleicht ist es auch einfach sch\u00f6n, zu sagen: \u201eTop, die Wette gilt!\u201c Ganz besonders in unserem Alter.<\/p>\n\n\n\n<h2 class=\"wp-block-heading\" id=\"h-in-der-corona-zeit-war-ja-keine-gro-e-hochzeit-m-glich\"><strong>In der Corona-Zeit war ja keine gro\u00dfe Hochzeit m\u00f6glich&#8230;<\/strong><\/h2>\n\n\n\n<p>Nein, wir hatten ein gro\u00dfes Fest in Potsdam geplant, das musste leider ausfallen. Zuerst waren wir sehr entt\u00e4uscht, weil man ja bei seiner Hochzeit mit allen Lieben feiern will. <\/p>\n\n\n\n<blockquote class=\"wp-block-quote is-style-large is-layout-flow wp-block-quote-is-layout-flow\"><p>Aber dann haben wir zu f\u00fcnft auf Sylt geheiratet.<\/p><\/blockquote>\n\n\n\n<p>Nur unsere Pfarrerin, Susanne Zingel, der Organist Alexander Ivanov und der Kontratenor Dmitry Egorov. Das war in der wundersch\u00f6nen Keitumer Kirche aus dem 12. Jahrhundert. <\/p>\n\n\n\n<p><strong><em>Mit diesen drei Menschen haben wir ganz alleine geheiratet.<\/em><\/strong><\/p>\n\n\n\n<p>Die Trauung war ganz besonders und innig. Das war sicher genauso sch\u00f6n, wenn auch anders, als wenn wir mit 200 Freunden gefeiert h\u00e4tten.<\/p>\n\n\n\n<figure class=\"wp-block-image size-full\"><img loading=\"lazy\" decoding=\"async\" width=\"1000\" height=\"1280\" src=\"https:\/\/www.promistyle.de\/wp-content\/uploads\/2021\/03\/Margarita-Broich-Hochzeit-Sylt.jpg\" alt=\"Margarita-Broich-Hochzeit-Sylt\" class=\"wp-image-3960\" srcset=\"https:\/\/www.promistyle.de\/wp-content\/uploads\/2021\/03\/Margarita-Broich-Hochzeit-Sylt.jpg 1000w, https:\/\/www.promistyle.de\/wp-content\/uploads\/2021\/03\/Margarita-Broich-Hochzeit-Sylt-234x300.jpg 234w, https:\/\/www.promistyle.de\/wp-content\/uploads\/2021\/03\/Margarita-Broich-Hochzeit-Sylt-800x1024.jpg 800w, https:\/\/www.promistyle.de\/wp-content\/uploads\/2021\/03\/Margarita-Broich-Hochzeit-Sylt-768x983.jpg 768w\" sizes=\"auto, (max-width: 1000px) 100vw, 1000px\" \/><\/figure>\n\n\n\n<h2 class=\"wp-block-heading\" id=\"h-sie-h-tten-die-hochzeit-ja-auch-auf-nach-corona-verschieben-k-nnen\"><strong>Sie h\u00e4tten die Hochzeit ja auch auf nach Corona verschieben k\u00f6nnen&#8230;<\/strong><\/h2>\n\n\n\n<p>Ja, aber ich m\u00f6chte in meinem Leben nichts mehr verschieben. Eine Geschichte hat mich sehr nachdenklich gemacht. <\/p>\n\n\n\n<blockquote class=\"wp-block-quote is-style-large is-layout-flow wp-block-quote-is-layout-flow\"><p>Einige Monate vorher habe ich mit der gro\u00dfen Hannelore Elsner einen \u201e<a href=\"https:\/\/www.facebook.com\/Tatort\" target=\"_blank\" rel=\"noreferrer noopener\">Tatort<\/a>&#8221; gedreht.<\/p><\/blockquote>\n\n\n\n<p>Sie war zwar sehr zart, aber trotzdem lustig wie immer. <\/p>\n\n\n\n<p><strong><em>Die Ausstrahlung hat sie nicht mehr erlebt.<\/em><\/strong><\/p>\n\n\n\n<p>Und das war auch ein Grund zu sagen: Wir verschieben die Hochzeit nicht, ganz im Gegenteil: Wir machen das! Und so haben wir also zu zweit gefeiert!<\/p>\n\n\n\n<h2 class=\"wp-block-heading\" id=\"h-werden-sie-die-gro-e-hochzeitsparty-noch-nachholen\"><strong>Werden Sie die gro\u00dfe Hochzeitsparty noch nachholen?<\/strong><\/h2>\n\n\n\n<p>Vielleicht klappt es ja noch in diesem Jahr. Ich glaube schon, dass da die Korken noch einmal fliegen m\u00fcssen! (<em>lacht<\/em>).\u00a0<\/p>\n\n\n\n<h2 class=\"wp-block-heading\" id=\"h-stimmt-es-dass-in-ihren-eheringen-7-a-und-7-b-steht-die-sitzpl-tze-im-flieger\"><strong>Stimmt es, dass in Ihren Eheringen \u201e7 A und 7 B\u201c steht, die Sitzpl\u00e4tze im Flieger?<\/strong><\/h2>\n\n\n\n<p>Ja, das haben wir gemacht. Unser Kennenlernen im Flugzeug war der Anfang einer wunderbaren Reise. Die Sitze mussten sein. Bei mir steht also \u201e7 A\u201c.<\/p>\n\n\n\n<p><a href=\"https:\/\/www.awin1.com\/cread.php?s=2712654&amp;v=10076&amp;q=362946&amp;r=829417\"><\/a><\/p>\n\n\n\n<div class=\"wp-block-kioken-rowlayout alignnone bust-out-none\"><div id=\"kt-layout-id_1c21d6-93\" class=\"kio-row-layout-inner kt-row-has-bg kt-layout-id_1c21d6-93\" style=\"background-color:#efefef\"><div class=\"kt-row-column-wrap kt-has-2-columns kt-gutter-default kt-row-valign-top kio-row-layout-equal kt-tab-layout-inherit kt-m-colapse-left-to-right kt-mobile-layout-row\">\n<div class=\"wp-block-kioken-column inner-column-1 kioken-column_ee38e2-bc\"><div class=\"kt-inside-inner-col\" style=\"background-blend-mode:normal\"><div>\n<p class=\"has-text-align-right has-cyan-bluish-gray-color has-text-color has-custom-font mb-0 mt-0\" style=\"font-size:10px;font-family:Arial\">WERBUNG<\/p>\n\n\n\n<!-- Das ist ein Banner wenn das Bild darin die volle Breite haben soll.\nBei dem (a) target=\"_blank\" und bei dem (img) width=\"100%\" -->\n\n\n\n<!-- START ADVERTISER: Tui.com DE from awin.com -->\n\n<a href=\"https:\/\/www.awin1.com\/cread.php?s=2540242&amp;v=10102&amp;q=342260&amp;r=829417\" target=\"_blank\" rel=\"noopener\">\n    <img decoding=\"async\" src=\"https:\/\/www.awin1.com\/cshow.php?s=2540242&amp;v=10102&amp;q=342260&amp;r=829417\" width=\"100%\" border=\"0\">\n<\/a>\n\n<!-- END ADVERTISER: Tui.com DE from awin.com -->\n<\/div><\/div><\/div>\n<\/div><\/div><\/div>\n\n\n\n<h2 class=\"wp-block-heading\" id=\"h-was-hat-sie-nach-so-kurzer-zeit-so-sicher-gemacht-dass-ihr-mann-der-richtige-ist\"><strong>Was hat Sie nach so kurzer Zeit so sicher gemacht, dass Ihr Mann der richtige ist?<\/strong><\/h2>\n\n\n\n<p>Ich wusste es von Anfang an, oder besser, ich f\u00fchlte es von Anfang an. Ich war mir sicher und er war sich auch sicher. <\/p>\n\n\n\n<blockquote class=\"wp-block-quote is-style-large is-layout-flow wp-block-quote-is-layout-flow\"><p>Es gab nie einen Zweifel. Mit 50 oder 60 denkt man \u00fcbrigens anders.<\/p><\/blockquote>\n\n\n\n<p><strong><em>Die Jahre, die vor einem liegen, werden deutlich weniger, deshalb geht man damit kostbarer um.<\/em><\/strong> Als die Pfarrerin sagte: \u201eBis dass der Tod Euch scheidet\u201c, dachte ich, ja so ist es.<\/p>\n\n\n\n<h2 class=\"wp-block-heading\" id=\"h-was-sch-tzen-sie-ganz-besonders-an-ihrem-mann-kann-er-ordnung-in-ihr-chaos-bringen\"><strong>Was sch\u00e4tzen Sie ganz besonders an Ihrem Mann? Kann er Ordnung in ihr Chaos bringen?<\/strong><\/h2>\n\n\n\n<p>Ich glaube, ich bin wirklich ein bisschen chaotisch und musste mein Leben lang immer unheimlich flexibel auf mich selber reagieren (lacht). Mein Mann ist da wirklich anders. Aber so unterschiedlich wir sind, empfinden wir vieles gleich. <\/p>\n\n\n\n<blockquote class=\"wp-block-quote is-style-large is-layout-flow wp-block-quote-is-layout-flow\"><p>Ich sp\u00fcre das, wenn wir \u00fcber bestimmte Dinge sprechen, die wir jeweils erlebt haben.<\/p><\/blockquote>\n\n\n\n<p>Ob das traurige oder fr\u00f6hliche Situationen sind, ob wir jemanden kennengelernt haben oder etwas zusammen gesehen haben, einen Film oder ein Konzert \u2013\u00a0\u00a0das ist fast immer deckungsgleich. Da sind wir uns sehr \u00e4hnlich. <\/p>\n\n\n\n<p><strong><em>Dass er als Anwalt sehr strategisch und strukturiert ist in seinem Leben, das empfinde ich eher als Gl\u00fccksfall.<\/em><\/strong><\/p>\n\n\n\n<p>Noch einen Chaoten wie mich, brauche ich nicht noch einmal.\u00a0<\/p>\n\n\n\n<div class=\"wp-block-kioken-rowlayout alignnone bust-out-none\"><div id=\"kt-layout-id_d59be7-b6\" class=\"kio-row-layout-inner kt-row-has-bg kt-layout-id_d59be7-b6\" style=\"background-color:#efefef\"><div class=\"kt-row-column-wrap kt-has-2-columns kt-gutter-default kt-row-valign-top kio-row-layout-equal kt-tab-layout-inherit kt-m-colapse-left-to-right kt-mobile-layout-row\">\n<div class=\"wp-block-kioken-column inner-column-1 kioken-column_f7c449-72\"><div class=\"kt-inside-inner-col\" style=\"background-blend-mode:normal\"><div>\n<p class=\"has-text-align-right has-cyan-bluish-gray-color has-text-color has-custom-font mb-0 mt-0\" style=\"font-size:10px;font-family:Arial\">WERBUNG<\/p>\n\n\n\n<!-- Das ist ein Banner wenn das Bild darin die volle Breite haben soll.\nBei dem <img...: width=\"100%\" -->\n\n<!-- START ADVERTISER: sonnenklar.TV DE from awin.com -->\n\n<a href=\"https:\/\/www.awin1.com\/cread.php?s=2468008&amp;v=14603&amp;q=371650&amp;r=829417\" target=\"_blank\" rel=\"noopener\">\n    <img decoding=\"async\" src=\"https:\/\/www.awin1.com\/cshow.php?s=2468008&amp;v=14603&amp;q=371650&amp;r=829417\" width=\"100%\" border=\"0\">\n<\/a>\n\n<!-- END ADVERTISER: sonnenklar.TV DE from awin.com -->\n<\/div><\/div><\/div>\n<\/div><\/div><\/div>\n\n\n\n<h2 class=\"wp-block-heading\" id=\"h-sie-haben-ihre-hochzeitsreise-nach-asien-gemacht-mit-dem-rucksack-durchs-land\"><strong>Sie haben Ihre Hochzeitsreise nach Asien gemacht. Mit dem Rucksack durchs Land&#8230;&nbsp;<\/strong><\/h2>\n\n\n\n<p>Ja, das habe ich vorher noch nie gemacht. Auch das liebe ich so sehr an meinem Mann, dass er genauso wie ich, neugierig geblieben ist. Egal, ob das auf Dinge, L\u00e4nder oder Menschen ist. <\/p>\n\n\n\n<p><strong><em>Es w\u00e4re f\u00fcr mich unvorstellbar mit jemandem zusammen zu sein, der nicht neugierig ist und nicht interessiert ist.<\/em><\/strong><\/p>\n\n\n\n<p>Das sind kleine Dinge, die m\u00fcssen einfach stimmen.<\/p>\n\n\n\n<h2 class=\"wp-block-heading\" id=\"h-was-sagen-ihre-s-hne-zu-ihrem-mann\"><strong>Was sagen Ihre S\u00f6hne zu Ihrem Mann?&nbsp;<\/strong><\/h2>\n\n\n\n<p>Wir verbringen viel Zeit miteinander. <strong><em>Meine S\u00f6hne waren wirklich ganz begeistert, dass ich jemanden gefunden habe und gl\u00fccklich bin. <\/em><\/strong>Mein Sohn Hans sagte einmal: \u201eDas ist einfach toll, wenn Dirk im Restaurant aufsteht, wenn du an den Tisch kommst, oder er Dir die T\u00fcr aufh\u00e4lt. Das mache ich jetzt auch.\u201c<\/p>\n\n\n\n<h2 class=\"wp-block-heading\" id=\"h-stimmt-es-dass-sie-keine-familie-gegr-ndet-h-tten-w-ren-sie-nicht-einfach-schwanger-geworden\"><strong>Stimmt es, dass sie keine Familie gegr\u00fcndet h\u00e4tten, w\u00e4ren sie nicht einfach schwanger geworden&#8230;<\/strong><\/h2>\n\n\n\n<p>Ja, das stimmt. Dass ich Kinder bekommen habe, ist ein Wunder. Ich bin als junge Frau schwer erkrankt. Ich kann mich noch sehr an diesen Tag erinnern. <\/p>\n\n\n\n<blockquote class=\"wp-block-quote is-style-large is-layout-flow wp-block-quote-is-layout-flow\"><p>Ich sa\u00df im Interzonenzug mit anderen Schauspielsch\u00fclern und bekam hohes Fieber.<\/p><\/blockquote>\n\n\n\n<p>Damals konnte man nicht aussteigen und als ich in Berlin ankam, war ich fast ohnm\u00e4chtig. <\/p>\n\n\n\n<p><strong><em>Ein Krankenwagen brachte mich dann in die Klinik.<\/em><\/strong><\/p>\n\n\n\n<p>Der Arzt sagte mir nach ein paar Tagen ganz ruhig, dass ich wohl keine Kinder bekommen w\u00fcrde.<\/p>\n\n\n\n<div class=\"wp-block-media-text alignwide is-stacked-on-mobile is-vertically-aligned-top has-background has-animator\" style=\"background-color:#efefef\" data-anim-from=\"vertical\" data-anim-duration=\"1\" data-anim-distance=\"50\" data-anim-scale-x=\"1\" data-anim-scale-y=\"1\" data-anim-easing=\"easeInOut\" data-anim-effect=\"Cubic\"><figure class=\"wp-block-media-text__media\"><a href=\"https:\/\/www.awin1.com\/cread.php?awinmid=11656&amp;awinaffid=829417&amp;ued=https%3A%2F%2Fwww.shop24direct.de%2Fprodukt%2Flieblingsmomente-2378498\" target=\"_blank\" rel=\"noopener\"><img loading=\"lazy\" decoding=\"async\" width=\"500\" height=\"500\" src=\"https:\/\/www.promistyle.de\/wp-content\/uploads\/2021\/02\/lieblingsmomente.jpg\" alt=\"lieblingsmomente\" class=\"wp-image-4370 size-full\" srcset=\"https:\/\/www.promistyle.de\/wp-content\/uploads\/2021\/02\/lieblingsmomente.jpg 500w, https:\/\/www.promistyle.de\/wp-content\/uploads\/2021\/02\/lieblingsmomente-300x300.jpg 300w, https:\/\/www.promistyle.de\/wp-content\/uploads\/2021\/02\/lieblingsmomente-150x150.jpg 150w, https:\/\/www.promistyle.de\/wp-content\/uploads\/2021\/02\/lieblingsmomente-100x100.jpg 100w\" sizes=\"auto, (max-width: 500px) 100vw, 500px\" \/><\/a><\/figure><div class=\"wp-block-media-text__content\">\n<p class=\"has-text-align-right has-cyan-bluish-gray-color has-text-color\" style=\"font-size:11px\">Anzeige<\/p>\n\n\n\n<p>Vorbestellen! DSDS-Sunnyboy Ramon Roselly legt nach und pr\u00e4sentiert uns am 4. Juni sein zweites Album. <a href=\"https:\/\/www.awin1.com\/cread.php?awinmid=11656&amp;awinaffid=829417&amp;ued=https%3A%2F%2Fwww.shop24direct.de%2Fprodukt%2Flieblingsmomente-2378498\" target=\"_blank\" rel=\"noreferrer noopener\">Seine Remakes ausgew\u00e4hlter Lieblingslieder<\/a>, die er mit den sch\u00f6nsten Momenten seines Lebens verbindet. <strong>Klassiker aus den 60er Jahren, deutsche Versionen von englischsprachigen Titeln bis hin zu Neuaufnahmen moderner Popsongs.<\/strong><\/p>\n<\/div><\/div>\n\n\n\n<h2 class=\"wp-block-heading\" id=\"h-wie-kamen-sie-mit-dieser-nachricht-zurecht\"><strong>Wie kamen Sie mit dieser Nachricht zurecht?<\/strong><\/h2>\n\n\n\n<p>Zu diesem Zeitpunkt habe ich das erst mal gelassen aufgenommen. Ich hatte noch gar nicht an eine Familie gedacht und deshalb habe das nicht als Schicksalsschlag empfunden. Das kam erst sp\u00e4ter. <\/p>\n\n\n\n<blockquote class=\"wp-block-quote is-style-large is-layout-flow wp-block-quote-is-layout-flow\"><p>Mit 30 war ich dann aber trotzdem pl\u00f6tzlich schwanger. Das war eine gro\u00dfe \u00dcberraschung.<\/p><\/blockquote>\n\n\n\n<p>Und neun Jahre sp\u00e4ter klappte es dann noch einmal. F\u00fcr jemand, der als vollkommen unfruchtbar galt, ist das doch eine gute Ausbeute (<em>lacht<\/em>). <\/p>\n\n\n\n<p><strong><em>Meine Kinder sind f\u00fcr mich immer noch wie ein Wunder,<\/em><\/strong><\/p>\n\n\n\n<p>ein Geschenk des Himmels und ein gro\u00dfer Segen!<\/p>\n\n\n\n<h2 class=\"wp-block-heading\" id=\"h-sie-habe-ihre-s-hne-hans-und-franz-genannt-das-klingt-lustig\"><strong>Sie habe Ihre S\u00f6hne Hans und Franz genannt \u2013 das klingt lustig&#8230;<\/strong><\/h2>\n\n\n\n<p>Mein erster Sohn hei\u00dft Hans, den Namen fanden wir sch\u00f6n. Der Name unseres zweiten Sohnes stand bei der Geburt noch nicht fest. <\/p>\n\n\n\n<blockquote class=\"wp-block-quote is-style-large is-layout-flow wp-block-quote-is-layout-flow\"><p>Als ich also an diesem Morgen im April das Baby bekam, waren so viele V\u00f6gel auf meinem Krankenhaus-Balkon, und zwitscherten laut.<\/p><\/blockquote>\n\n\n\n<p>Da fiel mir wieder der heilige Franziskus ein, und mir war klar, dass der Junge Franz hei\u00dfen musste. Der heilige Franziskus konnte mit den V\u00f6geln sprechen. <\/p>\n\n\n\n<p><em><strong>Das wusste ich, weil mein Vater Arzt in einem Franziskaner-Kloster war, in dem ich aufgewachsen bin.<\/strong><\/em><\/p>\n\n\n\n<p>Sein Vater hie\u00df \u00fcbrigens auch Franz. Die Verwechselungsgefahr mit seinem Bruder Hans, wurde mir erst sp\u00e4ter\u00a0bewusst, da hatte ich aber schon alle Formulare ausgef\u00fcllt. Mich \u00fcberfiel ein leichter Schrecken. <\/p>\n\n\n\n<p><strong><em>Aber es gibt ja auch noch den \u00e4ltesten Bruder Paul, einen Sohn von Martin Wuttke.<\/em><\/strong><\/p>\n\n\n\n<p>Die drei Br\u00fcder sind zusammen aufgewachsen und halten total zusammen. Wenn ich \u00fcber die Jungs spreche, nenne ich sie einfach in einer anderen Reihenfolge, n\u00e4mlich: \u201eDas ist Hans, Paul und Franz.\u201c Dann f\u00e4llt es nicht so auf (<em>lacht)<\/em>.\u00a0<\/p>\n\n\n\n<div class=\"wp-block-kioken-rowlayout alignnone bust-out-none\"><div id=\"kt-layout-id_132adf-28\" class=\"kio-row-layout-inner kt-row-has-bg kt-layout-id_132adf-28\" style=\"background-color:#efefef\"><div class=\"kt-row-column-wrap kt-has-2-columns kt-gutter-default kt-row-valign-top kio-row-layout-equal kt-tab-layout-inherit kt-m-colapse-left-to-right kt-mobile-layout-row\">\n<div class=\"wp-block-kioken-column inner-column-1 kioken-column_3fe579-d6\"><div class=\"kt-inside-inner-col\" style=\"background-blend-mode:normal\"><div>\n<p class=\"has-text-align-right has-text-color has-custom-size has-custom-font mb-0 mt-0\" style=\"color:#cccccc;font-size:12px;font-family:Arial\">WERBUNG<\/p>\n\n\n\n<div class=\"wp-block-kioken-rowlayout alignnone bust-out-none mb-0\"><div id=\"kt-layout-id_50444e-31\" class=\"kio-row-layout-inner  kt-layout-id_50444e-31\"><div class=\"kt-row-column-wrap kt-has-2-columns kt-gutter-skinny kt-row-valign-top kio-row-layout-equal kt-tab-layout-inherit kt-m-colapse-left-to-right kt-mobile-layout-row\">\n<div class=\"wp-block-kioken-column inner-column-1 kioken-column_4b8ec4-37\"><div class=\"kt-inside-inner-col\" style=\"background-blend-mode:normal\"><div>\n<!-- Das ist ein Banner wenn das Bild darin die halbe Breite haben soll. Bei dem (a) target=\"_blank\" und bei dem (img) width=\"100%\" -->\n\n\n\n<!-- START ADVERTISER: Lumoava DE from awin.com -->\n\n<a href=\"https:\/\/www.awin1.com\/cread.php?s=2726274&amp;v=19632&amp;q=390719&amp;r=829417\" target=\"_blank\" rel=\"noopener\">\n    <img decoding=\"async\" src=\"https:\/\/www.awin1.com\/cshow.php?s=2726274&amp;v=19632&amp;q=390719&amp;r=829417\" width=\"100%\" border=\"0\">\n<\/a>\n\n<!-- END ADVERTISER: Lumoava DE from awin.com -->\n<\/div><\/div><\/div>\n\n\n\n<div class=\"wp-block-kioken-column inner-column-2 kioken-column_54d879-e8\"><div class=\"kt-inside-inner-col\" style=\"background-blend-mode:normal\"><div>\n<!-- Das ist ein Banner wenn das Bild darin die halbe Breite haben soll. Bei dem (a) target=\"_blank\" und bei dem (img) width=\"100%\" -->\n\n\n\n<!-- START ADVERTISER: Lumoava DE from awin.com -->\n\n<a href=\"https:\/\/www.awin1.com\/cread.php?s=2726272&amp;v=19632&amp;q=390708&amp;r=829417\" target=\"_blank\" rel=\"noopener\">\n    <img decoding=\"async\" src=\"https:\/\/www.awin1.com\/cshow.php?s=2726272&amp;v=19632&amp;q=390708&amp;r=829417\" width=\"100%\" border=\"0\">\n<\/a>\n\n<!-- END ADVERTISER: Lumoava DE from awin.com -->\n<\/div><\/div><\/div>\n<\/div><\/div><\/div>\n<\/div><\/div><\/div>\n<\/div><\/div><\/div>\n\n\n\n<h2 class=\"wp-block-heading\" id=\"h-am-3-mai-2020-haben-sie-ihren-60-geburtstag-gefeiert-mussten-sie-die-feier-verschieben\"><strong>Am 3. Mai 2020 haben Sie Ihren 60. Geburtstag gefeiert. Mussten Sie die Feier verschieben?<\/strong><\/h2>\n\n\n\n<p>Ich m\u00f6chte ja nichts mehr verschieben in meinem Leben. Aber gro\u00df feiern ging nat\u00fcrlich nicht. <\/p>\n\n\n\n<p><strong><em>Wir haben das Verdeck unseres Autos aufgeschlagen, Kaffee, Kuchen, Blumen und Sekt eingepackt.<\/em><\/strong><\/p>\n\n\n\n<p>Damit sind wir zu 20 verschiedenen Adressen gefahren, zu meinen Kindern und meinen besten Freunden, die ich sonst eingeladen h\u00e4tte. <\/p>\n\n\n\n<blockquote class=\"wp-block-quote is-style-large is-layout-flow wp-block-quote-is-layout-flow\"><p>Wir haben morgens um 10 Uhr angefangen und sind abends um 10 Uhr zur\u00fcckgekommen.<\/p><\/blockquote>\n\n\n\n<p>Meine G\u00e4ste konnten mich nicht besuchen, aber ich meine G\u00e4ste. Wir haben nat\u00fcrlich den gebotenen Abstand eingehalten. <em><strong>Es war zwar drau\u00dfen und noch ein bisschen kalt, aber so konnte ich wenigstens allen einmal wieder in die Augen schauen<\/strong><\/em> \u2013 und meinen 60. Geburtstag doch ein bisschen feiern.<\/p>\n\n\n\n<h2 class=\"wp-block-heading\" id=\"h-stimmt-es-dass-sie-oma-geworden-sind\"><strong>Stimmt es, dass Sie Oma geworden sind?&nbsp;<\/strong><\/h2>\n\n\n\n<p>Ja, mein Sohn ist Vater eines Jungen geworden. Ich bin \u00fcbergl\u00fccklich, der Kleine ist sooo s\u00fc\u00df. Er hat ein sonniges Gem\u00fct und ich freue mich immer, wenn ich den kleinen Mann sehe.<\/p>\n\n\n\n<h2 class=\"wp-block-heading\" id=\"h-haben-sie-eine-art-talisman-den-sie-immer-bei-sich-tragen\"><strong>Haben Sie eine Art Talisman, den sie immer bei sich tragen?<\/strong><\/h2>\n\n\n\n<p>Ich habe mehrere \u201cTalism\u00e4nner\u201c. Ich darf das aber gar nicht so sagen. Meine Lieben haben mir in verschiedenen Situationen, in denen ich Angst hatte, kleine Dinge gegeben, die ich jetzt bei mir trage. Sie sind gute Begleiter. <\/p>\n\n\n\n<blockquote class=\"wp-block-quote is-style-large is-layout-flow wp-block-quote-is-layout-flow\"><p>Ich als Schauspielerin habe schon mit dem Aberglauben zu k\u00e4mpfen.<\/p><\/blockquote>\n\n\n\n<p> Man darf z.B. nicht auf der B\u00fchne essen, nicht unter einer Leiter durchgehen, nicht pfeifen.<\/p>\n\n\n\n<p><strong><em>Dazu noch meine Mutter, die mir beibrachte, dass man z.B. kein versch\u00fcttetes Salz zur\u00fccksch\u00fctten soll oder zwischen Weihnachten und Neujahr keine W\u00e4sche waschen darf.<\/em><\/strong><\/p>\n\n\n\n<p>Das ist nat\u00fcrlich auch sehr lustig.\u00a0\u00a0<\/p>\n\n\n\n<div class=\"wp-block-group has-background has-animator custom-bottommargin ext-max-width ext-maxw-align-center\" style=\"background-color:#efefef;max-width:923px;margin-bottom:70px\" data-anim-from=\"vertical\" data-anim-duration=\"1\" data-anim-distance=\"50\" data-anim-scale-x=\"1\" data-anim-scale-y=\"1\" data-anim-easing=\"easeInOut\" data-anim-effect=\"Cubic\"><div class=\"wp-block-group__inner-container is-layout-flow wp-block-group-is-layout-flow\">\n<p class=\"has-text-align-right has-cyan-bluish-gray-color has-text-color custom-bottommargin ext-max-width\" style=\"font-size:11px;max-width:730px;margin-bottom:-2px\">Anzeige &#8211; thalia.de<\/p>\n\n\n\n<div class=\"wp-block-image mb-tablet-0 mt-tablet-0 custom-bottommargin\" style=\"margin-bottom:12px\"><figure class=\"alignleft size-large\"><a href=\"https:\/\/www.awin1.com\/cread.php?awinmid=14158&amp;awinaffid=829417&amp;ued=https%3A%2F%2Fwww.thalia.de%2Fshop%2Fhome%2Fartikeldetails%2FID146291199.html\" target=\"_blank\" rel=\"noopener\"><img loading=\"lazy\" decoding=\"async\" width=\"552\" height=\"500\" src=\"https:\/\/www.promistyle.de\/wp-content\/uploads\/2021\/04\/Hans-Sigl-CD-e1617401156339.jpeg\" alt=\"\" class=\"wp-image-4999\"\/><\/a><\/figure><\/div>\n\n\n\n<p class=\"custom-bottommargin ext-max-width\" style=\"max-width:772px;margin-bottom:23px\">`Bergdoktor\u00b4 Hans Sigl k\u00fcmmert sich um das k\u00f6rperliche Wohl seiner Patienten &#8211; <strong>auf der H\u00f6r-CD streichelt er die gestressten Seelen seiner Mitmenschen. Lasst eure Ohren von der Stimme des Schauspielers verw\u00f6hnen.<\/strong> Zur Auswahl seiner Werke bei <a href=\"https:\/\/www.awin1.com\/cread.php?awinmid=14158&amp;awinaffid=829417&amp;ued=https%3A%2F%2Fwww.thalia.de%2Fsuche%3FfilterPATHROOT%3D%26sq%3Dhans%2Bsigl\" target=\"_blank\" rel=\"noreferrer noopener\">Thalia.de kommt ihr hier<\/a>.  <\/p>\n\n\n\n<p class=\"custom-topmargin\" style=\"margin-top:-25px\"><\/p>\n<\/div><\/div>\n\n\n\n<h2 class=\"wp-block-heading\" id=\"h-sie-spielen-in-meine-mutter-heidi-die-coole-chefin-vom-kupferk-nnchen-das-geldsorgen-hat-sind-sie-privat-auch-so-relaxt\"><strong>Sie spielen in \u201eMeine Mutter\u201c Heidi, die coole Chefin vom \u201eKupferk\u00e4nnchen\u201c, das Geldsorgen hat. Sind Sie privat auch so relaxt?<\/strong><\/h2>\n\n\n\n<p>Das kommt drauf an. Wenn es kleinere Katastrophen sind, die sich schnell wieder einrenken lassen, dann bin ich tats\u00e4chlich ziemlich gelassen, aber bei gr\u00f6\u00dferen Katastrophen ist das nicht so. Da komme ich auch an meine Grenzen.<\/p>\n\n\n\n<h2 class=\"wp-block-heading\" id=\"h-erinnern-sie-sich-an-eine-solche-gr-ere-katastrophe\"><strong>Erinnern Sie sich an eine solche gr\u00f6\u00dfere Katastrophe?<\/strong><\/h2>\n\n\n\n<p>Oh ja, auch in meinem Leben gab es schwere Zeiten. Wenn Kinder oder Freunde schwer erkranken oder gar ein geliebter Mensch stirbt, dann trifft mich das existenziell.<\/p>\n\n\n\n<h2 class=\"wp-block-heading\" id=\"h-hatten-sie-auch-schon-schlaflose-n-chte-wegen-finanzieller-sorgen\"><strong>Hatten Sie auch schon schlaflose N\u00e4chte wegen finanzieller Sorgen?<\/strong><\/h2>\n\n\n\n<p>Diese Sorgen kenne ich nat\u00fcrlich auch, vor allem aus j\u00fcngeren Tagen. Ich habe mir aber meistens gesagt: Es ist nur Geld, und kein gebrochenes Bein.<\/p>\n\n\n\n<h2 class=\"wp-block-heading\" id=\"h-was-war-ihr-gr-tes-chaos-erlebnis\"><strong>Was war Ihr gr\u00f6\u00dftes Chaos-Erlebnis?<\/strong><\/h2>\n\n\n\n<p>Das war tats\u00e4chlich auch ein Brand in meiner damaligen Wohnung in Berlin-Wilmersdorf. Ich war im f\u00fcnften Monat schwanger und hatte Besuch von meiner \u00e4ltesten Freundin. <\/p>\n\n\n\n<blockquote class=\"wp-block-quote is-style-large is-layout-flow wp-block-quote-is-layout-flow\"><p>Sie kommt aus Kairo und hatte ein wundersch\u00f6nes Nachthemd aus feiner \u00e4gyptischer Baumwolle.<\/p><\/blockquote>\n\n\n\n<p>Das hatte sie \u00fcber meine Stehlampe geh\u00e4ngt. In dieser Lampe war allerdings eine 100-Watt-Birne und das Nachthemd fing Feuer. <\/p>\n\n\n\n<p><strong><em>Am Ende hat alles gebrannt, der Flur, die Vorh\u00e4nge, ein einziger Alptraum.<\/em><\/strong><\/p>\n\n\n\n<p>Die Feuerwehr musste kommen und l\u00f6schen.<\/p>\n\n\n\n<div class=\"wp-block-group has-background custom-bottommargin\" style=\"background-color:#efefef;margin-bottom:55px\"><div class=\"wp-block-group__inner-container is-layout-flow wp-block-group-is-layout-flow\">\n<div class=\"wp-block-group has-background custom-topmargin custom-bottommargin ext-max-width ext-maxw-align-center\" style=\"background-color:#efefef;max-width:923px;margin-top:-6px;margin-bottom:-6px\"><div class=\"wp-block-group__inner-container is-layout-flow wp-block-group-is-layout-flow\">\n<p class=\"has-text-align-right has-cyan-bluish-gray-color has-text-color custom-bottommargin ext-max-width\" style=\"font-size:11px;max-width:730px;margin-bottom:6px\">Anzeige &#8211; <a rel=\"noreferrer noopener\" href=\"https:\/\/www.kloesterreich.at\/\" target=\"_blank\">www.kloesterreich.at<\/a><\/p>\n<\/div><\/div>\n\n\n\n<div class=\"wp-block-group\"><div class=\"wp-block-group__inner-container is-layout-flow wp-block-group-is-layout-flow\">\n<figure class=\"wp-block-image size-large\"><a href=\"https:\/\/www.kloesterreich.at\/\" target=\"_blank\" rel=\"noopener\"><img loading=\"lazy\" decoding=\"async\" width=\"1000\" height=\"820\" src=\"https:\/\/www.promistyle.de\/wp-content\/uploads\/2021\/04\/Kloesterreich-Banner.jpg\" alt=\" Kloesterreich-Banner\" class=\"wp-image-5194\" srcset=\"https:\/\/www.promistyle.de\/wp-content\/uploads\/2021\/04\/Kloesterreich-Banner.jpg 1000w, https:\/\/www.promistyle.de\/wp-content\/uploads\/2021\/04\/Kloesterreich-Banner-300x246.jpg 300w, https:\/\/www.promistyle.de\/wp-content\/uploads\/2021\/04\/Kloesterreich-Banner-768x630.jpg 768w\" sizes=\"auto, (max-width: 1000px) 100vw, 1000px\" \/><\/a><\/figure>\n<\/div><\/div>\n\n\n\n<p class=\"custom-topmargin\" style=\"margin-top:-35px\"><\/p>\n<\/div><\/div>\n\n\n\n<h2 class=\"wp-block-heading\" id=\"h-ihnen-ist-aber-nichts-passiert\"><strong>Ihnen ist aber nichts passiert?<\/strong><\/h2>\n\n\n\n<p>Zum Gl\u00fcck nicht. Aber ich bin dann zu meiner Frauen\u00e4rztin gegangen. Ich wusste nicht, wie viel Rauch ich eingeatmet hatte und ob das meinem Baby geschadet hat. <\/p>\n\n\n\n<blockquote class=\"wp-block-quote is-style-large is-layout-flow wp-block-quote-is-layout-flow\"><p>Es hatte ja alles lichterloh gebrannt, die M\u00f6bel, der Lack, die Vorh\u00e4nge, ich war ziemlich panisch. <\/p><\/blockquote>\n\n\n\n<p>Doch meine wunderbare Berliner Gyn\u00e4kologin fragte mich dann einfach nur: \u201eIst Ihnen schlecht?\u201c Als ich das verneinte, meinte sie ganz l\u00e4ssig: \u201eWissen Sie, 1945 hat ooch janz Berlin gebrannt. <em><strong>Die Kinder waren ooch alle gesund!\u201c Das war f\u00fcr mich eine tiefe Beruhigung.<\/strong><\/em> Trotz Brand war ich dann wieder alles gut.<\/p>\n\n\n\n<h2 class=\"wp-block-heading\" id=\"h-wie-geht-es-bei-ihnen-weiter\"><strong>Wie geht es bei Ihnen weiter?<\/strong><\/h2>\n\n\n\n<p>Im Moment habe ich noch frei, ich hab gerade ein sch\u00f6nes H\u00f6rspiel gemacht und im April drehe ich den n\u00e4chsten \u201eTatort\u201c. Ansonsten hoffe ich, dass wir weiterhin gut durch die Corona-Krise kommen werden.<\/p>\n\n\n\n<div class=\"wp-block-group has-background has-animator custom-bottommargin ext-max-width ext-maxw-align-center\" style=\"background-color:#efefef;max-width:923px;margin-bottom:-6px\" data-anim-from=\"vertical\" data-anim-duration=\"1\" data-anim-distance=\"50\" data-anim-scale-x=\"1\" data-anim-scale-y=\"1\" data-anim-easing=\"easeInOut\" data-anim-effect=\"Cubic\"><div class=\"wp-block-group__inner-container is-layout-flow wp-block-group-is-layout-flow\">\n<p class=\"has-text-align-right has-cyan-bluish-gray-color has-text-color custom-bottommargin ext-max-width\" style=\"font-size:11px;max-width:730px;margin-bottom:-2px\">Anzeige &#8211; <a href=\"https:\/\/tidd.ly\/2SvUDhn\" target=\"_blank\" rel=\"noreferrer noopener\">shop24direct.de<\/a><\/p>\n\n\n\n<div class=\"wp-block-image is-style-default mb-tablet-0 mt-tablet-0 custom-bottommargin\" style=\"margin-bottom:12px\"><figure class=\"alignleft size-large\"><a href=\"https:\/\/tidd.ly\/2SvUDhn\" target=\"_blank\" rel=\"noopener\"><img loading=\"lazy\" decoding=\"async\" width=\"500\" height=\"500\" src=\"https:\/\/www.promistyle.de\/wp-content\/uploads\/2021\/06\/LiebeLeben-Banner.jpg\" alt=\"LiebeLeben-Banner\" class=\"wp-image-5491\" srcset=\"https:\/\/www.promistyle.de\/wp-content\/uploads\/2021\/06\/LiebeLeben-Banner.jpg 500w, https:\/\/www.promistyle.de\/wp-content\/uploads\/2021\/06\/LiebeLeben-Banner-300x300.jpg 300w, https:\/\/www.promistyle.de\/wp-content\/uploads\/2021\/06\/LiebeLeben-Banner-150x150.jpg 150w, https:\/\/www.promistyle.de\/wp-content\/uploads\/2021\/06\/LiebeLeben-Banner-100x100.jpg 100w\" sizes=\"auto, (max-width: 500px) 100vw, 500px\" \/><\/a><\/figure><\/div>\n\n\n\n<p class=\"custom-bottommargin ext-max-width\" style=\"max-width:772px;margin-bottom:23px\">Die neue Single ist schon auf <a href=\"https:\/\/www.youtube.com\/watch?v=ECG72etNlsQ\" target=\"_blank\" rel=\"noreferrer noopener\">YouTube<\/a> zu h\u00f6ren. Wann das neue Werk des Alpen-Rock\u00b4n\u00b4Rollers im Handel erh\u00e4ltlich sein wird, stand noch nicht fest. Zur Auswahl der bisher erschienen Werke von Andreas Gabalier, klickt gerne auf den Banner oder<a href=\"https:\/\/tidd.ly\/2SvUDhn\" target=\"_blank\" rel=\"noreferrer noopener\"> hier<\/a>. Wir w\u00fcnschen  euren Ohren viel Spa\u00df damit.<\/p>\n\n\n\n<p class=\"custom-topmargin\" style=\"margin-top:-25px\"><\/p>\n<\/div><\/div>\n\n\n\n<p><\/p>\n","protected":false},"excerpt":{"rendered":"<p>Als `Tatort\u00b4-Kommissarin l\u00f6st sie die schwierigsten F\u00e4lle &#8211; in einer ganz privaten Angelegenheit allerdings, hat ihr erst das Schicksal auf die Spr\u00fcnge geholfen: Auf einem Flug von Frankfurt nach Berlin brachte ihr ein verr\u00fcckter Zufall die gro\u00dfe Liebe! Ein ungeplanter Platztausch bef\u00f6rderte Margarita und ihren Traummann in Reihe 7. Unserer Reporterin Martina Mack verriet sie, [&hellip;]<\/p>\n","protected":false},"author":3,"featured_media":3949,"comment_status":"closed","ping_status":"closed","sticky":false,"template":"","format":"standard","meta":{"_uag_custom_page_level_css":"","footnotes":""},"categories":[131],"tags":[100,130],"class_list":["post-3928","post","type-post","status-publish","format-standard","has-post-thumbnail","hentry","category-exklusiv-interview","tag-deutsche-promis","tag-interview"],"yoast_head":"<!-- This site is optimized with the Yoast SEO plugin v26.6 - https:\/\/yoast.com\/wordpress\/plugins\/seo\/ -->\n<title>`Tatort\u00b4-Kommissarin Margarita Broich: Amors Pfeil traf mich \u00fcber den Wolken - promistyle.de<\/title>\n<meta name=\"description\" content=\"Ausgerechnet ein verr\u00fcckter Zufall brachte `Tatort\u00b4-Kommissarin Margarita Broich die gro\u00dfe Liebe. Im Interview verr\u00e4t sie, wie sie \u00fcber ...\" \/>\n<meta name=\"robots\" content=\"index, follow, max-snippet:-1, max-image-preview:large, max-video-preview:-1\" \/>\n<link rel=\"canonical\" href=\"https:\/\/www.promistyle.de\/?p=3928\" \/>\n<meta property=\"og:locale\" content=\"de_DE\" \/>\n<meta property=\"og:type\" content=\"article\" \/>\n<meta property=\"og:title\" content=\"`Tatort\u00b4-Kommissarin Margarita Broich: Amors Pfeil traf mich \u00fcber den Wolken - promistyle.de\" \/>\n<meta property=\"og:description\" content=\"Ausgerechnet ein verr\u00fcckter Zufall brachte `Tatort\u00b4-Kommissarin Margarita Broich die gro\u00dfe Liebe. Im Interview verr\u00e4t sie, wie sie \u00fcber ...\" \/>\n<meta property=\"og:url\" content=\"https:\/\/www.promistyle.de\/?p=3928\" \/>\n<meta property=\"og:site_name\" content=\"promistyle.de\" \/>\n<meta property=\"article:publisher\" content=\"https:\/\/www.facebook.com\/PromiStyle.de\" \/>\n<meta property=\"article:published_time\" content=\"2021-10-14T08:00:40+00:00\" \/>\n<meta property=\"article:modified_time\" content=\"2021-10-15T11:22:26+00:00\" \/>\n<meta property=\"og:image\" content=\"https:\/\/www.promistyle.de\/wp-content\/uploads\/2021\/03\/Margarita-Broich-Hochzeit.jpg\" \/>\n\t<meta property=\"og:image:width\" content=\"1000\" \/>\n\t<meta property=\"og:image:height\" content=\"630\" \/>\n\t<meta property=\"og:image:type\" content=\"image\/jpeg\" \/>\n<meta name=\"author\" content=\"Martina\" \/>\n<meta name=\"twitter:card\" content=\"summary_large_image\" \/>\n<meta name=\"twitter:creator\" content=\"@PromiStyle\" \/>\n<meta name=\"twitter:site\" content=\"@PromiStyle\" \/>\n<meta name=\"twitter:label1\" content=\"Verfasst von\" \/>\n\t<meta name=\"twitter:data1\" content=\"Martina\" \/>\n\t<meta name=\"twitter:label2\" content=\"Gesch\u00e4tzte Lesezeit\" \/>\n\t<meta name=\"twitter:data2\" content=\"11\u00a0Minuten\" \/>\n<script type=\"application\/ld+json\" class=\"yoast-schema-graph\">{\"@context\":\"https:\/\/schema.org\",\"@graph\":[{\"@type\":\"Article\",\"@id\":\"https:\/\/www.promistyle.de\/?p=3928#article\",\"isPartOf\":{\"@id\":\"https:\/\/www.promistyle.de\/?p=3928\"},\"author\":{\"name\":\"Martina\",\"@id\":\"https:\/\/www.promistyle.de\/#\/schema\/person\/a26f206b2775c3f8843ee11a1ccceef4\"},\"headline\":\"Ein verr\u00fcckter Zufall! `Tatort\u00b4-Kommissarin Margarita Broich: \u201eAmors Pfeil traf mich \u00fcber den Wolken &#8230;\u201c\",\"datePublished\":\"2021-10-14T08:00:40+00:00\",\"dateModified\":\"2021-10-15T11:22:26+00:00\",\"mainEntityOfPage\":{\"@id\":\"https:\/\/www.promistyle.de\/?p=3928\"},\"wordCount\":2380,\"publisher\":{\"@id\":\"https:\/\/www.promistyle.de\/#organization\"},\"image\":{\"@id\":\"https:\/\/www.promistyle.de\/?p=3928#primaryimage\"},\"thumbnailUrl\":\"https:\/\/www.promistyle.de\/wp-content\/uploads\/2021\/03\/Margarita-Broich-Hochzeit.jpg\",\"keywords\":[\"Deutsche Promis\",\"Interview\"],\"articleSection\":[\"Exklusiv Interview\"],\"inLanguage\":\"de\"},{\"@type\":\"WebPage\",\"@id\":\"https:\/\/www.promistyle.de\/?p=3928\",\"url\":\"https:\/\/www.promistyle.de\/?p=3928\",\"name\":\"`Tatort\u00b4-Kommissarin Margarita Broich: Amors Pfeil traf mich \u00fcber den Wolken - promistyle.de\",\"isPartOf\":{\"@id\":\"https:\/\/www.promistyle.de\/#website\"},\"primaryImageOfPage\":{\"@id\":\"https:\/\/www.promistyle.de\/?p=3928#primaryimage\"},\"image\":{\"@id\":\"https:\/\/www.promistyle.de\/?p=3928#primaryimage\"},\"thumbnailUrl\":\"https:\/\/www.promistyle.de\/wp-content\/uploads\/2021\/03\/Margarita-Broich-Hochzeit.jpg\",\"datePublished\":\"2021-10-14T08:00:40+00:00\",\"dateModified\":\"2021-10-15T11:22:26+00:00\",\"description\":\"Ausgerechnet ein verr\u00fcckter Zufall brachte `Tatort\u00b4-Kommissarin Margarita Broich die gro\u00dfe Liebe. Im Interview verr\u00e4t sie, wie sie \u00fcber ...\",\"breadcrumb\":{\"@id\":\"https:\/\/www.promistyle.de\/?p=3928#breadcrumb\"},\"inLanguage\":\"de\",\"potentialAction\":[{\"@type\":\"ReadAction\",\"target\":[\"https:\/\/www.promistyle.de\/?p=3928\"]}]},{\"@type\":\"ImageObject\",\"inLanguage\":\"de\",\"@id\":\"https:\/\/www.promistyle.de\/?p=3928#primaryimage\",\"url\":\"https:\/\/www.promistyle.de\/wp-content\/uploads\/2021\/03\/Margarita-Broich-Hochzeit.jpg\",\"contentUrl\":\"https:\/\/www.promistyle.de\/wp-content\/uploads\/2021\/03\/Margarita-Broich-Hochzeit.jpg\",\"width\":1000,\"height\":630,\"caption\":\"Margarita-Broich-Hochzeit\"},{\"@type\":\"BreadcrumbList\",\"@id\":\"https:\/\/www.promistyle.de\/?p=3928#breadcrumb\",\"itemListElement\":[{\"@type\":\"ListItem\",\"position\":1,\"name\":\"Startseite\",\"item\":\"https:\/\/www.promistyle.de\/\"},{\"@type\":\"ListItem\",\"position\":2,\"name\":\"Ein verr\u00fcckter Zufall! `Tatort\u00b4-Kommissarin Margarita Broich: \u201eAmors Pfeil traf mich \u00fcber den Wolken &#8230;\u201c\"}]},{\"@type\":\"WebSite\",\"@id\":\"https:\/\/www.promistyle.de\/#website\",\"url\":\"https:\/\/www.promistyle.de\/\",\"name\":\"PromiStyle\",\"description\":\"Good Vibes Only\",\"publisher\":{\"@id\":\"https:\/\/www.promistyle.de\/#organization\"},\"potentialAction\":[{\"@type\":\"SearchAction\",\"target\":{\"@type\":\"EntryPoint\",\"urlTemplate\":\"https:\/\/www.promistyle.de\/?s={search_term_string}\"},\"query-input\":{\"@type\":\"PropertyValueSpecification\",\"valueRequired\":true,\"valueName\":\"search_term_string\"}}],\"inLanguage\":\"de\"},{\"@type\":\"Organization\",\"@id\":\"https:\/\/www.promistyle.de\/#organization\",\"name\":\"PromiStyle\",\"url\":\"https:\/\/www.promistyle.de\/\",\"logo\":{\"@type\":\"ImageObject\",\"inLanguage\":\"de\",\"@id\":\"https:\/\/www.promistyle.de\/#\/schema\/logo\/image\/\",\"url\":\"https:\/\/www.promistyle.de\/wp-content\/uploads\/2021\/03\/cropped-Logo-Style-09-04-20-1.png\",\"contentUrl\":\"https:\/\/www.promistyle.de\/wp-content\/uploads\/2021\/03\/cropped-Logo-Style-09-04-20-1.png\",\"width\":512,\"height\":512,\"caption\":\"PromiStyle\"},\"image\":{\"@id\":\"https:\/\/www.promistyle.de\/#\/schema\/logo\/image\/\"},\"sameAs\":[\"https:\/\/www.facebook.com\/PromiStyle.de\",\"https:\/\/x.com\/PromiStyle\",\"https:\/\/www.instagram.com\/promistyle\"]},{\"@type\":\"Person\",\"@id\":\"https:\/\/www.promistyle.de\/#\/schema\/person\/a26f206b2775c3f8843ee11a1ccceef4\",\"name\":\"Martina\",\"image\":{\"@type\":\"ImageObject\",\"inLanguage\":\"de\",\"@id\":\"https:\/\/www.promistyle.de\/#\/schema\/person\/image\/\",\"url\":\"https:\/\/secure.gravatar.com\/avatar\/5abc76ab171bdac7e3d72ecafc563dbaf6e46a61d443786812841b418e1c4a41?s=96&d=blank&r=g\",\"contentUrl\":\"https:\/\/secure.gravatar.com\/avatar\/5abc76ab171bdac7e3d72ecafc563dbaf6e46a61d443786812841b418e1c4a41?s=96&d=blank&r=g\",\"caption\":\"Martina\"},\"url\":\"https:\/\/www.promistyle.de\/?author=3\"}]}<\/script>\n<!-- \/ Yoast SEO plugin. -->","yoast_head_json":{"title":"`Tatort\u00b4-Kommissarin Margarita Broich: Amors Pfeil traf mich \u00fcber den Wolken - promistyle.de","description":"Ausgerechnet ein verr\u00fcckter Zufall brachte `Tatort\u00b4-Kommissarin Margarita Broich die gro\u00dfe Liebe. Im Interview verr\u00e4t sie, wie sie \u00fcber ...","robots":{"index":"index","follow":"follow","max-snippet":"max-snippet:-1","max-image-preview":"max-image-preview:large","max-video-preview":"max-video-preview:-1"},"canonical":"https:\/\/www.promistyle.de\/?p=3928","og_locale":"de_DE","og_type":"article","og_title":"`Tatort\u00b4-Kommissarin Margarita Broich: Amors Pfeil traf mich \u00fcber den Wolken - promistyle.de","og_description":"Ausgerechnet ein verr\u00fcckter Zufall brachte `Tatort\u00b4-Kommissarin Margarita Broich die gro\u00dfe Liebe. Im Interview verr\u00e4t sie, wie sie \u00fcber ...","og_url":"https:\/\/www.promistyle.de\/?p=3928","og_site_name":"promistyle.de","article_publisher":"https:\/\/www.facebook.com\/PromiStyle.de","article_published_time":"2021-10-14T08:00:40+00:00","article_modified_time":"2021-10-15T11:22:26+00:00","og_image":[{"width":1000,"height":630,"url":"https:\/\/www.promistyle.de\/wp-content\/uploads\/2021\/03\/Margarita-Broich-Hochzeit.jpg","type":"image\/jpeg"}],"author":"Martina","twitter_card":"summary_large_image","twitter_creator":"@PromiStyle","twitter_site":"@PromiStyle","twitter_misc":{"Verfasst von":"Martina","Gesch\u00e4tzte Lesezeit":"11\u00a0Minuten"},"schema":{"@context":"https:\/\/schema.org","@graph":[{"@type":"Article","@id":"https:\/\/www.promistyle.de\/?p=3928#article","isPartOf":{"@id":"https:\/\/www.promistyle.de\/?p=3928"},"author":{"name":"Martina","@id":"https:\/\/www.promistyle.de\/#\/schema\/person\/a26f206b2775c3f8843ee11a1ccceef4"},"headline":"Ein verr\u00fcckter Zufall! `Tatort\u00b4-Kommissarin Margarita Broich: \u201eAmors Pfeil traf mich \u00fcber den Wolken &#8230;\u201c","datePublished":"2021-10-14T08:00:40+00:00","dateModified":"2021-10-15T11:22:26+00:00","mainEntityOfPage":{"@id":"https:\/\/www.promistyle.de\/?p=3928"},"wordCount":2380,"publisher":{"@id":"https:\/\/www.promistyle.de\/#organization"},"image":{"@id":"https:\/\/www.promistyle.de\/?p=3928#primaryimage"},"thumbnailUrl":"https:\/\/www.promistyle.de\/wp-content\/uploads\/2021\/03\/Margarita-Broich-Hochzeit.jpg","keywords":["Deutsche Promis","Interview"],"articleSection":["Exklusiv Interview"],"inLanguage":"de"},{"@type":"WebPage","@id":"https:\/\/www.promistyle.de\/?p=3928","url":"https:\/\/www.promistyle.de\/?p=3928","name":"`Tatort\u00b4-Kommissarin Margarita Broich: Amors Pfeil traf mich \u00fcber den Wolken - promistyle.de","isPartOf":{"@id":"https:\/\/www.promistyle.de\/#website"},"primaryImageOfPage":{"@id":"https:\/\/www.promistyle.de\/?p=3928#primaryimage"},"image":{"@id":"https:\/\/www.promistyle.de\/?p=3928#primaryimage"},"thumbnailUrl":"https:\/\/www.promistyle.de\/wp-content\/uploads\/2021\/03\/Margarita-Broich-Hochzeit.jpg","datePublished":"2021-10-14T08:00:40+00:00","dateModified":"2021-10-15T11:22:26+00:00","description":"Ausgerechnet ein verr\u00fcckter Zufall brachte `Tatort\u00b4-Kommissarin Margarita Broich die gro\u00dfe Liebe. Im Interview verr\u00e4t sie, wie sie \u00fcber ...","breadcrumb":{"@id":"https:\/\/www.promistyle.de\/?p=3928#breadcrumb"},"inLanguage":"de","potentialAction":[{"@type":"ReadAction","target":["https:\/\/www.promistyle.de\/?p=3928"]}]},{"@type":"ImageObject","inLanguage":"de","@id":"https:\/\/www.promistyle.de\/?p=3928#primaryimage","url":"https:\/\/www.promistyle.de\/wp-content\/uploads\/2021\/03\/Margarita-Broich-Hochzeit.jpg","contentUrl":"https:\/\/www.promistyle.de\/wp-content\/uploads\/2021\/03\/Margarita-Broich-Hochzeit.jpg","width":1000,"height":630,"caption":"Margarita-Broich-Hochzeit"},{"@type":"BreadcrumbList","@id":"https:\/\/www.promistyle.de\/?p=3928#breadcrumb","itemListElement":[{"@type":"ListItem","position":1,"name":"Startseite","item":"https:\/\/www.promistyle.de\/"},{"@type":"ListItem","position":2,"name":"Ein verr\u00fcckter Zufall! `Tatort\u00b4-Kommissarin Margarita Broich: \u201eAmors Pfeil traf mich \u00fcber den Wolken &#8230;\u201c"}]},{"@type":"WebSite","@id":"https:\/\/www.promistyle.de\/#website","url":"https:\/\/www.promistyle.de\/","name":"PromiStyle","description":"Good Vibes Only","publisher":{"@id":"https:\/\/www.promistyle.de\/#organization"},"potentialAction":[{"@type":"SearchAction","target":{"@type":"EntryPoint","urlTemplate":"https:\/\/www.promistyle.de\/?s={search_term_string}"},"query-input":{"@type":"PropertyValueSpecification","valueRequired":true,"valueName":"search_term_string"}}],"inLanguage":"de"},{"@type":"Organization","@id":"https:\/\/www.promistyle.de\/#organization","name":"PromiStyle","url":"https:\/\/www.promistyle.de\/","logo":{"@type":"ImageObject","inLanguage":"de","@id":"https:\/\/www.promistyle.de\/#\/schema\/logo\/image\/","url":"https:\/\/www.promistyle.de\/wp-content\/uploads\/2021\/03\/cropped-Logo-Style-09-04-20-1.png","contentUrl":"https:\/\/www.promistyle.de\/wp-content\/uploads\/2021\/03\/cropped-Logo-Style-09-04-20-1.png","width":512,"height":512,"caption":"PromiStyle"},"image":{"@id":"https:\/\/www.promistyle.de\/#\/schema\/logo\/image\/"},"sameAs":["https:\/\/www.facebook.com\/PromiStyle.de","https:\/\/x.com\/PromiStyle","https:\/\/www.instagram.com\/promistyle"]},{"@type":"Person","@id":"https:\/\/www.promistyle.de\/#\/schema\/person\/a26f206b2775c3f8843ee11a1ccceef4","name":"Martina","image":{"@type":"ImageObject","inLanguage":"de","@id":"https:\/\/www.promistyle.de\/#\/schema\/person\/image\/","url":"https:\/\/secure.gravatar.com\/avatar\/5abc76ab171bdac7e3d72ecafc563dbaf6e46a61d443786812841b418e1c4a41?s=96&d=blank&r=g","contentUrl":"https:\/\/secure.gravatar.com\/avatar\/5abc76ab171bdac7e3d72ecafc563dbaf6e46a61d443786812841b418e1c4a41?s=96&d=blank&r=g","caption":"Martina"},"url":"https:\/\/www.promistyle.de\/?author=3"}]}},"uagb_featured_image_src":{"full":["https:\/\/www.promistyle.de\/wp-content\/uploads\/2021\/03\/Margarita-Broich-Hochzeit.jpg",1000,630,false],"thumbnail":["https:\/\/www.promistyle.de\/wp-content\/uploads\/2021\/03\/Margarita-Broich-Hochzeit-150x150.jpg",150,150,true],"medium":["https:\/\/www.promistyle.de\/wp-content\/uploads\/2021\/03\/Margarita-Broich-Hochzeit-300x189.jpg",300,189,true],"medium_large":["https:\/\/www.promistyle.de\/wp-content\/uploads\/2021\/03\/Margarita-Broich-Hochzeit-768x484.jpg",768,484,true],"large":["https:\/\/www.promistyle.de\/wp-content\/uploads\/2021\/03\/Margarita-Broich-Hochzeit.jpg",1000,630,false],"gs-tiny":["https:\/\/www.promistyle.de\/wp-content\/uploads\/2021\/03\/Margarita-Broich-Hochzeit.jpg",50,32,false],"xl":["https:\/\/www.promistyle.de\/wp-content\/uploads\/2021\/03\/Margarita-Broich-Hochzeit.jpg",1000,630,false],"xxl":["https:\/\/www.promistyle.de\/wp-content\/uploads\/2021\/03\/Margarita-Broich-Hochzeit.jpg",1000,630,false],"xxxl":["https:\/\/www.promistyle.de\/wp-content\/uploads\/2021\/03\/Margarita-Broich-Hochzeit.jpg",1000,630,false],"xxxxl":["https:\/\/www.promistyle.de\/wp-content\/uploads\/2021\/03\/Margarita-Broich-Hochzeit.jpg",1000,630,false],"xxxxxl":["https:\/\/www.promistyle.de\/wp-content\/uploads\/2021\/03\/Margarita-Broich-Hochzeit.jpg",1000,630,false],"1536x1536":["https:\/\/www.promistyle.de\/wp-content\/uploads\/2021\/03\/Margarita-Broich-Hochzeit.jpg",1000,630,false],"2048x2048":["https:\/\/www.promistyle.de\/wp-content\/uploads\/2021\/03\/Margarita-Broich-Hochzeit.jpg",1000,630,false],"post-thumbnail":["https:\/\/www.promistyle.de\/wp-content\/uploads\/2021\/03\/Margarita-Broich-Hochzeit-1000x600.jpg",1000,600,true],"mvp-post-thumb":["https:\/\/www.promistyle.de\/wp-content\/uploads\/2021\/03\/Margarita-Broich-Hochzeit-1000x600.jpg",1000,600,true],"mvp-mid-thumb":["https:\/\/www.promistyle.de\/wp-content\/uploads\/2021\/03\/Margarita-Broich-Hochzeit-400x240.jpg",400,240,true],"mvp-small-thumb":["https:\/\/www.promistyle.de\/wp-content\/uploads\/2021\/03\/Margarita-Broich-Hochzeit-100x100.jpg",100,100,true]},"uagb_author_info":{"display_name":"Martina","author_link":"https:\/\/www.promistyle.de\/?author=3"},"uagb_comment_info":0,"uagb_excerpt":"Als `Tatort\u00b4-Kommissarin l\u00f6st sie die schwierigsten F\u00e4lle &#8211; in einer ganz privaten Angelegenheit allerdings, hat ihr erst das Schicksal auf die Spr\u00fcnge geholfen: Auf einem Flug von Frankfurt nach Berlin brachte ihr ein verr\u00fcckter Zufall die gro\u00dfe Liebe! Ein ungeplanter Platztausch bef\u00f6rderte Margarita und ihren Traummann in Reihe 7. Unserer Reporterin Martina Mack verriet sie,&hellip;","_links":{"self":[{"href":"https:\/\/www.promistyle.de\/index.php?rest_route=\/wp\/v2\/posts\/3928","targetHints":{"allow":["GET"]}}],"collection":[{"href":"https:\/\/www.promistyle.de\/index.php?rest_route=\/wp\/v2\/posts"}],"about":[{"href":"https:\/\/www.promistyle.de\/index.php?rest_route=\/wp\/v2\/types\/post"}],"author":[{"embeddable":true,"href":"https:\/\/www.promistyle.de\/index.php?rest_route=\/wp\/v2\/users\/3"}],"replies":[{"embeddable":true,"href":"https:\/\/www.promistyle.de\/index.php?rest_route=%2Fwp%2Fv2%2Fcomments&post=3928"}],"version-history":[{"count":39,"href":"https:\/\/www.promistyle.de\/index.php?rest_route=\/wp\/v2\/posts\/3928\/revisions"}],"predecessor-version":[{"id":6975,"href":"https:\/\/www.promistyle.de\/index.php?rest_route=\/wp\/v2\/posts\/3928\/revisions\/6975"}],"wp:featuredmedia":[{"embeddable":true,"href":"https:\/\/www.promistyle.de\/index.php?rest_route=\/wp\/v2\/media\/3949"}],"wp:attachment":[{"href":"https:\/\/www.promistyle.de\/index.php?rest_route=%2Fwp%2Fv2%2Fmedia&parent=3928"}],"wp:term":[{"taxonomy":"category","embeddable":true,"href":"https:\/\/www.promistyle.de\/index.php?rest_route=%2Fwp%2Fv2%2Fcategories&post=3928"},{"taxonomy":"post_tag","embeddable":true,"href":"https:\/\/www.promistyle.de\/index.php?rest_route=%2Fwp%2Fv2%2Ftags&post=3928"}],"curies":[{"name":"wp","href":"https:\/\/api.w.org\/{rel}","templated":true}]}}