{"id":3578,"date":"2021-02-15T18:40:03","date_gmt":"2021-02-15T17:40:03","guid":{"rendered":"https:\/\/www.promileaks.com\/?p=3578"},"modified":"2021-04-15T21:32:55","modified_gmt":"2021-04-15T19:32:55","slug":"skinny-french-nails-ein-klassiker-neu-in-szene-gesetzt","status":"publish","type":"post","link":"https:\/\/www.promistyle.de\/?p=3578","title":{"rendered":"Skinny French Nails &#8211; Ein Klassiker neu in Szene gesetzt!"},"content":{"rendered":"\n<p>Wer kennt sie nicht? Die N\u00e4gel im klassischen French-Look, ein bew\u00e4hrter Style elegant und zu beinahe jeder Gelegenheit passend. <\/p>\n\n\n\n<blockquote class=\"wp-block-quote is-style-large is-layout-flow wp-block-quote-is-layout-flow\"><p><strong>Doch weil kein Klassiker f\u00fcr immer so bleibt wie er einmal war, pr\u00e4sentiert sich dieser Nageltrend 2021 in neuem Gewand<\/strong>. <\/p><\/blockquote>\n\n\n\n<p>`Skinny French Nails\u00b4 ist defintitiv das N\u00e4gel-Must-Have f\u00fcr diesen Sommer!<\/p>\n\n\n\n<figure class=\"wp-block-image size-full is-style-default\"><img loading=\"lazy\" decoding=\"async\" width=\"1000\" height=\"630\" src=\"https:\/\/www.promistyle.de\/wp-content\/uploads\/2021\/02\/Skinny-French-Nails-Nah.jpg\" alt=\"\" class=\"wp-image-3580\" srcset=\"https:\/\/www.promistyle.de\/wp-content\/uploads\/2021\/02\/Skinny-French-Nails-Nah.jpg 1000w, https:\/\/www.promistyle.de\/wp-content\/uploads\/2021\/02\/Skinny-French-Nails-Nah-300x189.jpg 300w, https:\/\/www.promistyle.de\/wp-content\/uploads\/2021\/02\/Skinny-French-Nails-Nah-768x484.jpg 768w\" sizes=\"auto, (max-width: 1000px) 100vw, 1000px\" \/><\/figure>\n\n\n\n<p>Die wei\u00dfe Spitze bleibt &#8211; allerdings pr\u00e4sentiert diese sich schmaler und wirkt dadurch sehr viel nat\u00fcrlicher. <\/p>\n\n\n\n<blockquote class=\"wp-block-quote is-style-large is-layout-flow wp-block-quote-is-layout-flow\"><p><strong>Das Tolle: Dieser Instagram-Trend ist tats\u00e4chlich auch mal etwas f\u00fcr Zuhause.<\/strong><\/p><\/blockquote>\n\n\n\n<p> Mit etwas \u00dcbung bekommt ihr N\u00e4gel wie aus dem Beauty-Salon. F\u00fcr ganz Mutige: Probiert doch f\u00fcr die Spitze mal andere Farben aus! <\/p>\n\n\n\n<figure class=\"wp-block-image size-full is-style-default\"><img loading=\"lazy\" decoding=\"async\" width=\"1000\" height=\"630\" src=\"https:\/\/www.promistyle.de\/wp-content\/uploads\/2021\/02\/Skinny-French-Nails-Nah-2.jpg\" alt=\"\" class=\"wp-image-3581\" srcset=\"https:\/\/www.promistyle.de\/wp-content\/uploads\/2021\/02\/Skinny-French-Nails-Nah-2.jpg 1000w, https:\/\/www.promistyle.de\/wp-content\/uploads\/2021\/02\/Skinny-French-Nails-Nah-2-300x189.jpg 300w, https:\/\/www.promistyle.de\/wp-content\/uploads\/2021\/02\/Skinny-French-Nails-Nah-2-768x484.jpg 768w\" sizes=\"auto, (max-width: 1000px) 100vw, 1000px\" \/><\/figure>\n\n\n\n<p>Was uns an diesem Beauty-Trend besonders gef\u00e4llt:<\/p>\n\n\n\n<blockquote class=\"wp-block-quote is-style-large is-layout-flow wp-block-quote-is-layout-flow\"><p> <strong>Es strahlt eine Frische aus und wirkt gleichzeitig super gepflegt.<\/strong><\/p><\/blockquote>\n\n\n\n<p> Die schmale Spitze bringt eine neue Leichtigkeit &#8211; und diese Leichtigkeit macht uns richtig Spa\u00df! Unser Tipp: Ein French-Nail-Set mit Schablone &#8211; gibt es in jeder Drogerie. Oder schaut mal bei <a href=\"https:\/\/tidd.ly\/3e9t5oC\" target=\"_blank\" rel=\"noreferrer noopener sponsored nofollow\">Breuninger.de<\/a> rein. We like!<\/p>\n\n\n\n<hr class=\"wp-block-separator\"\/>\n\n\n\n<div class=\"wp-block-group has-background custom-bottommargin\" style=\"background-color:#efefef;margin-bottom:-18px\"><div class=\"wp-block-group__inner-container is-layout-flow wp-block-group-is-layout-flow\">\n<div class=\"wp-block-group has-background has-animator custom-topmargin custom-bottommargin ext-max-width ext-maxw-align-center\" style=\"background-color:#efefef;max-width:923px;margin-top:-6px;margin-bottom:-6px\" data-anim-from=\"vertical\" data-anim-duration=\"1\" data-anim-distance=\"50\" data-anim-scale-x=\"1\" data-anim-scale-y=\"1\" data-anim-easing=\"easeInOut\" data-anim-effect=\"Cubic\"><div class=\"wp-block-group__inner-container is-layout-flow wp-block-group-is-layout-flow\">\n<p class=\"has-text-align-right has-cyan-bluish-gray-color has-text-color custom-bottommargin ext-max-width\" style=\"font-size:11px;max-width:730px;margin-bottom:6px\">Anzeige &#8211; breuninger.com<\/p>\n<\/div><\/div>\n\n\n\n<h3 class=\"has-text-align-center has-custom-lineheight custom-bottommargin wp-block-heading\" id=\"h-leidenschaft-der-lippen\" style=\"line-height:1.5;margin-bottom:30px\"><span class=\"kt-halfopacity\">Leidenschaft der Lippen!<\/span><\/h3>\n\n\n\n<div class=\"wp-block-columns is-layout-flex wp-container-core-columns-is-layout-9d6595d7 wp-block-columns-is-layout-flex\">\n<div class=\"wp-block-column is-layout-flow wp-block-column-is-layout-flow\">\n<div class=\"wp-block-image is-style-default has-custom-font has-custom-weight\" style=\"font-family:Arial;font-weight:500\"><figure class=\"aligncenter size-large is-resized\"><a href=\"https:\/\/tidd.ly\/3mj8VfG\" target=\"_blank\" rel=\"noopener\"><img loading=\"lazy\" decoding=\"async\" src=\"https:\/\/www.promistyle.de\/wp-content\/uploads\/2021\/04\/Lipstick-Chanel.png\" alt=\"Lipstick-Chanel\" class=\"wp-image-5049\" width=\"150\" height=\"200\" srcset=\"https:\/\/www.promistyle.de\/wp-content\/uploads\/2021\/04\/Lipstick-Chanel.png 300w, https:\/\/www.promistyle.de\/wp-content\/uploads\/2021\/04\/Lipstick-Chanel-225x300.png 225w\" sizes=\"auto, (max-width: 150px) 100vw, 150px\" \/><\/a><figcaption>ROUGE COCO &#8211; die Legende von CHANEL<\/figcaption><\/figure><\/div>\n<\/div>\n\n\n\n<div class=\"wp-block-column is-layout-flow wp-block-column-is-layout-flow\">\n<div class=\"wp-block-image is-style-default has-custom-font has-custom-weight\" style=\"font-family:Arial;font-weight:500\"><figure class=\"aligncenter size-large is-resized\"><a href=\"https:\/\/tidd.ly\/3cMo3iu\" target=\"_blank\" rel=\"noopener\"><img loading=\"lazy\" decoding=\"async\" src=\"https:\/\/www.promistyle.de\/wp-content\/uploads\/2021\/04\/Lipstick-Hermes.png\" alt=\"Lipstick-Hermes\" class=\"wp-image-5048\" width=\"150\" height=\"200\" srcset=\"https:\/\/www.promistyle.de\/wp-content\/uploads\/2021\/04\/Lipstick-Hermes.png 300w, https:\/\/www.promistyle.de\/wp-content\/uploads\/2021\/04\/Lipstick-Hermes-225x300.png 225w\" sizes=\"auto, (max-width: 150px) 100vw, 150px\" \/><\/a><figcaption>ROUGE HERM\u00c8S SATIN &#8211; seidig gl\u00e4nzend<\/figcaption><\/figure><\/div>\n<\/div>\n\n\n\n<div class=\"wp-block-column is-layout-flow wp-block-column-is-layout-flow\">\n<div class=\"wp-block-image is-style-default has-custom-font has-custom-weight\" style=\"font-family:Arial;font-weight:500\"><figure class=\"aligncenter size-large is-resized\"><a href=\"https:\/\/tidd.ly\/3cQAB8C\" target=\"_blank\" rel=\"noopener\"><img loading=\"lazy\" decoding=\"async\" src=\"https:\/\/www.promistyle.de\/wp-content\/uploads\/2021\/04\/Lipstick-Bobby-Brown.png\" alt=\"Lipstick-Bobby-Brown\" class=\"wp-image-5050\" width=\"150\" height=\"200\" srcset=\"https:\/\/www.promistyle.de\/wp-content\/uploads\/2021\/04\/Lipstick-Bobby-Brown.png 300w, https:\/\/www.promistyle.de\/wp-content\/uploads\/2021\/04\/Lipstick-Bobby-Brown-225x300.png 225w\" sizes=\"auto, (max-width: 150px) 100vw, 150px\" \/><\/a><figcaption>CRUSHED LIP COLOR MINI &#8211;  G\u00fcnstig<\/figcaption><\/figure><\/div>\n<\/div>\n\n\n\n<div class=\"wp-block-column is-layout-flow wp-block-column-is-layout-flow\">\n<div class=\"wp-block-image has-custom-font has-custom-weight\" style=\"font-family:Arial;font-weight:500\"><figure class=\"aligncenter size-large is-resized\"><a href=\"https:\/\/tidd.ly\/3wr6mNc\" target=\"_blank\" rel=\"noopener\"><img loading=\"lazy\" decoding=\"async\" src=\"https:\/\/www.promistyle.de\/wp-content\/uploads\/2021\/04\/Estee-Lauder-Lipstick.png\" alt=\"Estee-Lauder-Lipstick\" class=\"wp-image-5067\" width=\"150\" height=\"200\" srcset=\"https:\/\/www.promistyle.de\/wp-content\/uploads\/2021\/04\/Estee-Lauder-Lipstick.png 300w, https:\/\/www.promistyle.de\/wp-content\/uploads\/2021\/04\/Estee-Lauder-Lipstick-225x300.png 225w\" sizes=\"auto, (max-width: 150px) 100vw, 150px\" \/><\/a><figcaption>EST\u00c9E LAUDER &#8211; Neuheit im Metallic-Look<\/figcaption><\/figure><\/div>\n<\/div>\n<\/div>\n\n\n\n<div class=\"wp-block-image custom-topmargin\" style=\"margin-top:-50px\"><figure class=\"aligncenter size-large\"><a href=\"\/\/www.awin1.com\/awclick.php?gid=341221&amp;mid=11590&amp;awinaffid=829417&amp;linkid=2196688&amp;clickref=&quot;&gt;DE Textlink Beauty<\/a&gt;\" target=\"_blank\" rel=\"noopener\"><img loading=\"lazy\" decoding=\"async\" width=\"1000\" height=\"100\" src=\"https:\/\/www.promistyle.de\/wp-content\/uploads\/2021\/04\/Breuninger-Logo-Schmal.jpg\" alt=\"\" class=\"wp-image-5054\" srcset=\"https:\/\/www.promistyle.de\/wp-content\/uploads\/2021\/04\/Breuninger-Logo-Schmal.jpg 1000w, https:\/\/www.promistyle.de\/wp-content\/uploads\/2021\/04\/Breuninger-Logo-Schmal-300x30.jpg 300w, https:\/\/www.promistyle.de\/wp-content\/uploads\/2021\/04\/Breuninger-Logo-Schmal-768x77.jpg 768w\" sizes=\"auto, (max-width: 1000px) 100vw, 1000px\" \/><\/a><\/figure><\/div>\n<\/div><\/div>\n\n\n\n<hr class=\"wp-block-separator\"\/>\n","protected":false},"excerpt":{"rendered":"<p>Wer kennt sie nicht? Die N\u00e4gel im klassischen French-Look, ein bew\u00e4hrter Style elegant und zu beinahe jeder Gelegenheit passend. Doch weil kein Klassiker f\u00fcr immer so bleibt wie er einmal war, pr\u00e4sentiert sich dieser Nageltrend 2021 in neuem Gewand. `Skinny French Nails\u00b4 ist defintitiv das N\u00e4gel-Must-Have f\u00fcr diesen Sommer! Die wei\u00dfe Spitze bleibt &#8211; allerdings [&hellip;]<\/p>\n","protected":false},"author":10,"featured_media":3579,"comment_status":"closed","ping_status":"closed","sticky":false,"template":"","format":"standard","meta":{"_uag_custom_page_level_css":"","footnotes":""},"categories":[113],"tags":[12,49,141],"class_list":["post-3578","post","type-post","status-publish","format-standard","has-post-thumbnail","hentry","category-lifestyle","tag-beauty","tag-lifestyle","tag-mode"],"yoast_head":"<!-- This site is optimized with the Yoast SEO plugin v26.6 - https:\/\/yoast.com\/wordpress\/plugins\/seo\/ -->\n<title>Skinny French Nails - Ein Klassiker neu in Szene gesetzt! - promistyle.de<\/title>\n<meta name=\"description\" content=\"Der Nageltrend 2021 ist ein Klassiker in neuem Gewand: `Skinny French Nails\u00b4 ist defintitiv das N\u00e4gel-Must-Have f\u00fcr diesen Sommer!\" \/>\n<meta name=\"robots\" content=\"index, follow, max-snippet:-1, max-image-preview:large, max-video-preview:-1\" \/>\n<link rel=\"canonical\" href=\"https:\/\/www.promistyle.de\/?p=3578\" \/>\n<meta property=\"og:locale\" content=\"de_DE\" \/>\n<meta property=\"og:type\" content=\"article\" \/>\n<meta property=\"og:title\" content=\"Skinny French Nails - Ein Klassiker neu in Szene gesetzt! - promistyle.de\" \/>\n<meta property=\"og:description\" content=\"Der Nageltrend 2021 ist ein Klassiker in neuem Gewand: `Skinny French Nails\u00b4 ist defintitiv das N\u00e4gel-Must-Have f\u00fcr diesen Sommer!\" \/>\n<meta property=\"og:url\" content=\"https:\/\/www.promistyle.de\/?p=3578\" \/>\n<meta property=\"og:site_name\" content=\"promistyle.de\" \/>\n<meta property=\"article:publisher\" content=\"https:\/\/www.facebook.com\/PromiStyle.de\" \/>\n<meta property=\"article:published_time\" content=\"2021-02-15T17:40:03+00:00\" \/>\n<meta property=\"article:modified_time\" content=\"2021-04-15T19:32:55+00:00\" \/>\n<meta property=\"og:image\" content=\"https:\/\/www.promistyle.de\/wp-content\/uploads\/2021\/02\/Skinny-french-Titel.jpg\" \/>\n\t<meta property=\"og:image:width\" content=\"1000\" \/>\n\t<meta property=\"og:image:height\" content=\"630\" \/>\n\t<meta property=\"og:image:type\" content=\"image\/jpeg\" \/>\n<meta name=\"author\" content=\"Meike\" \/>\n<meta name=\"twitter:card\" content=\"summary_large_image\" \/>\n<meta name=\"twitter:creator\" content=\"@PromiStyle\" \/>\n<meta name=\"twitter:site\" content=\"@PromiStyle\" \/>\n<meta name=\"twitter:label1\" content=\"Verfasst von\" \/>\n\t<meta name=\"twitter:data1\" content=\"Meike\" \/>\n\t<meta name=\"twitter:label2\" content=\"Gesch\u00e4tzte Lesezeit\" \/>\n\t<meta name=\"twitter:data2\" content=\"2\u00a0Minuten\" \/>\n<script type=\"application\/ld+json\" class=\"yoast-schema-graph\">{\"@context\":\"https:\/\/schema.org\",\"@graph\":[{\"@type\":\"Article\",\"@id\":\"https:\/\/www.promistyle.de\/?p=3578#article\",\"isPartOf\":{\"@id\":\"https:\/\/www.promistyle.de\/?p=3578\"},\"author\":{\"name\":\"Meike\",\"@id\":\"https:\/\/www.promistyle.de\/#\/schema\/person\/75dbd4ed7f94cf56b031c9565fa12425\"},\"headline\":\"Skinny French Nails &#8211; Ein Klassiker neu in Szene gesetzt!\",\"datePublished\":\"2021-02-15T17:40:03+00:00\",\"dateModified\":\"2021-04-15T19:32:55+00:00\",\"mainEntityOfPage\":{\"@id\":\"https:\/\/www.promistyle.de\/?p=3578\"},\"wordCount\":175,\"publisher\":{\"@id\":\"https:\/\/www.promistyle.de\/#organization\"},\"image\":{\"@id\":\"https:\/\/www.promistyle.de\/?p=3578#primaryimage\"},\"thumbnailUrl\":\"https:\/\/www.promistyle.de\/wp-content\/uploads\/2021\/02\/Skinny-french-Titel.jpg\",\"keywords\":[\"Beauty\",\"Lifestyle\",\"Mode\"],\"articleSection\":[\"Lifestyle\"],\"inLanguage\":\"de\"},{\"@type\":\"WebPage\",\"@id\":\"https:\/\/www.promistyle.de\/?p=3578\",\"url\":\"https:\/\/www.promistyle.de\/?p=3578\",\"name\":\"Skinny French Nails - Ein Klassiker neu in Szene gesetzt! - promistyle.de\",\"isPartOf\":{\"@id\":\"https:\/\/www.promistyle.de\/#website\"},\"primaryImageOfPage\":{\"@id\":\"https:\/\/www.promistyle.de\/?p=3578#primaryimage\"},\"image\":{\"@id\":\"https:\/\/www.promistyle.de\/?p=3578#primaryimage\"},\"thumbnailUrl\":\"https:\/\/www.promistyle.de\/wp-content\/uploads\/2021\/02\/Skinny-french-Titel.jpg\",\"datePublished\":\"2021-02-15T17:40:03+00:00\",\"dateModified\":\"2021-04-15T19:32:55+00:00\",\"description\":\"Der Nageltrend 2021 ist ein Klassiker in neuem Gewand: `Skinny French Nails\u00b4 ist defintitiv das N\u00e4gel-Must-Have f\u00fcr diesen Sommer!\",\"breadcrumb\":{\"@id\":\"https:\/\/www.promistyle.de\/?p=3578#breadcrumb\"},\"inLanguage\":\"de\",\"potentialAction\":[{\"@type\":\"ReadAction\",\"target\":[\"https:\/\/www.promistyle.de\/?p=3578\"]}]},{\"@type\":\"ImageObject\",\"inLanguage\":\"de\",\"@id\":\"https:\/\/www.promistyle.de\/?p=3578#primaryimage\",\"url\":\"https:\/\/www.promistyle.de\/wp-content\/uploads\/2021\/02\/Skinny-french-Titel.jpg\",\"contentUrl\":\"https:\/\/www.promistyle.de\/wp-content\/uploads\/2021\/02\/Skinny-french-Titel.jpg\",\"width\":1000,\"height\":630,\"caption\":\"Skinny French Nails\"},{\"@type\":\"BreadcrumbList\",\"@id\":\"https:\/\/www.promistyle.de\/?p=3578#breadcrumb\",\"itemListElement\":[{\"@type\":\"ListItem\",\"position\":1,\"name\":\"Startseite\",\"item\":\"https:\/\/www.promistyle.de\/\"},{\"@type\":\"ListItem\",\"position\":2,\"name\":\"Skinny French Nails &#8211; Ein Klassiker neu in Szene gesetzt!\"}]},{\"@type\":\"WebSite\",\"@id\":\"https:\/\/www.promistyle.de\/#website\",\"url\":\"https:\/\/www.promistyle.de\/\",\"name\":\"PromiStyle\",\"description\":\"Good Vibes Only\",\"publisher\":{\"@id\":\"https:\/\/www.promistyle.de\/#organization\"},\"potentialAction\":[{\"@type\":\"SearchAction\",\"target\":{\"@type\":\"EntryPoint\",\"urlTemplate\":\"https:\/\/www.promistyle.de\/?s={search_term_string}\"},\"query-input\":{\"@type\":\"PropertyValueSpecification\",\"valueRequired\":true,\"valueName\":\"search_term_string\"}}],\"inLanguage\":\"de\"},{\"@type\":\"Organization\",\"@id\":\"https:\/\/www.promistyle.de\/#organization\",\"name\":\"PromiStyle\",\"url\":\"https:\/\/www.promistyle.de\/\",\"logo\":{\"@type\":\"ImageObject\",\"inLanguage\":\"de\",\"@id\":\"https:\/\/www.promistyle.de\/#\/schema\/logo\/image\/\",\"url\":\"https:\/\/www.promistyle.de\/wp-content\/uploads\/2021\/03\/cropped-Logo-Style-09-04-20-1.png\",\"contentUrl\":\"https:\/\/www.promistyle.de\/wp-content\/uploads\/2021\/03\/cropped-Logo-Style-09-04-20-1.png\",\"width\":512,\"height\":512,\"caption\":\"PromiStyle\"},\"image\":{\"@id\":\"https:\/\/www.promistyle.de\/#\/schema\/logo\/image\/\"},\"sameAs\":[\"https:\/\/www.facebook.com\/PromiStyle.de\",\"https:\/\/x.com\/PromiStyle\",\"https:\/\/www.instagram.com\/promistyle\"]},{\"@type\":\"Person\",\"@id\":\"https:\/\/www.promistyle.de\/#\/schema\/person\/75dbd4ed7f94cf56b031c9565fa12425\",\"name\":\"Meike\",\"image\":{\"@type\":\"ImageObject\",\"inLanguage\":\"de\",\"@id\":\"https:\/\/www.promistyle.de\/#\/schema\/person\/image\/\",\"url\":\"https:\/\/secure.gravatar.com\/avatar\/fcfb246797abb78dc35a3f47e24957e7887cbe27b9424103907286d676d4ac39?s=96&d=blank&r=g\",\"contentUrl\":\"https:\/\/secure.gravatar.com\/avatar\/fcfb246797abb78dc35a3f47e24957e7887cbe27b9424103907286d676d4ac39?s=96&d=blank&r=g\",\"caption\":\"Meike\"},\"url\":\"https:\/\/www.promistyle.de\/?author=10\"}]}<\/script>\n<!-- \/ Yoast SEO plugin. -->","yoast_head_json":{"title":"Skinny French Nails - Ein Klassiker neu in Szene gesetzt! - promistyle.de","description":"Der Nageltrend 2021 ist ein Klassiker in neuem Gewand: `Skinny French Nails\u00b4 ist defintitiv das N\u00e4gel-Must-Have f\u00fcr diesen Sommer!","robots":{"index":"index","follow":"follow","max-snippet":"max-snippet:-1","max-image-preview":"max-image-preview:large","max-video-preview":"max-video-preview:-1"},"canonical":"https:\/\/www.promistyle.de\/?p=3578","og_locale":"de_DE","og_type":"article","og_title":"Skinny French Nails - Ein Klassiker neu in Szene gesetzt! - promistyle.de","og_description":"Der Nageltrend 2021 ist ein Klassiker in neuem Gewand: `Skinny French Nails\u00b4 ist defintitiv das N\u00e4gel-Must-Have f\u00fcr diesen Sommer!","og_url":"https:\/\/www.promistyle.de\/?p=3578","og_site_name":"promistyle.de","article_publisher":"https:\/\/www.facebook.com\/PromiStyle.de","article_published_time":"2021-02-15T17:40:03+00:00","article_modified_time":"2021-04-15T19:32:55+00:00","og_image":[{"width":1000,"height":630,"url":"https:\/\/www.promistyle.de\/wp-content\/uploads\/2021\/02\/Skinny-french-Titel.jpg","type":"image\/jpeg"}],"author":"Meike","twitter_card":"summary_large_image","twitter_creator":"@PromiStyle","twitter_site":"@PromiStyle","twitter_misc":{"Verfasst von":"Meike","Gesch\u00e4tzte Lesezeit":"2\u00a0Minuten"},"schema":{"@context":"https:\/\/schema.org","@graph":[{"@type":"Article","@id":"https:\/\/www.promistyle.de\/?p=3578#article","isPartOf":{"@id":"https:\/\/www.promistyle.de\/?p=3578"},"author":{"name":"Meike","@id":"https:\/\/www.promistyle.de\/#\/schema\/person\/75dbd4ed7f94cf56b031c9565fa12425"},"headline":"Skinny French Nails &#8211; Ein Klassiker neu in Szene gesetzt!","datePublished":"2021-02-15T17:40:03+00:00","dateModified":"2021-04-15T19:32:55+00:00","mainEntityOfPage":{"@id":"https:\/\/www.promistyle.de\/?p=3578"},"wordCount":175,"publisher":{"@id":"https:\/\/www.promistyle.de\/#organization"},"image":{"@id":"https:\/\/www.promistyle.de\/?p=3578#primaryimage"},"thumbnailUrl":"https:\/\/www.promistyle.de\/wp-content\/uploads\/2021\/02\/Skinny-french-Titel.jpg","keywords":["Beauty","Lifestyle","Mode"],"articleSection":["Lifestyle"],"inLanguage":"de"},{"@type":"WebPage","@id":"https:\/\/www.promistyle.de\/?p=3578","url":"https:\/\/www.promistyle.de\/?p=3578","name":"Skinny French Nails - Ein Klassiker neu in Szene gesetzt! - promistyle.de","isPartOf":{"@id":"https:\/\/www.promistyle.de\/#website"},"primaryImageOfPage":{"@id":"https:\/\/www.promistyle.de\/?p=3578#primaryimage"},"image":{"@id":"https:\/\/www.promistyle.de\/?p=3578#primaryimage"},"thumbnailUrl":"https:\/\/www.promistyle.de\/wp-content\/uploads\/2021\/02\/Skinny-french-Titel.jpg","datePublished":"2021-02-15T17:40:03+00:00","dateModified":"2021-04-15T19:32:55+00:00","description":"Der Nageltrend 2021 ist ein Klassiker in neuem Gewand: `Skinny French Nails\u00b4 ist defintitiv das N\u00e4gel-Must-Have f\u00fcr diesen Sommer!","breadcrumb":{"@id":"https:\/\/www.promistyle.de\/?p=3578#breadcrumb"},"inLanguage":"de","potentialAction":[{"@type":"ReadAction","target":["https:\/\/www.promistyle.de\/?p=3578"]}]},{"@type":"ImageObject","inLanguage":"de","@id":"https:\/\/www.promistyle.de\/?p=3578#primaryimage","url":"https:\/\/www.promistyle.de\/wp-content\/uploads\/2021\/02\/Skinny-french-Titel.jpg","contentUrl":"https:\/\/www.promistyle.de\/wp-content\/uploads\/2021\/02\/Skinny-french-Titel.jpg","width":1000,"height":630,"caption":"Skinny French Nails"},{"@type":"BreadcrumbList","@id":"https:\/\/www.promistyle.de\/?p=3578#breadcrumb","itemListElement":[{"@type":"ListItem","position":1,"name":"Startseite","item":"https:\/\/www.promistyle.de\/"},{"@type":"ListItem","position":2,"name":"Skinny French Nails &#8211; Ein Klassiker neu in Szene gesetzt!"}]},{"@type":"WebSite","@id":"https:\/\/www.promistyle.de\/#website","url":"https:\/\/www.promistyle.de\/","name":"PromiStyle","description":"Good Vibes Only","publisher":{"@id":"https:\/\/www.promistyle.de\/#organization"},"potentialAction":[{"@type":"SearchAction","target":{"@type":"EntryPoint","urlTemplate":"https:\/\/www.promistyle.de\/?s={search_term_string}"},"query-input":{"@type":"PropertyValueSpecification","valueRequired":true,"valueName":"search_term_string"}}],"inLanguage":"de"},{"@type":"Organization","@id":"https:\/\/www.promistyle.de\/#organization","name":"PromiStyle","url":"https:\/\/www.promistyle.de\/","logo":{"@type":"ImageObject","inLanguage":"de","@id":"https:\/\/www.promistyle.de\/#\/schema\/logo\/image\/","url":"https:\/\/www.promistyle.de\/wp-content\/uploads\/2021\/03\/cropped-Logo-Style-09-04-20-1.png","contentUrl":"https:\/\/www.promistyle.de\/wp-content\/uploads\/2021\/03\/cropped-Logo-Style-09-04-20-1.png","width":512,"height":512,"caption":"PromiStyle"},"image":{"@id":"https:\/\/www.promistyle.de\/#\/schema\/logo\/image\/"},"sameAs":["https:\/\/www.facebook.com\/PromiStyle.de","https:\/\/x.com\/PromiStyle","https:\/\/www.instagram.com\/promistyle"]},{"@type":"Person","@id":"https:\/\/www.promistyle.de\/#\/schema\/person\/75dbd4ed7f94cf56b031c9565fa12425","name":"Meike","image":{"@type":"ImageObject","inLanguage":"de","@id":"https:\/\/www.promistyle.de\/#\/schema\/person\/image\/","url":"https:\/\/secure.gravatar.com\/avatar\/fcfb246797abb78dc35a3f47e24957e7887cbe27b9424103907286d676d4ac39?s=96&d=blank&r=g","contentUrl":"https:\/\/secure.gravatar.com\/avatar\/fcfb246797abb78dc35a3f47e24957e7887cbe27b9424103907286d676d4ac39?s=96&d=blank&r=g","caption":"Meike"},"url":"https:\/\/www.promistyle.de\/?author=10"}]}},"uagb_featured_image_src":{"full":["https:\/\/www.promistyle.de\/wp-content\/uploads\/2021\/02\/Skinny-french-Titel.jpg",1000,630,false],"thumbnail":["https:\/\/www.promistyle.de\/wp-content\/uploads\/2021\/02\/Skinny-french-Titel-150x150.jpg",150,150,true],"medium":["https:\/\/www.promistyle.de\/wp-content\/uploads\/2021\/02\/Skinny-french-Titel-300x189.jpg",300,189,true],"medium_large":["https:\/\/www.promistyle.de\/wp-content\/uploads\/2021\/02\/Skinny-french-Titel-768x484.jpg",768,484,true],"large":["https:\/\/www.promistyle.de\/wp-content\/uploads\/2021\/02\/Skinny-french-Titel.jpg",1000,630,false],"gs-tiny":["https:\/\/www.promistyle.de\/wp-content\/uploads\/2021\/02\/Skinny-french-Titel.jpg",50,32,false],"xl":["https:\/\/www.promistyle.de\/wp-content\/uploads\/2021\/02\/Skinny-french-Titel.jpg",1000,630,false],"xxl":["https:\/\/www.promistyle.de\/wp-content\/uploads\/2021\/02\/Skinny-french-Titel.jpg",1000,630,false],"xxxl":["https:\/\/www.promistyle.de\/wp-content\/uploads\/2021\/02\/Skinny-french-Titel.jpg",1000,630,false],"xxxxl":["https:\/\/www.promistyle.de\/wp-content\/uploads\/2021\/02\/Skinny-french-Titel.jpg",1000,630,false],"xxxxxl":["https:\/\/www.promistyle.de\/wp-content\/uploads\/2021\/02\/Skinny-french-Titel.jpg",1000,630,false],"1536x1536":["https:\/\/www.promistyle.de\/wp-content\/uploads\/2021\/02\/Skinny-french-Titel.jpg",1000,630,false],"2048x2048":["https:\/\/www.promistyle.de\/wp-content\/uploads\/2021\/02\/Skinny-french-Titel.jpg",1000,630,false],"post-thumbnail":["https:\/\/www.promistyle.de\/wp-content\/uploads\/2021\/02\/Skinny-french-Titel-1000x600.jpg",1000,600,true],"mvp-post-thumb":["https:\/\/www.promistyle.de\/wp-content\/uploads\/2021\/02\/Skinny-french-Titel-1000x600.jpg",1000,600,true],"mvp-mid-thumb":["https:\/\/www.promistyle.de\/wp-content\/uploads\/2021\/02\/Skinny-french-Titel-400x240.jpg",400,240,true],"mvp-small-thumb":["https:\/\/www.promistyle.de\/wp-content\/uploads\/2021\/02\/Skinny-french-Titel-100x100.jpg",100,100,true]},"uagb_author_info":{"display_name":"Meike","author_link":"https:\/\/www.promistyle.de\/?author=10"},"uagb_comment_info":0,"uagb_excerpt":"Wer kennt sie nicht? Die N\u00e4gel im klassischen French-Look, ein bew\u00e4hrter Style elegant und zu beinahe jeder Gelegenheit passend. Doch weil kein Klassiker f\u00fcr immer so bleibt wie er einmal war, pr\u00e4sentiert sich dieser Nageltrend 2021 in neuem Gewand. `Skinny French Nails\u00b4 ist defintitiv das N\u00e4gel-Must-Have f\u00fcr diesen Sommer! Die wei\u00dfe Spitze bleibt &#8211; allerdings&hellip;","_links":{"self":[{"href":"https:\/\/www.promistyle.de\/index.php?rest_route=\/wp\/v2\/posts\/3578","targetHints":{"allow":["GET"]}}],"collection":[{"href":"https:\/\/www.promistyle.de\/index.php?rest_route=\/wp\/v2\/posts"}],"about":[{"href":"https:\/\/www.promistyle.de\/index.php?rest_route=\/wp\/v2\/types\/post"}],"author":[{"embeddable":true,"href":"https:\/\/www.promistyle.de\/index.php?rest_route=\/wp\/v2\/users\/10"}],"replies":[{"embeddable":true,"href":"https:\/\/www.promistyle.de\/index.php?rest_route=%2Fwp%2Fv2%2Fcomments&post=3578"}],"version-history":[{"count":19,"href":"https:\/\/www.promistyle.de\/index.php?rest_route=\/wp\/v2\/posts\/3578\/revisions"}],"predecessor-version":[{"id":5287,"href":"https:\/\/www.promistyle.de\/index.php?rest_route=\/wp\/v2\/posts\/3578\/revisions\/5287"}],"wp:featuredmedia":[{"embeddable":true,"href":"https:\/\/www.promistyle.de\/index.php?rest_route=\/wp\/v2\/media\/3579"}],"wp:attachment":[{"href":"https:\/\/www.promistyle.de\/index.php?rest_route=%2Fwp%2Fv2%2Fmedia&parent=3578"}],"wp:term":[{"taxonomy":"category","embeddable":true,"href":"https:\/\/www.promistyle.de\/index.php?rest_route=%2Fwp%2Fv2%2Fcategories&post=3578"},{"taxonomy":"post_tag","embeddable":true,"href":"https:\/\/www.promistyle.de\/index.php?rest_route=%2Fwp%2Fv2%2Ftags&post=3578"}],"curies":[{"name":"wp","href":"https:\/\/api.w.org\/{rel}","templated":true}]}}