{"id":3163,"date":"2021-02-24T16:20:12","date_gmt":"2021-02-24T15:20:12","guid":{"rendered":"https:\/\/www.promileaks.com\/?p=3163"},"modified":"2021-05-12T17:28:46","modified_gmt":"2021-05-12T15:28:46","slug":"natalie-alison-42-mein-hund-knurrt-mir-alle-verehrer-weg","status":"publish","type":"post","link":"https:\/\/www.promistyle.de\/?p=3163","title":{"rendered":"`Sturm der Liebe\u00b4-Star Natalie Alison &#8211; \u201eMein Hund knurrt mir alle Verehrer weg\u201c"},"content":{"rendered":"\n<p>Nach ihrem `Sturm der Liebe`-Comeback ist Natalie Alison wieder zur\u00fcck im Serien-Gesch\u00e4ft. Wie es ihr in den vergangenen Jahren ergangen ist &#8211; und wie es bei ihr pers\u00f6nlich in der Liebe so `st\u00fcrmt\u00b4, erz\u00e4hlte die sympathische Schauspielerin im Interview mit Martina Mack.<\/p>\n\n\n\n<blockquote class=\"wp-block-quote is-layout-flow wp-block-quote-is-layout-flow\"><p><strong>Frau Alison, nach acht Jahren sind Sie wieder zu &#8220;Sturm der Liebe&#8221; zur\u00fcckgekehrt&#8230;<\/strong><\/p><\/blockquote>\n\n\n\n<p>Ja, ich bin 2012 bei \u201eSturm der Liebe\u201c ausgestiegen, jetzt bin ich wieder dabei und sehr gl\u00fccklich dar\u00fcber. Ich habe meine Rolle als \u201eRosalie Engel\u201c immer sehr geliebt und bin sehr dankbar, dass die Geschichte mit ihr weiter geht.<\/p>\n\n\n\n<p><a href=\"https:\/\/www.awin1.com\/cread.php?s=2712654&amp;v=10076&amp;q=362946&amp;r=829417\"><\/a><\/p>\n\n\n\n<div class=\"wp-block-kioken-rowlayout alignnone bust-out-none\"><div id=\"kt-layout-id_50e9ec-a8\" class=\"kio-row-layout-inner kt-row-has-bg kt-layout-id_50e9ec-a8\" style=\"background-color:#efefef\"><div class=\"kt-row-column-wrap kt-has-2-columns kt-gutter-default kt-row-valign-top kio-row-layout-equal kt-tab-layout-inherit kt-m-colapse-left-to-right kt-mobile-layout-row\">\n<div class=\"wp-block-kioken-column inner-column-1 kioken-column_781f49-f3\"><div class=\"kt-inside-inner-col\" style=\"background-blend-mode:normal\"><div>\n<p class=\"has-text-align-right has-cyan-bluish-gray-color has-text-color has-custom-font mb-0 mt-0\" style=\"font-size:10px;font-family:Arial\">WERBUNG<\/p>\n\n\n\n<!-- Das ist ein Banner wenn das Bild darin die volle Breite haben soll.\nBei dem (a) target=\"_blank\" und bei dem (img) width=\"100%\" -->\n\n\n\n<!-- START ADVERTISER: Douglas Parf\u00fcmerie DE from awin.com -->\n\n<a href=\"https:\/\/www.awin1.com\/cread.php?s=2383256&amp;v=10076&amp;q=362944&amp;r=829417\" target=\"_blank\" rel=\"noopener\">\n    <img decoding=\"async\" src=\"https:\/\/www.awin1.com\/cshow.php?s=2383256&amp;v=10076&amp;q=362944&amp;r=829417\" width=\"100%\" border=\"0\">\n<\/a>\n\n<!-- END ADVERTISER: Douglas Parf\u00fcmerie DE from awin.com -->\n<\/div><\/div><\/div>\n<\/div><\/div><\/div>\n\n\n\n<blockquote class=\"wp-block-quote is-layout-flow wp-block-quote-is-layout-flow\"><p><strong>Wie ist es Ihnen in den letzten acht Jahren ergangen?<\/strong><\/p><\/blockquote>\n\n\n\n<p>Ich bin nach meinem Ausstieg nach Amerika gegangen. Ich war dort ja schon sehr oft, habe die Schauspielschule besucht, immer wieder Coachings gemacht. Ich wollte mir aber einfach mal eine Auszeit nehmen, habe dann aber noch eine Ausbildung zur Yoga-Lehrerin gemacht. Und ich habe dort mein erstes Drehbuch geschrieben f\u00fcr einen Film, der \u201eHEDY\u201c hei\u00dfen soll. Es geht darin um die Geschichte meiner Gro\u00dfmutter im Zweiten Weltkrieg, die stellvertretend f\u00fcr viele Frauen in dieser Zeit steht. Jetzt bin ich auf der Suche nach einem Produzenten, der mein Drehbuch verfilmt. Ich habe schon drei Preise f\u00fcr das Drehbuch gewonnen, ich w\u00fcrde mich riesig freuen, wenn es bald verfilmt w\u00fcrde.<\/p>\n\n\n\n<blockquote class=\"wp-block-quote is-layout-flow wp-block-quote-is-layout-flow\"><p><strong>Widmen Sie den Film dann Ihrer Oma?<\/strong><\/p><\/blockquote>\n\n\n\n<p>Ja, Oma Hedy ist gestorben, als ich 17 war, also vor 25 Jahren. Sie wurde 78 Jahre alt. Wir hatten eine besonders innige Beziehung, wie das oft zu Gro\u00dfm\u00fcttern ist. Bei der Oma darf man alles, w\u00e4hrend die Eltern oft strenger sind. Und man bekommt diese ganz besondere Liebe.<\/p>\n\n\n\n<blockquote class=\"wp-block-quote is-layout-flow wp-block-quote-is-layout-flow\"><p><strong>Hat Ihnen Ihre Gro\u00dfmutter oft vom Krieg erz\u00e4hlt?<\/strong><\/p><\/blockquote>\n\n\n\n<p>Ja, sie hat oft davon gesprochen. Mein Opa kam nicht aus dem Krieg zur\u00fcck, er hat meine Mutter nie gesehen. Er hat zwar erfahren, dass er eine Tochter bekommen hat, hat es aber nicht mehr erlebt. Ich wollte, dass diese Geschichte erz\u00e4hlt wird, weil viele Familien \u00e4hnliche Schicksale erlebt haben. Die Frauen sind die wahren Heldinnen dieser Zeit. Was sie alles geleistet haben, k\u00f6nnen wir uns kaum vorstellen. Es gab ja nichts, kein Essen, keinen Strom, die St\u00e4dte zerbombt. Trotz dieser widrigen Umst\u00e4nde haben sie die Kinder durchgebracht. Davor muss man den Hut ziehen.<\/p>\n\n\n\n<div class=\"wp-block-group has-background custom-bottommargin\" style=\"background-color:#efefef;margin-bottom:45px\"><div class=\"wp-block-group__inner-container is-layout-flow wp-block-group-is-layout-flow\">\n<div class=\"wp-block-group has-background custom-topmargin custom-bottommargin ext-max-width ext-maxw-align-center\" style=\"background-color:#efefef;max-width:923px;margin-top:-6px;margin-bottom:-6px\"><div class=\"wp-block-group__inner-container is-layout-flow wp-block-group-is-layout-flow\">\n<p class=\"has-text-align-right has-cyan-bluish-gray-color has-text-color custom-bottommargin ext-max-width\" style=\"font-size:11px;max-width:730px;margin-bottom:6px\">Anzeige &#8211; krueger-dirndl.de<\/p>\n<\/div><\/div>\n\n\n\n<!-- START ADVERTISER: Kr\u00fcger Dirndl DE from awin.com -->\n\n<a href=\"https:\/\/www.awin1.com\/cread.php?s=2837346&amp;v=13818&amp;q=360731&amp;r=829417\" target=\"_blank\" rel=\"noopener\">\n    <img decoding=\"async\" id=\"image\" style=\"width: 100%;\" src=\"https:\/\/www.awin1.com\/cshow.php?s=2837346&amp;v=13818&amp;q=360731&amp;r=829417\" border=\"0\">\n<\/a>\n\n<!-- END ADVERTISER: Kr\u00fcger Dirndl DE from awin.com -->\n\n\n\n<div class=\"wp-block-group is-layout-flow wp-block-group-is-layout-flow\"><div class=\"wp-block-group__inner-container\"><\/div><\/div>\n\n\n\n<p class=\"custom-topmargin\" style=\"margin-top:-35px\"><\/p>\n<\/div><\/div>\n\n\n\n<p><strong>Sie haben in den letzten Jahren viele verschiedene Dinge gemacht, unter anderem einen Werbespot f\u00fcr das Land Indien, als wundersch\u00f6ne Maharani&#8230;<\/strong><\/p>\n\n\n\n<p>Ja, das war aufregend. Ich spielte 2018 in einem Werbespot mit, bin daf\u00fcr nach Indien geflogen. Ich war noch die da, und habe mich bei einem Online-Casting bei einer britischen Agentur beworben. Dass es geklappt hat, war unglaublich. Ich hatte mir das beim Universum bestellt, und war so gl\u00fccklich, als ich die Zusage bekam \u2013 auch wenn daf\u00fcr nicht viel bezahlt werden konnte, war es mir das wert.<\/p>\n\n\n\n<blockquote class=\"wp-block-quote is-layout-flow wp-block-quote-is-layout-flow\"><p><strong>Funktionieren Ihre Bestellungen beim Universum immer?<\/strong><\/p><\/blockquote>\n\n\n\n<p>Ja, mal besser, mal schlechter. Aber ich habe immer wieder Erfolgserlebnisse und mache das regelm\u00e4\u00dfig. Es ist auf jeden Fall immer spannend, ob es klappt oder nicht.<\/p>\n\n\n\n<blockquote class=\"wp-block-quote is-layout-flow wp-block-quote-is-layout-flow\"><p><strong>Wie lief der Dreh in Indien ab?<\/strong><\/p><\/blockquote>\n\n\n\n<p>Ich bin nach Rajasthan gereist und war total \u00fcberw\u00e4ltigt von dem Land. Der Trubel, die leuchtenden Farben, die prachtvollen K\u00f6nigspal\u00e4ste und Festungen. Vor lauter Angst, dass ich vom indischen Essen krank werden k\u00f6nnte, habe ich alles von zuhause mitgenommen. Brot, Schokolade. Ich habe dort nur trockenen Reis gegessen. Der Dreh war unheimlich aufwendig. Die drehen da wie in Hollywood, das Set wurde erst einmal eine Stunde eingeleuchtet, ich hatte eine gro\u00dfartige Make-up-Artistin, einen eigenen Fahrer. F\u00fcr den Spot spielte ich eine Mode-Redakteurin, die aus New York nach Indien kommt. Ich war die \u201eMaharani aus Manhattan\u201c und f\u00fcr diese \u201eManhattan-Aufnahmen\u201c flogen wir dann weiter nach Malaysia, weil es in Kuala Lumpur mehr Wolkenkratzer gibt als in Indien. Alles in allem war das eine tolle Erfahrung. Ich habe danach noch ein zweites Drehbuch geschrieben, eine Kom\u00f6die.&nbsp; Das ist eine Lovestory, die in Indien spielt\u2026 Auch da hoffe ich, dass ich einen Produzenten finde, der es verfilmt.<\/p>\n\n\n\n<blockquote class=\"wp-block-quote is-layout-flow wp-block-quote-is-layout-flow\"><p><strong>Aktuell sind Sie zurzeit auch in einer Sendung in Ihrer Heimat \u00d6sterreich im Programm&#8230;<\/strong><\/p><\/blockquote>\n\n\n\n<p>Ja, ich spiele in der Sendung  \u201eWalking on Sunshine\u201c mit. Da geht es um die Hochs und Tiefs des Lebens \u2013 in menschlicher wie meteorologischer Sicht. Ich spiele die etwas chaotische Wettermoderatorin \u201eSandra Sch\u00f6n.\u201c In der n\u00e4chsten Zeit werde ich also zwischen \u201eSturm der Liebe\u201c in M\u00fcnchen und dem Dreh in Wien hin und her pendeln. Denn bald beginnen die Dreharbeiten f\u00fcr die n\u00e4chste Staffel.<\/p>\n\n\n\n<div class=\"wp-block-group has-white-color has-white-background-color has-text-color has-background custom-bottommargin\" style=\"margin-bottom:-25px\"><div class=\"wp-block-group__inner-container is-layout-flow wp-block-group-is-layout-flow\">\n<div class=\"wp-block-group has-white-background-color has-background custom-topmargin custom-bottommargin ext-max-width ext-maxw-align-center\" style=\"max-width:923px;margin-top:-6px;margin-bottom:-6px\"><div class=\"wp-block-group__inner-container is-layout-flow wp-block-group-is-layout-flow\">\n<p class=\"has-text-align-left has-cyan-bluish-gray-color has-text-color custom-bottommargin ext-max-width\" style=\"font-size:11px;max-width:730px;margin-bottom:6px\">Anzeige &#8211; <a href=\"https:\/\/www.awin1.com\/awclick.php?gid=390872&amp;mid=19632&amp;awinaffid=829417&amp;linkid=2655904&amp;clickref=\" target=\"_blank\" rel=\"noreferrer noopener\">lumoava.de<\/a><\/p>\n<\/div><\/div>\n\n\n\n<div class=\"wp-block-group ext-max-width ext-maxw-align-left\" style=\"max-width:1027px\"><div class=\"wp-block-group__inner-container is-layout-flow wp-block-group-is-layout-flow\">\n<div class=\"wp-block-columns are-vertically-aligned-center is-layout-flex wp-container-core-columns-is-layout-9d6595d7 wp-block-columns-is-layout-flex\">\n<div class=\"wp-block-column is-vertically-aligned-center is-layout-flow wp-block-column-is-layout-flow\" style=\"flex-basis:50%\">\n<!-- START ADVERTISER: Lumoava DE from awin.com -->\n\n<a href=\"https:\/\/www.awin1.com\/cread.php?s=2654788&amp;v=19632&amp;q=390697&amp;r=829417\" target=\"_blank\" rel=\"noopener\">\n    <img decoding=\"async\" src=\"https:\/\/www.awin1.com\/cshow.php?s=2654788&amp;v=19632&amp;q=390697&amp;r=829417\" border=\"0\">\n<\/a>\n\n<!-- END ADVERTISER: Lumoava DE from awin.com -->\n\n\n\n<!-- END ADVERTISER: Lumoava DE from awin.com -->\n\n<!-- END ADVERTISER: Breuninger DACH from awin.com -->\n<\/div>\n<\/div>\n<\/div><\/div>\n<\/div><\/div>\n\n\n\n<blockquote class=\"wp-block-quote is-layout-flow wp-block-quote-is-layout-flow\"><p><strong>Stimmt es, dass Sie in den USA gerade eine Rolle bekommen hatten \u2013 unmittelbar vor dem Corona &#8211; Lockdown?<\/strong><\/p><\/blockquote>\n\n\n\n<p>Ja, ich hatte endlich \u2013 nach 20 Jahren, seit ich dort versuche, Fu\u00df zu fassen \u2013 eine Zusage f\u00fcr einen Film f\u00fcr einen Online-Streaming-Dienst. Ich sollte in \u201eCourting Mom and Dad\u201c neben dem \u201eFull House\u201c-Star Scott Baio eine Rolle \u00fcbernehmen. Ich hatte den Vertrag in der Tasche f\u00fcr sieben Szenen. Ein paar Stunden vor Drehbeginn, ich war noch v\u00f6llig im Jetlag, kam pl\u00f6tzlich die Nachricht, dass Donald Trump die Grenzen schlie\u00dfen wird wegen Corona und dass auch \u00d6sterreich dicht macht. Ich hatte noch nicht einmal richtig ausgepackt, musste ich wieder einpacken und bin am anderen Tag zur\u00fcckgeflogen. Das klingt wie ein schlechter Traum, aber so war es.<\/p>\n\n\n\n<blockquote class=\"wp-block-quote is-layout-flow wp-block-quote-is-layout-flow\"><p><strong>Damit war der Traum von Hollywood geplatzt&#8230;<\/strong><\/p><\/blockquote>\n\n\n\n<p>Erst einmal zumindest. Das w\u00e4re schon toll gewesen, aber was sollte ich tun? Die Vorstellung in den USA vielleicht krank zu werden, f\u00fcr die teure Behandlung zahlen zu m\u00fcssen und nicht mehr zur\u00fcck zu kommen, das alles w\u00e4re viel schlimmer gewesen. Die Lage dort war und ist noch immer  angespannt. Das wollte ich auf keinen Fall riskieren. Ich war einerseits nat\u00fcrlich sehr traurig, dass das nicht geklappt hat, andererseits war ich aber erleichtert, dass ich noch rechtzeitig nach Hause gekommen bin.<\/p>\n\n\n\n<div class=\"wp-block-group has-white-color has-white-background-color has-text-color has-background custom-bottommargin\" style=\"margin-bottom:-25px\"><div class=\"wp-block-group__inner-container is-layout-flow wp-block-group-is-layout-flow\">\n<div class=\"wp-block-group has-white-background-color has-background custom-topmargin custom-bottommargin ext-max-width ext-maxw-align-center\" style=\"max-width:923px;margin-top:-6px;margin-bottom:-6px\"><div class=\"wp-block-group__inner-container is-layout-flow wp-block-group-is-layout-flow\">\n<p class=\"has-text-align-left has-cyan-bluish-gray-color has-text-color custom-bottommargin ext-max-width\" style=\"font-size:11px;max-width:730px;margin-bottom:6px\">Anzeige &#8211; <a href=\"https:\/\/www.awin1.com\/awclick.php?gid=371139&amp;mid=14598&amp;awinaffid=829417&amp;linkid=2646155&amp;clickref=&quot;>Beauty Highlights&#8221; target=&#8221;_blank&#8221; rel=&#8221;noreferrer noopener&#8221;>flaconi.de<\/a><\/p>\n<\/div><\/div>\n\n\n\n<div class=\"wp-block-group ext-max-width ext-maxw-align-left\" style=\"max-width:1027px\"><div class=\"wp-block-group__inner-container is-layout-flow wp-block-group-is-layout-flow\">\n<div class=\"wp-block-columns are-vertically-aligned-center is-layout-flex wp-container-core-columns-is-layout-9d6595d7 wp-block-columns-is-layout-flex\">\n<div class=\"wp-block-column is-vertically-aligned-center is-layout-flow wp-block-column-is-layout-flow\" style=\"flex-basis:50%\">\n\n<!-- START ADVERTISER: Flaconi DE from awin.com -->\n\n<a href=\"https:\/\/www.awin1.com\/cread.php?s=2907554&#038;v=14598&#038;q=371866&#038;r=829417\" target=\"_blank\" rel=\"noopener\">\n    <img decoding=\"async\" src=\"https:\/\/www.awin1.com\/cshow.php?s=2907554&#038;v=14598&#038;q=371866&#038;r=829417\" border=\"0\">\n<\/a>\n\n<!-- END ADVERTISER: Flaconi DE from awin.com -->\n<\/div>\n<\/div>\n<\/div><\/div>\n<\/div><\/div>\n\n\n\n<blockquote class=\"wp-block-quote is-layout-flow wp-block-quote-is-layout-flow\"><p><strong>Kam die Anfrage von \u201eSturm der Liebe\u201c eher kurzfristig?<\/strong><\/p><\/blockquote>\n\n\n\n<p>Ja, das war total kurzfristig.&nbsp; Eine spontane und gro\u00dfartige Idee, dass meine Figur \u201eRosalie\u201c an den \u201eF\u00fcrstenhof\u201c zur\u00fcckkehrt.&nbsp; Auch das hatte ich mir \u00fcbrigens beim Universum bestellt. Manchmal werden meine Bestellungen direkt geliefert. Ich habe mir an Ostern gew\u00fcnscht, dass ich wieder f\u00fcr eine gewisse Zeit fest angestellt bin bei einer Produktion. Ich wollte einfach wieder drehen, vor der Kamera stehen. Durch Corona lief ja weltweit nichts und es war total schwer, \u00fcberhaupt zu arbeiten.<\/p>\n\n\n\n<blockquote class=\"wp-block-quote is-layout-flow wp-block-quote-is-layout-flow\"><p><strong>Wird \u201eRosalie\u201c als Luder wieder zur Hochform auflaufen und ihre Intrigen spinnen?<\/strong><\/p><\/blockquote>\n\n\n\n<p>Ich kann schon jetzt verraten, dass es sehr spannend wird. Rosalie kommt als \u201eMental-Coach\u201c an den \u201eF\u00fcrstenhof\u201c zur\u00fcck. So richtig rund l\u00e4uft es aber nicht bei ihr. Also wie auch schon fr\u00fcher: Es wird chaotisch, aber auch lustig. Ich habe viele kom\u00f6diantische Elemente und glaube, dass den Fans die Geschichte gefallen wird. Ab 14. August werden die neuen Folgen mit mir zu sehen sein.<\/p>\n\n\n\n<blockquote class=\"wp-block-quote is-layout-flow wp-block-quote-is-layout-flow\"><p><strong>Wie sieht ein Drehtag in etwa aus?<\/strong><\/p><\/blockquote>\n\n\n\n<p>Ich stehe um 4.30 Uhr morgens auf, meditiere ein bisschen, muss mit meinem Hund \u201eElvis\u201c Gassi gehen. Dann geht es ans Set. Der Unterschied zu fr\u00fcher ist, dass ich mich selbst schminken muss. Man darf sich nicht zu nahe kommen. Ansonsten ist alles wie fr\u00fcher.<\/p>\n\n\n\n<blockquote class=\"wp-block-quote is-layout-flow wp-block-quote-is-layout-flow\"><p><strong>Wie wurden Sie am Set empfangen?<\/strong><\/p><\/blockquote>\n\n\n\n<p>Es war ein Gef\u00fchl, als w\u00fcrde ich nach Hause kommen. Als w\u00e4re ich \u00fcberhaupt nie weg gewesen. Der Ablauf ist gleich, die Regisseure sind die gleichen, viele Kollegen sind noch da. Ich drehe die meisten Szenen wie fr\u00fcher mit Erich Altenkopf, Dirk Galuba und Joachim L\u00e4tsch. Obwohl ich, bis auf einen kurzen Gastauftritt, acht Jahre nicht da war, kommt es mir nicht so vor, weil alles noch immer so vertraut ist.<\/p>\n\n\n\n<blockquote class=\"wp-block-quote is-layout-flow wp-block-quote-is-layout-flow\"><p><strong>Rosalie Engel liegen die M\u00e4nner zu F\u00fc\u00dfen. Gibt es auch privat eine neue Liebe in Ihrem Leben?<\/strong><\/p><\/blockquote>\n\n\n\n<p>Nein, ich bleibe so lange allein, wie ich \u201eElvis\u201c habe. Mein Hund vermasselt mir st\u00e4ndig meine Dates (<em>lacht<\/em>).<\/p>\n\n\n\n<blockquote class=\"wp-block-quote is-layout-flow wp-block-quote-is-layout-flow\"><p><strong>Wieso denn das?<\/strong><\/p><\/blockquote>\n\n\n\n<p>Elvis mag keine M\u00e4nner und knurrt mir dadurch alle Verehrer weg. Er ist auch mit Leckerlis nicht zu bestechen. \u201eElvis\u201c liebt nur die Damen. Und weil er alle Kerle von mir fernh\u00e4lt, bin ich seit acht Jahren Single (<em>lacht<\/em>).<\/p>\n\n\n\n<div class=\"wp-block-group has-background\" style=\"background-color:#efefef\"><div class=\"wp-block-group__inner-container is-layout-flow wp-block-group-is-layout-flow\">\n<div class=\"wp-block-group has-background custom-topmargin custom-bottommargin ext-max-width ext-maxw-align-center\" style=\"background-color:#efefef;max-width:923px;margin-top:-6px;margin-bottom:-6px\"><div class=\"wp-block-group__inner-container is-layout-flow wp-block-group-is-layout-flow\">\n<p class=\"has-text-align-right has-cyan-bluish-gray-color has-text-color custom-bottommargin ext-max-width\" style=\"font-size:11px;max-width:730px;margin-bottom:6px\">Anzeige &#8211; <a href=\"https:\/\/tidd.ly\/31UV45Y\" target=\"_blank\" rel=\"noreferrer noopener\">breuninger.de<\/a><\/p>\n<\/div><\/div>\n\n\n\n<div class=\"wp-block-group\"><div class=\"wp-block-group__inner-container is-layout-flow wp-block-group-is-layout-flow\">\n<figure class=\"wp-block-image size-large\"><a href=\"https:\/\/tidd.ly\/31UV45Y\" target=\"_blank\" rel=\"noopener\"><img loading=\"lazy\" decoding=\"async\" width=\"1000\" height=\"315\" src=\"https:\/\/www.promistyle.de\/wp-content\/uploads\/2021\/04\/Dyson-Airwrap-1000x300-70dpi.jpg\" alt=\"Dyson-Airwrap-1000x300\" class=\"wp-image-5171\" srcset=\"https:\/\/www.promistyle.de\/wp-content\/uploads\/2021\/04\/Dyson-Airwrap-1000x300-70dpi.jpg 1000w, https:\/\/www.promistyle.de\/wp-content\/uploads\/2021\/04\/Dyson-Airwrap-1000x300-70dpi-300x95.jpg 300w, https:\/\/www.promistyle.de\/wp-content\/uploads\/2021\/04\/Dyson-Airwrap-1000x300-70dpi-768x242.jpg 768w\" sizes=\"auto, (max-width: 1000px) 100vw, 1000px\" \/><\/a><\/figure>\n<\/div><\/div>\n<\/div><\/div>\n\n\n\n<blockquote class=\"wp-block-quote is-layout-flow wp-block-quote-is-layout-flow\"><p><strong>Das klingt, als w\u00e4ren Sie nicht ungl\u00fccklich als Single?<\/strong><\/p><\/blockquote>\n\n\n\n<p>Mal so, mal so. Ich habe versucht, mir mein Leben auch allein sch\u00f6n zu machen.&nbsp; Aber nat\u00fcrlich h\u00e4tte ich gerne einen Mann an meiner Seite, der mit mir das Leben teilt. Andererseits m\u00fcsste er mein Leben, so wie es ist, eben auch akzeptieren und mitmachen. Ich stehe um 4.30 Uhr morgens auf, das hei\u00dft, dass ich abends um 9 Uhr todm\u00fcde ins Bett falle. Da kann man nichts mehr anfangen mit mir. Ich hatte zeitweise schon Panik, dass ich keinen Mann mehr finde. Aber das ist nat\u00fcrlich Unsinn. Panik macht die Situation nicht besser. Ich glaube nach wie vor an die Liebe, und dass der Richtige f\u00fcr mich noch kommt. Ich habe mir aber jetzt beim Universum einen Mann bestellt und bin gespannt, wann er geliefert wird <em>(lacht<\/em>).<\/p>\n\n\n\n<blockquote class=\"wp-block-quote is-layout-flow wp-block-quote-is-layout-flow\"><p><strong>Spielen Sie jetzt nur eine Gastrolle, oder werden Sie l\u00e4nger bei \u201eSturm der Liebe\u201c sein?<\/strong><\/p><\/blockquote>\n\n\n\n<p>Ich habe jetzt einen Vertrag \u00fcber eine gewisse Laufzeit. Genau kann man das nie sagen. Das h\u00e4ngt auch sehr von den Geschichten ab, wie die sich entwickeln und was sich die Autoren f\u00fcr \u201eRosalie\u201c noch einfallen lassen.<\/p>\n\n\n\n<blockquote class=\"wp-block-quote is-layout-flow wp-block-quote-is-layout-flow\"><p><strong>Sie sind geb\u00fcrtige Wienerin, wohnen auch dort. Pendeln Sie an den Wochenenden von Ihrem Drehort M\u00fcnchen nach Wien?<\/strong><\/p><\/blockquote>\n\n\n\n<p>Nicht jedes Wochenende. Manchmal bin ich vom Drehen nach einer Woche einfach total geschafft, dann ist es erholsamer, in M\u00fcnchen zu bleiben, anstatt nach Hause zu fahren und stundenlang im Zug zu sitzen.<\/p>\n\n\n\n<blockquote class=\"wp-block-quote is-layout-flow wp-block-quote-is-layout-flow\"><p><strong>Wie schwer ist es grunds\u00e4tzlich, als Schauspielerin in den USA zu arbeiten und zu leben?<\/strong><\/p><\/blockquote>\n\n\n\n<p>Es ist sehr schwierig. Es war und ist immer noch ein Traum von mir, dort zu leben. Ich bin ja schon mit 18 r\u00fcber gegangen, habe die Schauspielschule dort besucht und hatte immer wieder Castings. Jetzt habe ich noch zus\u00e4tzlich die Erfahrung mit den Drehb\u00fcchern gesammelt. Ich bin froh, dass ich jetzt wei\u00df, wie man die schreibt. Ich habe es in Los Angeles in einem Aufbaustudium gelernt. Ich brauche sechs Wochen f\u00fcr ein Drehbuch. Da setze ich mich dann hochkonzentriert dran, bin auch telefonisch nicht erreichbar. Bei meinem ersten Buch \u201eHEDY\u201c waren alle begeistert, weil es so eine emotionale Geschichte ist. Jeder, der es liest, weint.<\/p>\n\n\n\n<blockquote class=\"wp-block-quote is-layout-flow wp-block-quote-is-layout-flow\"><p><strong>Leben Sie in Los Angeles dann im Hotel?<\/strong><\/p><\/blockquote>\n\n\n\n<p>Nein, ich habe eine wunderbare Familie gefunden, die vermieten mir ihr Gartenh\u00e4uschen. Ich habe ja  \u201eElvis\u201c immer und \u00fcberall auf der Welt dabei. Er spielt dann im Garten, w\u00e4hrend ich unter einem Orangenb\u00e4umchen schreibe. Die Sonne, das tolle Wetter, das inspiriert mich sehr.<\/p>\n\n\n\n<div class=\"wp-block-group has-background has-animator custom-bottommargin ext-max-width ext-maxw-align-center\" style=\"background-color:#efefef;max-width:923px;margin-bottom:70px\" data-anim-from=\"vertical\" data-anim-duration=\"1\" data-anim-distance=\"50\" data-anim-scale-x=\"1\" data-anim-scale-y=\"1\" data-anim-easing=\"easeInOut\" data-anim-effect=\"Cubic\"><div class=\"wp-block-group__inner-container is-layout-flow wp-block-group-is-layout-flow\">\n<p class=\"has-text-align-right has-cyan-bluish-gray-color has-text-color custom-bottommargin ext-max-width\" style=\"font-size:11px;max-width:730px;margin-bottom:-2px\">Anzeige &#8211; thalia.de<\/p>\n\n\n\n<div class=\"wp-block-image mb-tablet-0 mt-tablet-0 custom-bottommargin\" style=\"margin-bottom:12px\"><figure class=\"alignleft size-large\"><a href=\"https:\/\/www.awin1.com\/cread.php?awinmid=14158&amp;awinaffid=829417&amp;ued=https%3A%2F%2Fwww.thalia.de%2Fshop%2Fhome%2Fartikeldetails%2FID146291199.html\" target=\"_blank\" rel=\"noopener\"><img loading=\"lazy\" decoding=\"async\" width=\"552\" height=\"500\" src=\"https:\/\/www.promistyle.de\/wp-content\/uploads\/2021\/04\/Hans-Sigl-CD-e1617401156339.jpeg\" alt=\"\" class=\"wp-image-4999\"\/><\/a><\/figure><\/div>\n\n\n\n<p class=\"custom-bottommargin ext-max-width\" style=\"max-width:772px;margin-bottom:23px\">`Bergdoktor\u00b4 Hans Sigl k\u00fcmmert sich um das k\u00f6rperliche Wohl seiner Patienten &#8211; <strong>auf der H\u00f6r-CD streichelt er die gestressten Seelen seiner Mitmenschen. Lasst eure Ohren von der Stimme des Schauspielers verw\u00f6hnen.<\/strong> Zur Auswahl seiner Werke bei <a href=\"https:\/\/www.awin1.com\/cread.php?awinmid=14158&amp;awinaffid=829417&amp;ued=https%3A%2F%2Fwww.thalia.de%2Fsuche%3FfilterPATHROOT%3D%26sq%3Dhans%2Bsigl\" target=\"_blank\" rel=\"noreferrer noopener\">Thalia.de kommt ihr hier<\/a>.  <\/p>\n\n\n\n<p class=\"custom-topmargin\" style=\"margin-top:-25px\"><\/p>\n<\/div><\/div>\n\n\n\n<blockquote class=\"wp-block-quote is-layout-flow wp-block-quote-is-layout-flow\"><p><strong>Ist das Drehbuch-Schreiben als eine Art zweites Standbein gedacht?<\/strong><\/p><\/blockquote>\n\n\n\n<p>Ja, auf jeden Fall. Auch ich bin nicht frei von Existenz\u00e4ngsten und muss Geld verdienen. Ich habe immer viele Ideen, habe auch ein Yogabuch f\u00fcr Kinder geschrieben. Aber nicht alles kann man eben auch verkaufen.<\/p>\n\n\n\n<blockquote class=\"wp-block-quote is-layout-flow wp-block-quote-is-layout-flow\"><p><strong>Was tun Sie, wenn es gerade so gar nicht l\u00e4uft?<\/strong><\/p><\/blockquote>\n\n\n\n<p>Ich kann meine Kosten gut herunterschrauben, brauche nicht viel. Mit meinen Yoga-Kursen, die ich in Wien gebe, Synchronisations-Arbeiten und Moderationsjobs kann ich mich ganz gut \u00fcber Wasser halten. Aber gro\u00dfe Spr\u00fcnge sind eben nicht drin. Ich muss schon sehr sparen. Aber so ist das Leben nun mal. Mal geht es bergauf und mal bergab.<\/p>\n\n\n\n<figure class=\"wp-block-image size-large\"><img loading=\"lazy\" decoding=\"async\" width=\"1000\" height=\"630\" src=\"https:\/\/www.promistyle.de\/wp-content\/uploads\/2021\/02\/natalie-erlison-yoga.jpg\" alt=\"natalie-erlison-yoga\" class=\"wp-image-5449\" srcset=\"https:\/\/www.promistyle.de\/wp-content\/uploads\/2021\/02\/natalie-erlison-yoga.jpg 1000w, https:\/\/www.promistyle.de\/wp-content\/uploads\/2021\/02\/natalie-erlison-yoga-300x189.jpg 300w, https:\/\/www.promistyle.de\/wp-content\/uploads\/2021\/02\/natalie-erlison-yoga-768x484.jpg 768w\" sizes=\"auto, (max-width: 1000px) 100vw, 1000px\" \/><\/figure>\n\n\n\n<blockquote class=\"wp-block-quote is-layout-flow wp-block-quote-is-layout-flow\"><p><strong>Was macht Sie gl\u00fccklich?<\/strong><\/p><\/blockquote>\n\n\n\n<p>Dass ich meine Eltern habe, dass es mir und meinem Hund gut geht. Und dass ich so kreativ leben kann, wie ich es tue. Das gibt meinem Leben einen Sinn und das ist mir wichtig. Egal, ob ich als Schauspielerin arbeite oder Drehb\u00fccher schreibe, wichtig ist mir, dass ich arbeiten kann.<\/p>\n\n\n\n<blockquote class=\"wp-block-quote is-layout-flow wp-block-quote-is-layout-flow\"><p><strong>Was w\u00fcnschen Sie sich?<\/strong><\/p><\/blockquote>\n\n\n\n<p>Generell w\u00fcnsche ich mir, dass sich die Situation in der Welt entspannt und wir nach Corona zu einem normalen Leben zur\u00fcckfinden k\u00f6nnen. F\u00fcr mich pers\u00f6nlich w\u00fcrde ich mich sehr freuen, wenn mein Drehbuch \u201eHEDY\u201c oder der Indien-Film produziert werden w\u00fcrden.<\/p>\n\n\n\n<div class=\"wp-block-group has-white-color has-white-background-color has-text-color has-background custom-bottommargin\" style=\"margin-bottom:-25px\"><div class=\"wp-block-group__inner-container is-layout-flow wp-block-group-is-layout-flow\">\n<div class=\"wp-block-group has-white-background-color has-background custom-topmargin custom-bottommargin ext-max-width ext-maxw-align-center\" style=\"max-width:923px;margin-top:-6px;margin-bottom:-6px\"><div class=\"wp-block-group__inner-container is-layout-flow wp-block-group-is-layout-flow\">\n<p class=\"has-text-align-left has-cyan-bluish-gray-color has-text-color custom-bottommargin ext-max-width\" style=\"font-size:11px;max-width:730px;margin-bottom:6px\">Anzeige &#8211; <a href=\"https:\/\/www.awin1.com\/awclick.php?gid=390872&amp;mid=19632&amp;awinaffid=829417&amp;linkid=2655904&amp;clickref=\" target=\"_blank\" rel=\"noreferrer noopener\">lumoava.de<\/a><\/p>\n<\/div><\/div>\n\n\n\n<div class=\"wp-block-group ext-max-width ext-maxw-align-left\" style=\"max-width:1027px\"><div class=\"wp-block-group__inner-container is-layout-flow wp-block-group-is-layout-flow\">\n<div class=\"wp-block-columns are-vertically-aligned-center is-layout-flex wp-container-core-columns-is-layout-9d6595d7 wp-block-columns-is-layout-flex\">\n<div class=\"wp-block-column is-vertically-aligned-center is-layout-flow wp-block-column-is-layout-flow\" style=\"flex-basis:50%\">\n<!-- START ADVERTISER: Lumoava DE from awin.com -->\n\n<a href=\"https:\/\/www.awin1.com\/cread.php?s=2654788&amp;v=19632&amp;q=390697&amp;r=829417\" target=\"_blank\" rel=\"noopener\">\n    <img decoding=\"async\" src=\"https:\/\/www.awin1.com\/cshow.php?s=2654788&amp;v=19632&amp;q=390697&amp;r=829417\" border=\"0\">\n<\/a>\n\n<!-- END ADVERTISER: Lumoava DE from awin.com -->\n\n\n\n<!-- END ADVERTISER: Lumoava DE from awin.com -->\n\n<!-- END ADVERTISER: Breuninger DACH from awin.com -->\n<\/div>\n<\/div>\n<\/div><\/div>\n<\/div><\/div>\n","protected":false},"excerpt":{"rendered":"<p>Nach ihrem `Sturm der Liebe`-Comeback ist Natalie Alison wieder zur\u00fcck im Serien-Gesch\u00e4ft. Wie es ihr in den vergangenen Jahren ergangen ist &#8211; und wie es bei ihr pers\u00f6nlich in der Liebe so `st\u00fcrmt\u00b4, erz\u00e4hlte die sympathische Schauspielerin im Interview mit Martina Mack. Frau Alison, nach acht Jahren sind Sie wieder zu &#8220;Sturm der Liebe&#8221; zur\u00fcckgekehrt&#8230; [&hellip;]<\/p>\n","protected":false},"author":3,"featured_media":3168,"comment_status":"closed","ping_status":"closed","sticky":false,"template":"","format":"standard","meta":{"_uag_custom_page_level_css":"","footnotes":""},"categories":[131],"tags":[100],"class_list":["post-3163","post","type-post","status-publish","format-standard","has-post-thumbnail","hentry","category-exklusiv-interview","tag-deutsche-promis"],"yoast_head":"<!-- This site is optimized with the Yoast SEO plugin v26.6 - https:\/\/yoast.com\/wordpress\/plugins\/seo\/ -->\n<title>`Sturm der Liebe\u00b4-Star Natalie Alison - \u201eMein Hund knurrt mir alle Verehrer weg\u201c - promistyle.de<\/title>\n<meta name=\"description\" content=\"Nach ihrem `Sturm der Liebe`-Comeback, ist Natalie Alison wieder zur\u00fcck. Wie es bei ihr pers\u00f6nlich in der Liebe so `st\u00fcrmt\u00b4, erz\u00e4hlt sie uns\" \/>\n<meta name=\"robots\" content=\"index, follow, max-snippet:-1, max-image-preview:large, max-video-preview:-1\" \/>\n<link rel=\"canonical\" href=\"https:\/\/www.promistyle.de\/?p=3163\" \/>\n<meta property=\"og:locale\" content=\"de_DE\" \/>\n<meta property=\"og:type\" content=\"article\" \/>\n<meta property=\"og:title\" content=\"`Sturm der Liebe\u00b4-Star Natalie Alison - \u201eMein Hund knurrt mir alle Verehrer weg\u201c - promistyle.de\" \/>\n<meta property=\"og:description\" content=\"Nach ihrem `Sturm der Liebe`-Comeback, ist Natalie Alison wieder zur\u00fcck. Wie es bei ihr pers\u00f6nlich in der Liebe so `st\u00fcrmt\u00b4, erz\u00e4hlt sie uns\" \/>\n<meta property=\"og:url\" content=\"https:\/\/www.promistyle.de\/?p=3163\" \/>\n<meta property=\"og:site_name\" content=\"promistyle.de\" \/>\n<meta property=\"article:publisher\" content=\"https:\/\/www.facebook.com\/PromiStyle.de\" \/>\n<meta property=\"article:published_time\" content=\"2021-02-24T15:20:12+00:00\" \/>\n<meta property=\"article:modified_time\" content=\"2021-05-12T15:28:46+00:00\" \/>\n<meta property=\"og:image\" content=\"https:\/\/www.promistyle.de\/wp-content\/uploads\/2020\/09\/Elison-Beitrag.jpg\" \/>\n\t<meta property=\"og:image:width\" content=\"1000\" \/>\n\t<meta property=\"og:image:height\" content=\"640\" \/>\n\t<meta property=\"og:image:type\" content=\"image\/jpeg\" \/>\n<meta name=\"author\" content=\"Martina\" \/>\n<meta name=\"twitter:card\" content=\"summary_large_image\" \/>\n<meta name=\"twitter:creator\" content=\"@PromiStyle\" \/>\n<meta name=\"twitter:site\" content=\"@PromiStyle\" \/>\n<meta name=\"twitter:label1\" content=\"Verfasst von\" \/>\n\t<meta name=\"twitter:data1\" content=\"Martina\" \/>\n\t<meta name=\"twitter:label2\" content=\"Gesch\u00e4tzte Lesezeit\" \/>\n\t<meta name=\"twitter:data2\" content=\"9\u00a0Minuten\" \/>\n<script type=\"application\/ld+json\" class=\"yoast-schema-graph\">{\"@context\":\"https:\/\/schema.org\",\"@graph\":[{\"@type\":\"Article\",\"@id\":\"https:\/\/www.promistyle.de\/?p=3163#article\",\"isPartOf\":{\"@id\":\"https:\/\/www.promistyle.de\/?p=3163\"},\"author\":{\"name\":\"Martina\",\"@id\":\"https:\/\/www.promistyle.de\/#\/schema\/person\/a26f206b2775c3f8843ee11a1ccceef4\"},\"headline\":\"`Sturm der Liebe\u00b4-Star Natalie Alison &#8211; \u201eMein Hund knurrt mir alle Verehrer weg\u201c\",\"datePublished\":\"2021-02-24T15:20:12+00:00\",\"dateModified\":\"2021-05-12T15:28:46+00:00\",\"mainEntityOfPage\":{\"@id\":\"https:\/\/www.promistyle.de\/?p=3163\"},\"wordCount\":2053,\"publisher\":{\"@id\":\"https:\/\/www.promistyle.de\/#organization\"},\"image\":{\"@id\":\"https:\/\/www.promistyle.de\/?p=3163#primaryimage\"},\"thumbnailUrl\":\"https:\/\/www.promistyle.de\/wp-content\/uploads\/2020\/09\/Elison-Beitrag.jpg\",\"keywords\":[\"Deutsche Promis\"],\"articleSection\":[\"Exklusiv Interview\"],\"inLanguage\":\"de\"},{\"@type\":\"WebPage\",\"@id\":\"https:\/\/www.promistyle.de\/?p=3163\",\"url\":\"https:\/\/www.promistyle.de\/?p=3163\",\"name\":\"`Sturm der Liebe\u00b4-Star Natalie Alison - \u201eMein Hund knurrt mir alle Verehrer weg\u201c - promistyle.de\",\"isPartOf\":{\"@id\":\"https:\/\/www.promistyle.de\/#website\"},\"primaryImageOfPage\":{\"@id\":\"https:\/\/www.promistyle.de\/?p=3163#primaryimage\"},\"image\":{\"@id\":\"https:\/\/www.promistyle.de\/?p=3163#primaryimage\"},\"thumbnailUrl\":\"https:\/\/www.promistyle.de\/wp-content\/uploads\/2020\/09\/Elison-Beitrag.jpg\",\"datePublished\":\"2021-02-24T15:20:12+00:00\",\"dateModified\":\"2021-05-12T15:28:46+00:00\",\"description\":\"Nach ihrem `Sturm der Liebe`-Comeback, ist Natalie Alison wieder zur\u00fcck. Wie es bei ihr pers\u00f6nlich in der Liebe so `st\u00fcrmt\u00b4, erz\u00e4hlt sie uns\",\"breadcrumb\":{\"@id\":\"https:\/\/www.promistyle.de\/?p=3163#breadcrumb\"},\"inLanguage\":\"de\",\"potentialAction\":[{\"@type\":\"ReadAction\",\"target\":[\"https:\/\/www.promistyle.de\/?p=3163\"]}]},{\"@type\":\"ImageObject\",\"inLanguage\":\"de\",\"@id\":\"https:\/\/www.promistyle.de\/?p=3163#primaryimage\",\"url\":\"https:\/\/www.promistyle.de\/wp-content\/uploads\/2020\/09\/Elison-Beitrag.jpg\",\"contentUrl\":\"https:\/\/www.promistyle.de\/wp-content\/uploads\/2020\/09\/Elison-Beitrag.jpg\",\"width\":1000,\"height\":640},{\"@type\":\"BreadcrumbList\",\"@id\":\"https:\/\/www.promistyle.de\/?p=3163#breadcrumb\",\"itemListElement\":[{\"@type\":\"ListItem\",\"position\":1,\"name\":\"Startseite\",\"item\":\"https:\/\/www.promistyle.de\/\"},{\"@type\":\"ListItem\",\"position\":2,\"name\":\"`Sturm der Liebe\u00b4-Star Natalie Alison &#8211; \u201eMein Hund knurrt mir alle Verehrer weg\u201c\"}]},{\"@type\":\"WebSite\",\"@id\":\"https:\/\/www.promistyle.de\/#website\",\"url\":\"https:\/\/www.promistyle.de\/\",\"name\":\"PromiStyle\",\"description\":\"Good Vibes Only\",\"publisher\":{\"@id\":\"https:\/\/www.promistyle.de\/#organization\"},\"potentialAction\":[{\"@type\":\"SearchAction\",\"target\":{\"@type\":\"EntryPoint\",\"urlTemplate\":\"https:\/\/www.promistyle.de\/?s={search_term_string}\"},\"query-input\":{\"@type\":\"PropertyValueSpecification\",\"valueRequired\":true,\"valueName\":\"search_term_string\"}}],\"inLanguage\":\"de\"},{\"@type\":\"Organization\",\"@id\":\"https:\/\/www.promistyle.de\/#organization\",\"name\":\"PromiStyle\",\"url\":\"https:\/\/www.promistyle.de\/\",\"logo\":{\"@type\":\"ImageObject\",\"inLanguage\":\"de\",\"@id\":\"https:\/\/www.promistyle.de\/#\/schema\/logo\/image\/\",\"url\":\"https:\/\/www.promistyle.de\/wp-content\/uploads\/2021\/03\/cropped-Logo-Style-09-04-20-1.png\",\"contentUrl\":\"https:\/\/www.promistyle.de\/wp-content\/uploads\/2021\/03\/cropped-Logo-Style-09-04-20-1.png\",\"width\":512,\"height\":512,\"caption\":\"PromiStyle\"},\"image\":{\"@id\":\"https:\/\/www.promistyle.de\/#\/schema\/logo\/image\/\"},\"sameAs\":[\"https:\/\/www.facebook.com\/PromiStyle.de\",\"https:\/\/x.com\/PromiStyle\",\"https:\/\/www.instagram.com\/promistyle\"]},{\"@type\":\"Person\",\"@id\":\"https:\/\/www.promistyle.de\/#\/schema\/person\/a26f206b2775c3f8843ee11a1ccceef4\",\"name\":\"Martina\",\"image\":{\"@type\":\"ImageObject\",\"inLanguage\":\"de\",\"@id\":\"https:\/\/www.promistyle.de\/#\/schema\/person\/image\/\",\"url\":\"https:\/\/secure.gravatar.com\/avatar\/5abc76ab171bdac7e3d72ecafc563dbaf6e46a61d443786812841b418e1c4a41?s=96&d=blank&r=g\",\"contentUrl\":\"https:\/\/secure.gravatar.com\/avatar\/5abc76ab171bdac7e3d72ecafc563dbaf6e46a61d443786812841b418e1c4a41?s=96&d=blank&r=g\",\"caption\":\"Martina\"},\"url\":\"https:\/\/www.promistyle.de\/?author=3\"}]}<\/script>\n<!-- \/ Yoast SEO plugin. -->","yoast_head_json":{"title":"`Sturm der Liebe\u00b4-Star Natalie Alison - \u201eMein Hund knurrt mir alle Verehrer weg\u201c - promistyle.de","description":"Nach ihrem `Sturm der Liebe`-Comeback, ist Natalie Alison wieder zur\u00fcck. Wie es bei ihr pers\u00f6nlich in der Liebe so `st\u00fcrmt\u00b4, erz\u00e4hlt sie uns","robots":{"index":"index","follow":"follow","max-snippet":"max-snippet:-1","max-image-preview":"max-image-preview:large","max-video-preview":"max-video-preview:-1"},"canonical":"https:\/\/www.promistyle.de\/?p=3163","og_locale":"de_DE","og_type":"article","og_title":"`Sturm der Liebe\u00b4-Star Natalie Alison - \u201eMein Hund knurrt mir alle Verehrer weg\u201c - promistyle.de","og_description":"Nach ihrem `Sturm der Liebe`-Comeback, ist Natalie Alison wieder zur\u00fcck. Wie es bei ihr pers\u00f6nlich in der Liebe so `st\u00fcrmt\u00b4, erz\u00e4hlt sie uns","og_url":"https:\/\/www.promistyle.de\/?p=3163","og_site_name":"promistyle.de","article_publisher":"https:\/\/www.facebook.com\/PromiStyle.de","article_published_time":"2021-02-24T15:20:12+00:00","article_modified_time":"2021-05-12T15:28:46+00:00","og_image":[{"width":1000,"height":640,"url":"https:\/\/www.promistyle.de\/wp-content\/uploads\/2020\/09\/Elison-Beitrag.jpg","type":"image\/jpeg"}],"author":"Martina","twitter_card":"summary_large_image","twitter_creator":"@PromiStyle","twitter_site":"@PromiStyle","twitter_misc":{"Verfasst von":"Martina","Gesch\u00e4tzte Lesezeit":"9\u00a0Minuten"},"schema":{"@context":"https:\/\/schema.org","@graph":[{"@type":"Article","@id":"https:\/\/www.promistyle.de\/?p=3163#article","isPartOf":{"@id":"https:\/\/www.promistyle.de\/?p=3163"},"author":{"name":"Martina","@id":"https:\/\/www.promistyle.de\/#\/schema\/person\/a26f206b2775c3f8843ee11a1ccceef4"},"headline":"`Sturm der Liebe\u00b4-Star Natalie Alison &#8211; \u201eMein Hund knurrt mir alle Verehrer weg\u201c","datePublished":"2021-02-24T15:20:12+00:00","dateModified":"2021-05-12T15:28:46+00:00","mainEntityOfPage":{"@id":"https:\/\/www.promistyle.de\/?p=3163"},"wordCount":2053,"publisher":{"@id":"https:\/\/www.promistyle.de\/#organization"},"image":{"@id":"https:\/\/www.promistyle.de\/?p=3163#primaryimage"},"thumbnailUrl":"https:\/\/www.promistyle.de\/wp-content\/uploads\/2020\/09\/Elison-Beitrag.jpg","keywords":["Deutsche Promis"],"articleSection":["Exklusiv Interview"],"inLanguage":"de"},{"@type":"WebPage","@id":"https:\/\/www.promistyle.de\/?p=3163","url":"https:\/\/www.promistyle.de\/?p=3163","name":"`Sturm der Liebe\u00b4-Star Natalie Alison - \u201eMein Hund knurrt mir alle Verehrer weg\u201c - promistyle.de","isPartOf":{"@id":"https:\/\/www.promistyle.de\/#website"},"primaryImageOfPage":{"@id":"https:\/\/www.promistyle.de\/?p=3163#primaryimage"},"image":{"@id":"https:\/\/www.promistyle.de\/?p=3163#primaryimage"},"thumbnailUrl":"https:\/\/www.promistyle.de\/wp-content\/uploads\/2020\/09\/Elison-Beitrag.jpg","datePublished":"2021-02-24T15:20:12+00:00","dateModified":"2021-05-12T15:28:46+00:00","description":"Nach ihrem `Sturm der Liebe`-Comeback, ist Natalie Alison wieder zur\u00fcck. Wie es bei ihr pers\u00f6nlich in der Liebe so `st\u00fcrmt\u00b4, erz\u00e4hlt sie uns","breadcrumb":{"@id":"https:\/\/www.promistyle.de\/?p=3163#breadcrumb"},"inLanguage":"de","potentialAction":[{"@type":"ReadAction","target":["https:\/\/www.promistyle.de\/?p=3163"]}]},{"@type":"ImageObject","inLanguage":"de","@id":"https:\/\/www.promistyle.de\/?p=3163#primaryimage","url":"https:\/\/www.promistyle.de\/wp-content\/uploads\/2020\/09\/Elison-Beitrag.jpg","contentUrl":"https:\/\/www.promistyle.de\/wp-content\/uploads\/2020\/09\/Elison-Beitrag.jpg","width":1000,"height":640},{"@type":"BreadcrumbList","@id":"https:\/\/www.promistyle.de\/?p=3163#breadcrumb","itemListElement":[{"@type":"ListItem","position":1,"name":"Startseite","item":"https:\/\/www.promistyle.de\/"},{"@type":"ListItem","position":2,"name":"`Sturm der Liebe\u00b4-Star Natalie Alison &#8211; \u201eMein Hund knurrt mir alle Verehrer weg\u201c"}]},{"@type":"WebSite","@id":"https:\/\/www.promistyle.de\/#website","url":"https:\/\/www.promistyle.de\/","name":"PromiStyle","description":"Good Vibes Only","publisher":{"@id":"https:\/\/www.promistyle.de\/#organization"},"potentialAction":[{"@type":"SearchAction","target":{"@type":"EntryPoint","urlTemplate":"https:\/\/www.promistyle.de\/?s={search_term_string}"},"query-input":{"@type":"PropertyValueSpecification","valueRequired":true,"valueName":"search_term_string"}}],"inLanguage":"de"},{"@type":"Organization","@id":"https:\/\/www.promistyle.de\/#organization","name":"PromiStyle","url":"https:\/\/www.promistyle.de\/","logo":{"@type":"ImageObject","inLanguage":"de","@id":"https:\/\/www.promistyle.de\/#\/schema\/logo\/image\/","url":"https:\/\/www.promistyle.de\/wp-content\/uploads\/2021\/03\/cropped-Logo-Style-09-04-20-1.png","contentUrl":"https:\/\/www.promistyle.de\/wp-content\/uploads\/2021\/03\/cropped-Logo-Style-09-04-20-1.png","width":512,"height":512,"caption":"PromiStyle"},"image":{"@id":"https:\/\/www.promistyle.de\/#\/schema\/logo\/image\/"},"sameAs":["https:\/\/www.facebook.com\/PromiStyle.de","https:\/\/x.com\/PromiStyle","https:\/\/www.instagram.com\/promistyle"]},{"@type":"Person","@id":"https:\/\/www.promistyle.de\/#\/schema\/person\/a26f206b2775c3f8843ee11a1ccceef4","name":"Martina","image":{"@type":"ImageObject","inLanguage":"de","@id":"https:\/\/www.promistyle.de\/#\/schema\/person\/image\/","url":"https:\/\/secure.gravatar.com\/avatar\/5abc76ab171bdac7e3d72ecafc563dbaf6e46a61d443786812841b418e1c4a41?s=96&d=blank&r=g","contentUrl":"https:\/\/secure.gravatar.com\/avatar\/5abc76ab171bdac7e3d72ecafc563dbaf6e46a61d443786812841b418e1c4a41?s=96&d=blank&r=g","caption":"Martina"},"url":"https:\/\/www.promistyle.de\/?author=3"}]}},"uagb_featured_image_src":{"full":["https:\/\/www.promistyle.de\/wp-content\/uploads\/2020\/09\/Elison-Beitrag.jpg",1000,640,false],"thumbnail":["https:\/\/www.promistyle.de\/wp-content\/uploads\/2020\/09\/Elison-Beitrag-150x150.jpg",150,150,true],"medium":["https:\/\/www.promistyle.de\/wp-content\/uploads\/2020\/09\/Elison-Beitrag-300x192.jpg",300,192,true],"medium_large":["https:\/\/www.promistyle.de\/wp-content\/uploads\/2020\/09\/Elison-Beitrag-768x492.jpg",768,492,true],"large":["https:\/\/www.promistyle.de\/wp-content\/uploads\/2020\/09\/Elison-Beitrag.jpg",1000,640,false],"gs-tiny":["https:\/\/www.promistyle.de\/wp-content\/uploads\/2020\/09\/Elison-Beitrag.jpg",50,32,false],"xl":["https:\/\/www.promistyle.de\/wp-content\/uploads\/2020\/09\/Elison-Beitrag.jpg",1000,640,false],"xxl":["https:\/\/www.promistyle.de\/wp-content\/uploads\/2020\/09\/Elison-Beitrag.jpg",1000,640,false],"xxxl":["https:\/\/www.promistyle.de\/wp-content\/uploads\/2020\/09\/Elison-Beitrag.jpg",1000,640,false],"xxxxl":["https:\/\/www.promistyle.de\/wp-content\/uploads\/2020\/09\/Elison-Beitrag.jpg",1000,640,false],"xxxxxl":["https:\/\/www.promistyle.de\/wp-content\/uploads\/2020\/09\/Elison-Beitrag.jpg",1000,640,false],"1536x1536":["https:\/\/www.promistyle.de\/wp-content\/uploads\/2020\/09\/Elison-Beitrag.jpg",1000,640,false],"2048x2048":["https:\/\/www.promistyle.de\/wp-content\/uploads\/2020\/09\/Elison-Beitrag.jpg",1000,640,false],"post-thumbnail":["https:\/\/www.promistyle.de\/wp-content\/uploads\/2020\/09\/Elison-Beitrag-1000x600.jpg",1000,600,true],"mvp-post-thumb":["https:\/\/www.promistyle.de\/wp-content\/uploads\/2020\/09\/Elison-Beitrag-1000x600.jpg",1000,600,true],"mvp-mid-thumb":["https:\/\/www.promistyle.de\/wp-content\/uploads\/2020\/09\/Elison-Beitrag-400x240.jpg",400,240,true],"mvp-small-thumb":["https:\/\/www.promistyle.de\/wp-content\/uploads\/2020\/09\/Elison-Beitrag-100x100.jpg",100,100,true]},"uagb_author_info":{"display_name":"Martina","author_link":"https:\/\/www.promistyle.de\/?author=3"},"uagb_comment_info":0,"uagb_excerpt":"Nach ihrem `Sturm der Liebe`-Comeback ist Natalie Alison wieder zur\u00fcck im Serien-Gesch\u00e4ft. Wie es ihr in den vergangenen Jahren ergangen ist &#8211; und wie es bei ihr pers\u00f6nlich in der Liebe so `st\u00fcrmt\u00b4, erz\u00e4hlte die sympathische Schauspielerin im Interview mit Martina Mack. Frau Alison, nach acht Jahren sind Sie wieder zu &#8220;Sturm der Liebe&#8221; zur\u00fcckgekehrt&#8230;&hellip;","_links":{"self":[{"href":"https:\/\/www.promistyle.de\/index.php?rest_route=\/wp\/v2\/posts\/3163","targetHints":{"allow":["GET"]}}],"collection":[{"href":"https:\/\/www.promistyle.de\/index.php?rest_route=\/wp\/v2\/posts"}],"about":[{"href":"https:\/\/www.promistyle.de\/index.php?rest_route=\/wp\/v2\/types\/post"}],"author":[{"embeddable":true,"href":"https:\/\/www.promistyle.de\/index.php?rest_route=\/wp\/v2\/users\/3"}],"replies":[{"embeddable":true,"href":"https:\/\/www.promistyle.de\/index.php?rest_route=%2Fwp%2Fv2%2Fcomments&post=3163"}],"version-history":[{"count":16,"href":"https:\/\/www.promistyle.de\/index.php?rest_route=\/wp\/v2\/posts\/3163\/revisions"}],"predecessor-version":[{"id":5450,"href":"https:\/\/www.promistyle.de\/index.php?rest_route=\/wp\/v2\/posts\/3163\/revisions\/5450"}],"wp:featuredmedia":[{"embeddable":true,"href":"https:\/\/www.promistyle.de\/index.php?rest_route=\/wp\/v2\/media\/3168"}],"wp:attachment":[{"href":"https:\/\/www.promistyle.de\/index.php?rest_route=%2Fwp%2Fv2%2Fmedia&parent=3163"}],"wp:term":[{"taxonomy":"category","embeddable":true,"href":"https:\/\/www.promistyle.de\/index.php?rest_route=%2Fwp%2Fv2%2Fcategories&post=3163"},{"taxonomy":"post_tag","embeddable":true,"href":"https:\/\/www.promistyle.de\/index.php?rest_route=%2Fwp%2Fv2%2Ftags&post=3163"}],"curies":[{"name":"wp","href":"https:\/\/api.w.org\/{rel}","templated":true}]}}