{"id":2897,"date":"2020-06-23T15:44:59","date_gmt":"2020-06-23T13:44:59","guid":{"rendered":"https:\/\/www.promileaks.com\/?p=2897"},"modified":"2021-04-15T22:19:48","modified_gmt":"2021-04-15T20:19:48","slug":"ritter-gangster-und-geheimagenten-seine-aufregende-familien-geschichte","status":"publish","type":"post","link":"https:\/\/www.promistyle.de\/?p=2897","title":{"rendered":"TV-Kommissar Helmfried von L\u00fcttichau &#8211; Warum er beinahe Goldkettchen-Gangster geworden w\u00e4re!"},"content":{"rendered":"\n<p>Ein Graf, ein Gangster, ein K\u00fcnstler &#8211; die Rede ist von Helmfried von L\u00fcttichau. Der lustige TV-Bulle spricht \u00fcber seine ungew\u00f6hnliche Familie und warum er beinahe Goldkettchen-Gangster geworden w\u00e4re. Das verriet er in der ZDF-Show `<a href=\"https:\/\/www.zdf.de\/verbraucher\/volle-kanne\" target=\"_blank\" rel=\"noreferrer noopener\">Volle Kanne<\/a>`.<\/p>\n\n\n\n<p>Was mag wohl das gr\u00f6\u00dfere Geheimnis sein? Der Beruf des Vaters beim Geheimdienst oder die Tatsache, dass der Fernsehpolizist davon erst mit 16 oder 17 erfuhr?<\/p>\n\n\n\n<blockquote class=\"wp-block-quote is-layout-flow wp-block-quote-is-layout-flow\"><p><strong>F\u00fcr mich war der bei der Bundesverm\u00f6gens-Verwaltung irgendwie Beamter. (&#8230;) Keine Ahnung, da hat er nie dr\u00fcber gesprochen.<\/strong><\/p><\/blockquote>\n\n\n\n<p>Doch der geheime Geheimdienst-Beruf  des Vaters war nicht das einzige, \u00fcber das er sich in seiner Jugend Gedanken machte, denn durch seine Adern flie\u00dft blaues Blut. Wie er verr\u00e4t, stammt er vom \u00b4mei\u00dfnerischen Adelsgeschlecht\u00b4ab. <\/p>\n\n\n\n<blockquote class=\"wp-block-quote is-layout-flow wp-block-quote-is-layout-flow\"><p><strong>\u201eAber \u00b4Herr Graf\u00b4 muss man eigentlich nicht sagen. Mein Vater wurde gern so angesprochen.<\/strong><\/p><\/blockquote>\n\n\n\n<p>F\u00fcr Helmfried kam das allerdings nie in Frage. Ganz im Gegenteil: Er selbst tr\u00e4umte als Jugendlicher eher von einer Karriere im Rotlicht-Bereich. Und wollte lieber:<\/p>\n\n\n\n<blockquote class=\"wp-block-quote is-layout-flow wp-block-quote-is-layout-flow\"><p><strong>\u201e<\/strong>&#8230;<strong> unrasierter Gangster mit Goldkettchen in der offenen Hemdbrust und Knarre im Hosenbund sein.\u201c<\/strong><\/p><\/blockquote>\n\n\n\n<p>Dass er diese Schmach seinen blaubl\u00fctigen Verwandten am Ende aber doch nicht antun konnte, liegt bestimmt auch an der uralten Familiengeschichte seines Ritter-Geschlechtes, denn diese reicht hunderte Jahre zur\u00fcck:<\/p>\n\n\n\n<blockquote class=\"wp-block-quote is-layout-flow wp-block-quote-is-layout-flow\"><p><strong>\u201eEs gibt so eine komische Sage, dass irgendwie auf L\u00fcttichs Au ein Ritter eine Schlacht gewonnen hat irgendwie. Deswegen sind im Familienwappen auch zwei Kampfsicheln mit Hahnenfedern, die sozusagen das K\u00e4mpferische ausdr\u00fccken. Also es ging wohl darum, dass irgendjemand da wahnsinnig tapfer war und erfolgreich.\u201c<\/strong><\/p><\/blockquote>\n\n\n\n<p>Scheint ganz so, als h\u00e4tte Helmfried seine besonderen Talente bereits mit der Muttermilch aufgesogen. Denn trotz seiner fr\u00fchen Rotlicht-Phantasien schaffte es der begnadete Blaubl\u00fcter doch noch auf unsere Kinoleinw\u00e4nde.<\/p>\n\n\n\n<div class=\"wp-block-group has-background has-animator custom-bottommargin ext-max-width ext-maxw-align-center\" style=\"background-color:#efefef;max-width:923px;margin-bottom:-1px\" data-anim-from=\"vertical\" data-anim-duration=\"1\" data-anim-distance=\"50\" data-anim-scale-x=\"1\" data-anim-scale-y=\"1\" data-anim-easing=\"easeInOut\" data-anim-effect=\"Cubic\"><div class=\"wp-block-group__inner-container is-layout-flow wp-block-group-is-layout-flow\">\n<p class=\"has-text-align-right has-cyan-bluish-gray-color has-text-color custom-bottommargin ext-max-width\" style=\"font-size:11px;max-width:730px;margin-bottom:-2px\">Anzeige &#8211; thalia.de<\/p>\n\n\n\n<div class=\"wp-block-image mb-tablet-0 mt-tablet-0 custom-bottommargin\" style=\"margin-bottom:12px\"><figure class=\"alignleft size-large is-resized\"><a href=\"https:\/\/www.awin1.com\/cread.php?awinmid=14158&amp;awinaffid=829417&amp;ued=https%3A%2F%2Fwww.thalia.de%2Fshop%2Fhome%2Fartikeldetails%2FID42546330.html\" target=\"_blank\" rel=\"noopener\"><img loading=\"lazy\" decoding=\"async\" src=\"https:\/\/www.promistyle.de\/wp-content\/uploads\/2020\/04\/UPW-BUCH-e1617402865974.png\" alt=\"\" class=\"wp-image-2177\" width=\"227\" height=\"337\"\/><\/a><\/figure><\/div>\n\n\n\n<p class=\"custom-bottommargin ext-max-width\" style=\"max-width:772px;margin-bottom:23px\">Unser Buch f\u00fcr die ganz entspannten Tage. Wusstet ihr, dass keiner der drei Hamster von <strong>Quiz-Kaiser G\u00fcnther Jauch<\/strong> an Altersschw\u00e4che starb? Oder dass <strong>Helene Fischer<\/strong> im Ballett-Unterricht immer das Moppelchen war? <strong>Barbara Sch\u00f6neberger<\/strong> hat auch schon als Handy verkleidet ihren Lebensunterhalt verdient, und <strong>Heino<\/strong> war mal Schrott-Sortierer und hat den schwarzen G\u00fcrtel. S\u00fcnden, Macken, Vorlieben oder einfach nur komplett Verr\u00fccktes \u2013<strong><a rel=\"noreferrer noopener\" href=\"https:\/\/www.awin1.com\/cread.php?awinmid=14158&amp;awinaffid=829417&amp;ued=https%3A%2F%2Fwww.thalia.de%2Fshop%2Fhome%2Fartikeldetails%2FID42546330.html\" target=\"_blank\"> `J\u00f6rg Pilawa war Chauffeur von Hape Kerkeling\u00b4<\/a><\/strong> enth\u00fcllt erstaunliche Fakten aus der Welt der Promis, Stars und Sternchen. Wir w\u00fcnschen viel Spa\u00df beim Schmunzeln! <\/p>\n\n\n\n<p class=\"custom-topmargin\" style=\"margin-top:-20px\"><\/p>\n<\/div><\/div>\n\n\n\n<p><\/p>\n","protected":false},"excerpt":{"rendered":"<p>Ein Graf, ein Gangster, ein K\u00fcnstler &#8211; die Rede ist von Helmfried von L\u00fcttichau. Der lustige TV-Bulle spricht \u00fcber seine ungew\u00f6hnliche Familie und warum er beinahe Goldkettchen-Gangster geworden w\u00e4re. Das verriet er in der ZDF-Show `Volle Kanne`. Was mag wohl das gr\u00f6\u00dfere Geheimnis sein? Der Beruf des Vaters beim Geheimdienst oder die Tatsache, dass der [&hellip;]<\/p>\n","protected":false},"author":1,"featured_media":4086,"comment_status":"closed","ping_status":"closed","sticky":false,"template":"","format":"standard","meta":{"_uag_custom_page_level_css":"","footnotes":""},"categories":[138],"tags":[100],"class_list":["post-2897","post","type-post","status-publish","format-standard","has-post-thumbnail","hentry","category-promi-perlen","tag-deutsche-promis"],"yoast_head":"<!-- This site is optimized with the Yoast SEO plugin v26.6 - https:\/\/yoast.com\/wordpress\/plugins\/seo\/ -->\n<title>TV-Kommissar Helmfried von L\u00fcttichau - Warum er beinahe Goldkettchen-Gangster geworden w\u00e4re! - promistyle.de<\/title>\n<meta name=\"description\" content=\"TV-Bulle Helmfried von L\u00fcttichau spricht \u00fcber seine ungew\u00f6hnliche Familie und warum er beinahe Goldkettchen-Gangster geworden w\u00e4re ...\" \/>\n<meta name=\"robots\" content=\"index, follow, max-snippet:-1, max-image-preview:large, max-video-preview:-1\" \/>\n<link rel=\"canonical\" href=\"https:\/\/www.promistyle.de\/?p=2897\" \/>\n<meta property=\"og:locale\" content=\"de_DE\" \/>\n<meta property=\"og:type\" content=\"article\" \/>\n<meta property=\"og:title\" content=\"TV-Kommissar Helmfried von L\u00fcttichau - Warum er beinahe Goldkettchen-Gangster geworden w\u00e4re! - promistyle.de\" \/>\n<meta property=\"og:description\" content=\"TV-Bulle Helmfried von L\u00fcttichau spricht \u00fcber seine ungew\u00f6hnliche Familie und warum er beinahe Goldkettchen-Gangster geworden w\u00e4re ...\" \/>\n<meta property=\"og:url\" content=\"https:\/\/www.promistyle.de\/?p=2897\" \/>\n<meta property=\"og:site_name\" content=\"promistyle.de\" \/>\n<meta property=\"article:publisher\" content=\"https:\/\/www.facebook.com\/PromiStyle.de\" \/>\n<meta property=\"article:published_time\" content=\"2020-06-23T13:44:59+00:00\" \/>\n<meta property=\"article:modified_time\" content=\"2021-04-15T20:19:48+00:00\" \/>\n<meta property=\"og:image\" content=\"https:\/\/www.promistyle.de\/wp-content\/uploads\/2020\/06\/Helmfried-von-Luettichau-Portrait.jpg\" \/>\n\t<meta property=\"og:image:width\" content=\"1000\" \/>\n\t<meta property=\"og:image:height\" content=\"630\" \/>\n\t<meta property=\"og:image:type\" content=\"image\/jpeg\" \/>\n<meta name=\"author\" content=\"Pascal\" \/>\n<meta name=\"twitter:card\" content=\"summary_large_image\" \/>\n<meta name=\"twitter:creator\" content=\"@PromiStyle\" \/>\n<meta name=\"twitter:site\" content=\"@PromiStyle\" \/>\n<meta name=\"twitter:label1\" content=\"Verfasst von\" \/>\n\t<meta name=\"twitter:data1\" content=\"Pascal\" \/>\n\t<meta name=\"twitter:label2\" content=\"Gesch\u00e4tzte Lesezeit\" \/>\n\t<meta name=\"twitter:data2\" content=\"2\u00a0Minuten\" \/>\n<script type=\"application\/ld+json\" class=\"yoast-schema-graph\">{\"@context\":\"https:\/\/schema.org\",\"@graph\":[{\"@type\":\"Article\",\"@id\":\"https:\/\/www.promistyle.de\/?p=2897#article\",\"isPartOf\":{\"@id\":\"https:\/\/www.promistyle.de\/?p=2897\"},\"author\":{\"name\":\"Pascal\",\"@id\":\"https:\/\/www.promistyle.de\/#\/schema\/person\/8d381a57418ef8e6efa028d18604b122\"},\"headline\":\"TV-Kommissar Helmfried von L\u00fcttichau &#8211; Warum er beinahe Goldkettchen-Gangster geworden w\u00e4re!\",\"datePublished\":\"2020-06-23T13:44:59+00:00\",\"dateModified\":\"2021-04-15T20:19:48+00:00\",\"mainEntityOfPage\":{\"@id\":\"https:\/\/www.promistyle.de\/?p=2897\"},\"wordCount\":303,\"publisher\":{\"@id\":\"https:\/\/www.promistyle.de\/#organization\"},\"image\":{\"@id\":\"https:\/\/www.promistyle.de\/?p=2897#primaryimage\"},\"thumbnailUrl\":\"https:\/\/www.promistyle.de\/wp-content\/uploads\/2020\/06\/Helmfried-von-Luettichau-Portrait.jpg\",\"keywords\":[\"Deutsche Promis\"],\"articleSection\":[\"Promi-Perlen\"],\"inLanguage\":\"de\"},{\"@type\":\"WebPage\",\"@id\":\"https:\/\/www.promistyle.de\/?p=2897\",\"url\":\"https:\/\/www.promistyle.de\/?p=2897\",\"name\":\"TV-Kommissar Helmfried von L\u00fcttichau - Warum er beinahe Goldkettchen-Gangster geworden w\u00e4re! - promistyle.de\",\"isPartOf\":{\"@id\":\"https:\/\/www.promistyle.de\/#website\"},\"primaryImageOfPage\":{\"@id\":\"https:\/\/www.promistyle.de\/?p=2897#primaryimage\"},\"image\":{\"@id\":\"https:\/\/www.promistyle.de\/?p=2897#primaryimage\"},\"thumbnailUrl\":\"https:\/\/www.promistyle.de\/wp-content\/uploads\/2020\/06\/Helmfried-von-Luettichau-Portrait.jpg\",\"datePublished\":\"2020-06-23T13:44:59+00:00\",\"dateModified\":\"2021-04-15T20:19:48+00:00\",\"description\":\"TV-Bulle Helmfried von L\u00fcttichau spricht \u00fcber seine ungew\u00f6hnliche Familie und warum er beinahe Goldkettchen-Gangster geworden w\u00e4re ...\",\"breadcrumb\":{\"@id\":\"https:\/\/www.promistyle.de\/?p=2897#breadcrumb\"},\"inLanguage\":\"de\",\"potentialAction\":[{\"@type\":\"ReadAction\",\"target\":[\"https:\/\/www.promistyle.de\/?p=2897\"]}]},{\"@type\":\"ImageObject\",\"inLanguage\":\"de\",\"@id\":\"https:\/\/www.promistyle.de\/?p=2897#primaryimage\",\"url\":\"https:\/\/www.promistyle.de\/wp-content\/uploads\/2020\/06\/Helmfried-von-Luettichau-Portrait.jpg\",\"contentUrl\":\"https:\/\/www.promistyle.de\/wp-content\/uploads\/2020\/06\/Helmfried-von-Luettichau-Portrait.jpg\",\"width\":1000,\"height\":630,\"caption\":\"Helmfried-von-Luettichau\"},{\"@type\":\"BreadcrumbList\",\"@id\":\"https:\/\/www.promistyle.de\/?p=2897#breadcrumb\",\"itemListElement\":[{\"@type\":\"ListItem\",\"position\":1,\"name\":\"Startseite\",\"item\":\"https:\/\/www.promistyle.de\/\"},{\"@type\":\"ListItem\",\"position\":2,\"name\":\"TV-Kommissar Helmfried von L\u00fcttichau &#8211; Warum er beinahe Goldkettchen-Gangster geworden w\u00e4re!\"}]},{\"@type\":\"WebSite\",\"@id\":\"https:\/\/www.promistyle.de\/#website\",\"url\":\"https:\/\/www.promistyle.de\/\",\"name\":\"PromiStyle\",\"description\":\"Good Vibes Only\",\"publisher\":{\"@id\":\"https:\/\/www.promistyle.de\/#organization\"},\"potentialAction\":[{\"@type\":\"SearchAction\",\"target\":{\"@type\":\"EntryPoint\",\"urlTemplate\":\"https:\/\/www.promistyle.de\/?s={search_term_string}\"},\"query-input\":{\"@type\":\"PropertyValueSpecification\",\"valueRequired\":true,\"valueName\":\"search_term_string\"}}],\"inLanguage\":\"de\"},{\"@type\":\"Organization\",\"@id\":\"https:\/\/www.promistyle.de\/#organization\",\"name\":\"PromiStyle\",\"url\":\"https:\/\/www.promistyle.de\/\",\"logo\":{\"@type\":\"ImageObject\",\"inLanguage\":\"de\",\"@id\":\"https:\/\/www.promistyle.de\/#\/schema\/logo\/image\/\",\"url\":\"https:\/\/www.promistyle.de\/wp-content\/uploads\/2021\/03\/cropped-Logo-Style-09-04-20-1.png\",\"contentUrl\":\"https:\/\/www.promistyle.de\/wp-content\/uploads\/2021\/03\/cropped-Logo-Style-09-04-20-1.png\",\"width\":512,\"height\":512,\"caption\":\"PromiStyle\"},\"image\":{\"@id\":\"https:\/\/www.promistyle.de\/#\/schema\/logo\/image\/\"},\"sameAs\":[\"https:\/\/www.facebook.com\/PromiStyle.de\",\"https:\/\/x.com\/PromiStyle\",\"https:\/\/www.instagram.com\/promistyle\"]},{\"@type\":\"Person\",\"@id\":\"https:\/\/www.promistyle.de\/#\/schema\/person\/8d381a57418ef8e6efa028d18604b122\",\"name\":\"Pascal\",\"image\":{\"@type\":\"ImageObject\",\"inLanguage\":\"de\",\"@id\":\"https:\/\/www.promistyle.de\/#\/schema\/person\/image\/\",\"url\":\"https:\/\/secure.gravatar.com\/avatar\/a6578794654c8a66464d32e85cdf878afdb3e6057d6fc4b0eaec9f49f34bc95b?s=96&d=blank&r=g\",\"contentUrl\":\"https:\/\/secure.gravatar.com\/avatar\/a6578794654c8a66464d32e85cdf878afdb3e6057d6fc4b0eaec9f49f34bc95b?s=96&d=blank&r=g\",\"caption\":\"Pascal\"},\"sameAs\":[\"https:\/\/www.instagram.com\/promileaks\"],\"url\":\"https:\/\/www.promistyle.de\/?author=1\"}]}<\/script>\n<!-- \/ Yoast SEO plugin. -->","yoast_head_json":{"title":"TV-Kommissar Helmfried von L\u00fcttichau - Warum er beinahe Goldkettchen-Gangster geworden w\u00e4re! - promistyle.de","description":"TV-Bulle Helmfried von L\u00fcttichau spricht \u00fcber seine ungew\u00f6hnliche Familie und warum er beinahe Goldkettchen-Gangster geworden w\u00e4re ...","robots":{"index":"index","follow":"follow","max-snippet":"max-snippet:-1","max-image-preview":"max-image-preview:large","max-video-preview":"max-video-preview:-1"},"canonical":"https:\/\/www.promistyle.de\/?p=2897","og_locale":"de_DE","og_type":"article","og_title":"TV-Kommissar Helmfried von L\u00fcttichau - Warum er beinahe Goldkettchen-Gangster geworden w\u00e4re! - promistyle.de","og_description":"TV-Bulle Helmfried von L\u00fcttichau spricht \u00fcber seine ungew\u00f6hnliche Familie und warum er beinahe Goldkettchen-Gangster geworden w\u00e4re ...","og_url":"https:\/\/www.promistyle.de\/?p=2897","og_site_name":"promistyle.de","article_publisher":"https:\/\/www.facebook.com\/PromiStyle.de","article_published_time":"2020-06-23T13:44:59+00:00","article_modified_time":"2021-04-15T20:19:48+00:00","og_image":[{"width":1000,"height":630,"url":"https:\/\/www.promistyle.de\/wp-content\/uploads\/2020\/06\/Helmfried-von-Luettichau-Portrait.jpg","type":"image\/jpeg"}],"author":"Pascal","twitter_card":"summary_large_image","twitter_creator":"@PromiStyle","twitter_site":"@PromiStyle","twitter_misc":{"Verfasst von":"Pascal","Gesch\u00e4tzte Lesezeit":"2\u00a0Minuten"},"schema":{"@context":"https:\/\/schema.org","@graph":[{"@type":"Article","@id":"https:\/\/www.promistyle.de\/?p=2897#article","isPartOf":{"@id":"https:\/\/www.promistyle.de\/?p=2897"},"author":{"name":"Pascal","@id":"https:\/\/www.promistyle.de\/#\/schema\/person\/8d381a57418ef8e6efa028d18604b122"},"headline":"TV-Kommissar Helmfried von L\u00fcttichau &#8211; Warum er beinahe Goldkettchen-Gangster geworden w\u00e4re!","datePublished":"2020-06-23T13:44:59+00:00","dateModified":"2021-04-15T20:19:48+00:00","mainEntityOfPage":{"@id":"https:\/\/www.promistyle.de\/?p=2897"},"wordCount":303,"publisher":{"@id":"https:\/\/www.promistyle.de\/#organization"},"image":{"@id":"https:\/\/www.promistyle.de\/?p=2897#primaryimage"},"thumbnailUrl":"https:\/\/www.promistyle.de\/wp-content\/uploads\/2020\/06\/Helmfried-von-Luettichau-Portrait.jpg","keywords":["Deutsche Promis"],"articleSection":["Promi-Perlen"],"inLanguage":"de"},{"@type":"WebPage","@id":"https:\/\/www.promistyle.de\/?p=2897","url":"https:\/\/www.promistyle.de\/?p=2897","name":"TV-Kommissar Helmfried von L\u00fcttichau - Warum er beinahe Goldkettchen-Gangster geworden w\u00e4re! - promistyle.de","isPartOf":{"@id":"https:\/\/www.promistyle.de\/#website"},"primaryImageOfPage":{"@id":"https:\/\/www.promistyle.de\/?p=2897#primaryimage"},"image":{"@id":"https:\/\/www.promistyle.de\/?p=2897#primaryimage"},"thumbnailUrl":"https:\/\/www.promistyle.de\/wp-content\/uploads\/2020\/06\/Helmfried-von-Luettichau-Portrait.jpg","datePublished":"2020-06-23T13:44:59+00:00","dateModified":"2021-04-15T20:19:48+00:00","description":"TV-Bulle Helmfried von L\u00fcttichau spricht \u00fcber seine ungew\u00f6hnliche Familie und warum er beinahe Goldkettchen-Gangster geworden w\u00e4re ...","breadcrumb":{"@id":"https:\/\/www.promistyle.de\/?p=2897#breadcrumb"},"inLanguage":"de","potentialAction":[{"@type":"ReadAction","target":["https:\/\/www.promistyle.de\/?p=2897"]}]},{"@type":"ImageObject","inLanguage":"de","@id":"https:\/\/www.promistyle.de\/?p=2897#primaryimage","url":"https:\/\/www.promistyle.de\/wp-content\/uploads\/2020\/06\/Helmfried-von-Luettichau-Portrait.jpg","contentUrl":"https:\/\/www.promistyle.de\/wp-content\/uploads\/2020\/06\/Helmfried-von-Luettichau-Portrait.jpg","width":1000,"height":630,"caption":"Helmfried-von-Luettichau"},{"@type":"BreadcrumbList","@id":"https:\/\/www.promistyle.de\/?p=2897#breadcrumb","itemListElement":[{"@type":"ListItem","position":1,"name":"Startseite","item":"https:\/\/www.promistyle.de\/"},{"@type":"ListItem","position":2,"name":"TV-Kommissar Helmfried von L\u00fcttichau &#8211; Warum er beinahe Goldkettchen-Gangster geworden w\u00e4re!"}]},{"@type":"WebSite","@id":"https:\/\/www.promistyle.de\/#website","url":"https:\/\/www.promistyle.de\/","name":"PromiStyle","description":"Good Vibes Only","publisher":{"@id":"https:\/\/www.promistyle.de\/#organization"},"potentialAction":[{"@type":"SearchAction","target":{"@type":"EntryPoint","urlTemplate":"https:\/\/www.promistyle.de\/?s={search_term_string}"},"query-input":{"@type":"PropertyValueSpecification","valueRequired":true,"valueName":"search_term_string"}}],"inLanguage":"de"},{"@type":"Organization","@id":"https:\/\/www.promistyle.de\/#organization","name":"PromiStyle","url":"https:\/\/www.promistyle.de\/","logo":{"@type":"ImageObject","inLanguage":"de","@id":"https:\/\/www.promistyle.de\/#\/schema\/logo\/image\/","url":"https:\/\/www.promistyle.de\/wp-content\/uploads\/2021\/03\/cropped-Logo-Style-09-04-20-1.png","contentUrl":"https:\/\/www.promistyle.de\/wp-content\/uploads\/2021\/03\/cropped-Logo-Style-09-04-20-1.png","width":512,"height":512,"caption":"PromiStyle"},"image":{"@id":"https:\/\/www.promistyle.de\/#\/schema\/logo\/image\/"},"sameAs":["https:\/\/www.facebook.com\/PromiStyle.de","https:\/\/x.com\/PromiStyle","https:\/\/www.instagram.com\/promistyle"]},{"@type":"Person","@id":"https:\/\/www.promistyle.de\/#\/schema\/person\/8d381a57418ef8e6efa028d18604b122","name":"Pascal","image":{"@type":"ImageObject","inLanguage":"de","@id":"https:\/\/www.promistyle.de\/#\/schema\/person\/image\/","url":"https:\/\/secure.gravatar.com\/avatar\/a6578794654c8a66464d32e85cdf878afdb3e6057d6fc4b0eaec9f49f34bc95b?s=96&d=blank&r=g","contentUrl":"https:\/\/secure.gravatar.com\/avatar\/a6578794654c8a66464d32e85cdf878afdb3e6057d6fc4b0eaec9f49f34bc95b?s=96&d=blank&r=g","caption":"Pascal"},"sameAs":["https:\/\/www.instagram.com\/promileaks"],"url":"https:\/\/www.promistyle.de\/?author=1"}]}},"uagb_featured_image_src":{"full":["https:\/\/www.promistyle.de\/wp-content\/uploads\/2020\/06\/Helmfried-von-Luettichau-Portrait.jpg",1000,630,false],"thumbnail":["https:\/\/www.promistyle.de\/wp-content\/uploads\/2020\/06\/Helmfried-von-Luettichau-Portrait-150x150.jpg",150,150,true],"medium":["https:\/\/www.promistyle.de\/wp-content\/uploads\/2020\/06\/Helmfried-von-Luettichau-Portrait-300x189.jpg",300,189,true],"medium_large":["https:\/\/www.promistyle.de\/wp-content\/uploads\/2020\/06\/Helmfried-von-Luettichau-Portrait-768x484.jpg",768,484,true],"large":["https:\/\/www.promistyle.de\/wp-content\/uploads\/2020\/06\/Helmfried-von-Luettichau-Portrait.jpg",1000,630,false],"gs-tiny":["https:\/\/www.promistyle.de\/wp-content\/uploads\/2020\/06\/Helmfried-von-Luettichau-Portrait.jpg",50,32,false],"xl":["https:\/\/www.promistyle.de\/wp-content\/uploads\/2020\/06\/Helmfried-von-Luettichau-Portrait.jpg",1000,630,false],"xxl":["https:\/\/www.promistyle.de\/wp-content\/uploads\/2020\/06\/Helmfried-von-Luettichau-Portrait.jpg",1000,630,false],"xxxl":["https:\/\/www.promistyle.de\/wp-content\/uploads\/2020\/06\/Helmfried-von-Luettichau-Portrait.jpg",1000,630,false],"xxxxl":["https:\/\/www.promistyle.de\/wp-content\/uploads\/2020\/06\/Helmfried-von-Luettichau-Portrait.jpg",1000,630,false],"xxxxxl":["https:\/\/www.promistyle.de\/wp-content\/uploads\/2020\/06\/Helmfried-von-Luettichau-Portrait.jpg",1000,630,false],"1536x1536":["https:\/\/www.promistyle.de\/wp-content\/uploads\/2020\/06\/Helmfried-von-Luettichau-Portrait.jpg",1000,630,false],"2048x2048":["https:\/\/www.promistyle.de\/wp-content\/uploads\/2020\/06\/Helmfried-von-Luettichau-Portrait.jpg",1000,630,false],"post-thumbnail":["https:\/\/www.promistyle.de\/wp-content\/uploads\/2020\/06\/Helmfried-von-Luettichau-Portrait-1000x600.jpg",1000,600,true],"mvp-post-thumb":["https:\/\/www.promistyle.de\/wp-content\/uploads\/2020\/06\/Helmfried-von-Luettichau-Portrait-1000x600.jpg",1000,600,true],"mvp-mid-thumb":["https:\/\/www.promistyle.de\/wp-content\/uploads\/2020\/06\/Helmfried-von-Luettichau-Portrait-400x240.jpg",400,240,true],"mvp-small-thumb":["https:\/\/www.promistyle.de\/wp-content\/uploads\/2020\/06\/Helmfried-von-Luettichau-Portrait-100x100.jpg",100,100,true]},"uagb_author_info":{"display_name":"Pascal","author_link":"https:\/\/www.promistyle.de\/?author=1"},"uagb_comment_info":0,"uagb_excerpt":"Ein Graf, ein Gangster, ein K\u00fcnstler &#8211; die Rede ist von Helmfried von L\u00fcttichau. Der lustige TV-Bulle spricht \u00fcber seine ungew\u00f6hnliche Familie und warum er beinahe Goldkettchen-Gangster geworden w\u00e4re. Das verriet er in der ZDF-Show `Volle Kanne`. Was mag wohl das gr\u00f6\u00dfere Geheimnis sein? Der Beruf des Vaters beim Geheimdienst oder die Tatsache, dass der&hellip;","_links":{"self":[{"href":"https:\/\/www.promistyle.de\/index.php?rest_route=\/wp\/v2\/posts\/2897","targetHints":{"allow":["GET"]}}],"collection":[{"href":"https:\/\/www.promistyle.de\/index.php?rest_route=\/wp\/v2\/posts"}],"about":[{"href":"https:\/\/www.promistyle.de\/index.php?rest_route=\/wp\/v2\/types\/post"}],"author":[{"embeddable":true,"href":"https:\/\/www.promistyle.de\/index.php?rest_route=\/wp\/v2\/users\/1"}],"replies":[{"embeddable":true,"href":"https:\/\/www.promistyle.de\/index.php?rest_route=%2Fwp%2Fv2%2Fcomments&post=2897"}],"version-history":[{"count":16,"href":"https:\/\/www.promistyle.de\/index.php?rest_route=\/wp\/v2\/posts\/2897\/revisions"}],"predecessor-version":[{"id":5331,"href":"https:\/\/www.promistyle.de\/index.php?rest_route=\/wp\/v2\/posts\/2897\/revisions\/5331"}],"wp:featuredmedia":[{"embeddable":true,"href":"https:\/\/www.promistyle.de\/index.php?rest_route=\/wp\/v2\/media\/4086"}],"wp:attachment":[{"href":"https:\/\/www.promistyle.de\/index.php?rest_route=%2Fwp%2Fv2%2Fmedia&parent=2897"}],"wp:term":[{"taxonomy":"category","embeddable":true,"href":"https:\/\/www.promistyle.de\/index.php?rest_route=%2Fwp%2Fv2%2Fcategories&post=2897"},{"taxonomy":"post_tag","embeddable":true,"href":"https:\/\/www.promistyle.de\/index.php?rest_route=%2Fwp%2Fv2%2Ftags&post=2897"}],"curies":[{"name":"wp","href":"https:\/\/api.w.org\/{rel}","templated":true}]}}