{"id":2730,"date":"2021-08-16T11:00:00","date_gmt":"2021-08-16T09:00:00","guid":{"rendered":"https:\/\/www.promileaks.com\/?p=2730"},"modified":"2021-08-16T11:47:51","modified_gmt":"2021-08-16T09:47:51","slug":"schauspielerin-uschi-glas-die-erste-deutsche-fruehstuecks-millionaerin","status":"publish","type":"post","link":"https:\/\/www.promistyle.de\/?p=2730","title":{"rendered":"Schauspielerin Uschi Glas &#8211; Die erste deutsche Fr\u00fchst\u00fccks-Million\u00e4rin!"},"content":{"rendered":"\n<p>Uschi Glas steht seit \u00fcber 55 Jahren vor der Kamera, allein das ist schon rekordverd\u00e4chtig! <strong>Doch noch rekordverd\u00e4chtiger ist ihr Engagement f\u00fcr benachteiligte Kinder: <\/strong><\/p>\n\n\n\n<p><strong><em>Mit ihrem Verein <a href=\"https:\/\/www.brotzeitfuerkinder.com\/\" target=\"_blank\" rel=\"noreferrer noopener\">`brotZeit`<\/a> teilt sie an Schulen Fr\u00fchst\u00fcck f\u00fcr benachteiligte Kinder aus &#8211; und das bis heute 8 Millionen Mal!<\/em><\/strong> <\/p>\n\n\n\n<p>Im Interview mit <a href=\"https:\/\/www.promistyle.de\/author\/martina\/\" target=\"_blank\" rel=\"noreferrer noopener\">Martina Mack<\/a> spricht sie mit uns \u00fcber ihr Herzensprojekt und verr\u00e4t uns dabei auch einige kleine private Geheimnisse &#8230;  <\/p>\n\n\n\n<p><a href=\"https:\/\/www.awin1.com\/cread.php?s=2712654&amp;v=10076&amp;q=362946&amp;r=829417\"><\/a><\/p>\n\n\n\n<div class=\"wp-block-kioken-rowlayout alignnone bust-out-none\"><div id=\"kt-layout-id_1c21d6-93\" class=\"kio-row-layout-inner kt-row-has-bg kt-layout-id_1c21d6-93\" style=\"background-color:#efefef\"><div class=\"kt-row-column-wrap kt-has-2-columns kt-gutter-default kt-row-valign-top kio-row-layout-equal kt-tab-layout-inherit kt-m-colapse-left-to-right kt-mobile-layout-row\">\n<div class=\"wp-block-kioken-column inner-column-1 kioken-column_ee38e2-bc\"><div class=\"kt-inside-inner-col\" style=\"background-blend-mode:normal\"><div>\n<p class=\"has-text-align-right has-cyan-bluish-gray-color has-text-color has-custom-font mb-0 mt-0\" style=\"font-size:10px;font-family:Arial\">WERBUNG<\/p>\n\n\n\n<!-- Das ist ein Banner wenn das Bild darin die volle Breite haben soll.\nBei dem (a) target=\"_blank\" und bei dem (img) width=\"100%\" -->\n\n\n\n<!-- START ADVERTISER: Tui.com DE from awin.com -->\n\n<a href=\"https:\/\/www.awin1.com\/cread.php?s=2540242&amp;v=10102&amp;q=342260&amp;r=829417\" target=\"_blank\" rel=\"noopener\">\n    <img decoding=\"async\" src=\"https:\/\/www.awin1.com\/cshow.php?s=2540242&amp;v=10102&amp;q=342260&amp;r=829417\" width=\"100%\" border=\"0\">\n<\/a>\n\n<!-- END ADVERTISER: Tui.com DE from awin.com -->\n<\/div><\/div><\/div>\n<\/div><\/div><\/div>\n\n\n\n<blockquote class=\"wp-block-quote is-layout-flow wp-block-quote-is-layout-flow\"><p><strong>Sie sind seit vielen Jahren gl\u00fccklich verheiratet, das ist nicht mehr so selbstverst\u00e4ndlich heute in diesem Gesch\u00e4ft &#8230;<\/strong><\/p><\/blockquote>\n\n\n\n<p>Es war einfach ein Riesen-Gl\u00fcck, dass wir uns \u00fcber den Weg gelaufen sind. Mein Mann und ich teilen die gleichen Werte wie Respekt, Aufrichtigkeit, Toleranz. Wir sind beide sozial engagiert. Auch er ist der Meinung, wenn es einem selbst gut geht, muss man der Gesellschaft etwas zur\u00fcckgeben. <\/p>\n\n\n\n<blockquote class=\"wp-block-quote is-style-large is-layout-flow wp-block-quote-is-layout-flow\"><p><strong>Unser gemeinsames Projekt, unser Verein `brotZeit\u00b4,  macht uns sehr stolz und verbindet uns noch mehr.<\/strong><\/p><\/blockquote>\n\n\n\n<p> Das kann man nur miteinander machen, wenn man eine harmonische Beziehung hat. Wir sprechen sehr oft dar\u00fcber, entweder beim Kochen, oder wenn wir zusammen am Tisch sitzen. <strong>Ich k\u00f6nnte den Verein nicht alleine stemmen, wenn mein Mann nicht mitziehen w\u00fcrde<\/strong>.<\/p>\n\n\n\n<div class=\"wp-block-group has-background has-animator custom-bottommargin ext-max-width ext-maxw-align-center\" style=\"background-color:#efefef;max-width:923px;margin-bottom:-6px\" data-anim-from=\"vertical\" data-anim-duration=\"1\" data-anim-distance=\"50\" data-anim-scale-x=\"1\" data-anim-scale-y=\"1\" data-anim-easing=\"easeInOut\" data-anim-effect=\"Cubic\"><div class=\"wp-block-group__inner-container is-layout-flow wp-block-group-is-layout-flow\">\n<p class=\"has-text-align-right has-cyan-bluish-gray-color has-text-color custom-bottommargin ext-max-width\" style=\"font-size:11px;max-width:730px;margin-bottom:-2px\">Anzeige &#8211; <a href=\"https:\/\/tidd.ly\/2U96cvk\" target=\"_blank\" rel=\"noreferrer noopener sponsored nofollow\">shop24direct.de<\/a><\/p>\n\n\n\n<div class=\"wp-block-image mb-tablet-0 mt-tablet-0 custom-bottommargin\" style=\"margin-bottom:12px\"><figure class=\"alignleft size-large\"><a href=\"https:\/\/tidd.ly\/3hetms3\" target=\"_blank\" rel=\"noopener\"><img loading=\"lazy\" decoding=\"async\" width=\"500\" height=\"495\" src=\"https:\/\/www.promistyle.de\/wp-content\/uploads\/2021\/06\/Ben-Zucker-Album-Jetzt-erst-recht.jpg\" alt=\"Ben-Zucker-Album-Jetzt-erst-recht\" class=\"wp-image-5703\" srcset=\"https:\/\/www.promistyle.de\/wp-content\/uploads\/2021\/06\/Ben-Zucker-Album-Jetzt-erst-recht.jpg 500w, https:\/\/www.promistyle.de\/wp-content\/uploads\/2021\/06\/Ben-Zucker-Album-Jetzt-erst-recht-300x297.jpg 300w, https:\/\/www.promistyle.de\/wp-content\/uploads\/2021\/06\/Ben-Zucker-Album-Jetzt-erst-recht-150x150.jpg 150w, https:\/\/www.promistyle.de\/wp-content\/uploads\/2021\/06\/Ben-Zucker-Album-Jetzt-erst-recht-100x100.jpg 100w\" sizes=\"auto, (max-width: 500px) 100vw, 500px\" \/><\/a><\/figure><\/div>\n\n\n\n<p class=\"custom-bottommargin ext-max-width\" style=\"max-width:772px;margin-bottom:23px\">Der S\u00e4nger mit der markanten Stimme pr\u00e4sentiert seine Mischung aus Pop-Schlager und Rock auf einzigartige Weise. Wer h\u00f6ren m\u00f6chte, was der patente Lebensk\u00fcnstler Ben Zucker auf seinem <a rel=\"noreferrer noopener\" href=\"https:\/\/tidd.ly\/3hetms3\" target=\"_blank\">Album `Jetzt Erst Recht`<\/a> so zu singen hat, der ist hier genau richtig. Bestellen und dann auf die Playtaste, fertig, los! Wer mehr m\u00f6chte, der greift zur <a rel=\"noreferrer noopener\" href=\"https:\/\/tidd.ly\/3A53Wpn\" target=\"_blank\">`Zuckerdosen Edition Limitiert\u00b4<\/a>.   <\/p>\n\n\n\n<p class=\"custom-topmargin\" style=\"margin-top:-25px\"><\/p>\n<\/div><\/div>\n\n\n\n<p><\/p>\n\n\n\n<blockquote class=\"wp-block-quote is-layout-flow wp-block-quote-is-layout-flow\"><p><strong>Es gibt ihren Verein seit mittlerweile 12 Jahren &#8230;<\/strong><\/p><\/blockquote>\n\n\n\n<p>Ja, das macht mich wirklich sehr stolz, weil es einfach ein Herzensprojekt ist. Es ist sehr viel Arbeit und es h\u00e4ngt nat\u00fcrlich vor allem an unseren ehrenamtlichen Senioren, die jeden morgen um halb sieben aufstehen und in den Schulen ein sch\u00f6nes Fr\u00fchst\u00fccksbuffet f\u00fcr die Kinder herrichten. <\/p>\n\n\n\n<p><strong>Wir haben schon mehr als acht Millionen Fr\u00fchst\u00fccke ausgegeben, sind mittlerweile in acht Bundesl\u00e4ndern aktiv<\/strong>.<\/p>\n\n\n\n<blockquote class=\"wp-block-quote is-style-large is-layout-flow wp-block-quote-is-layout-flow\"><p> Was ganz klein in M\u00fcnchen begonnen hat, ist jetzt ein bundesweites Erfolgs-Projekt.<\/p><\/blockquote>\n\n\n\n<blockquote class=\"wp-block-quote is-layout-flow wp-block-quote-is-layout-flow\"><p><strong>Erleben Sie auch eine Art Dankbarkeit der Kinder?<\/strong><\/p><\/blockquote>\n\n\n\n<p>Ja, es kommt sehr viel zur\u00fcck von den Kindern. Man sp\u00fcrt es, wie sie sich freuen und das sch\u00e4tzen, dass jemand sich die Arbeit f\u00fcr sie macht, und ihnen ein liebevoll pr\u00e4sentiertes Fr\u00fchst\u00fcck&nbsp; erm\u00f6glicht. Aber es geht nicht nur um das Fr\u00fchst\u00fcck. <\/p>\n\n\n\n<blockquote class=\"wp-block-quote is-style-large is-layout-flow wp-block-quote-is-layout-flow\"><p><strong>Die Senioren sind f\u00fcr sie auch eine Art Familien-Ersatz. Sie sprechen mit den Kindern \u00fcber deren kleine und gro\u00dfen Sorgen<\/strong>.<\/p><\/blockquote>\n\n\n\n<p> <br>Das ist wichtig f\u00fcr sie. Viele dieser Kinder haben zuhause keine Ansprache. Es ist also viel mehr als nur das Essen. Und es ist nat\u00fcrlich auch f\u00fcr unsere Senioren sch\u00f6n. Das Gef\u00fchl, im Alter noch eine Aufgabe zu haben, gebraucht zu werden, gibt auch ihnen ein gutes Gef\u00fchl.<\/p>\n\n\n\n<blockquote class=\"wp-block-quote is-layout-flow wp-block-quote-is-layout-flow\"><p><strong>Sie wirken unglaublich vital und jung und haben vermutlich immer noch die gleiche Kleidergr\u00f6\u00dfe wie vor 40 Jahren?<\/strong><\/p><\/blockquote>\n\n\n\n<p>Das stimmt. Ich merke das tats\u00e4chlich an meinen Dirndl-Kleidern. Meine `M\u00fcnchener Tracht\u00b4 in Gr\u00f6\u00dfe 34 habe ich wirklich schon seit 40 Jahren und ich passe immer noch rein.<\/p>\n\n\n\n<div class=\"wp-block-kioken-rowlayout alignnone bust-out-none\"><div id=\"kt-layout-id_d59be7-b6\" class=\"kio-row-layout-inner kt-row-has-bg kt-layout-id_d59be7-b6\" style=\"background-color:#efefef\"><div class=\"kt-row-column-wrap kt-has-2-columns kt-gutter-default kt-row-valign-top kio-row-layout-equal kt-tab-layout-inherit kt-m-colapse-left-to-right kt-mobile-layout-row\">\n<div class=\"wp-block-kioken-column inner-column-1 kioken-column_f7c449-72\"><div class=\"kt-inside-inner-col\" style=\"background-blend-mode:normal\"><div>\n<p class=\"has-text-align-right has-cyan-bluish-gray-color has-text-color has-custom-font mb-0 mt-0\" style=\"font-size:10px;font-family:Arial\">WERBUNG<\/p>\n\n\n\n<!-- Das ist ein Banner wenn das Bild darin die volle Breite haben soll.\nBei dem <img...: width=\"100%\" -->\n\n<!-- START ADVERTISER: sonnenklar.TV DE from awin.com -->\n\n<a href=\"https:\/\/www.awin1.com\/cread.php?s=2468008&amp;v=14603&amp;q=371650&amp;r=829417\" target=\"_blank\" rel=\"noopener\">\n    <img decoding=\"async\" src=\"https:\/\/www.awin1.com\/cshow.php?s=2468008&amp;v=14603&amp;q=371650&amp;r=829417\" width=\"100%\" border=\"0\">\n<\/a>\n\n<!-- END ADVERTISER: sonnenklar.TV DE from awin.com -->\n<\/div><\/div><\/div>\n<\/div><\/div><\/div>\n\n\n\n<blockquote class=\"wp-block-quote is-layout-flow wp-block-quote-is-layout-flow\"><p><strong>Verraten Sie uns, wie Sie das machen?<\/strong><\/p><\/blockquote>\n\n\n\n<p>Ein bisschen Disziplin und Bewegung geh\u00f6rt nat\u00fcrlich dazu. Ich mache jeden Tag ein gewisses Quantum an Sport. Dazu schaue ich auf meine Fitness-Uhr. <\/p>\n\n\n\n<blockquote class=\"wp-block-quote is-style-large is-layout-flow wp-block-quote-is-layout-flow\"><p>Und ich sehe zu, dass ich jeden Tag meine 10.000 Schritte schaffe. Das sind etwa 10 Kilometer pro Tag.<\/p><\/blockquote>\n\n\n\n<p><strong>Wenn ich in M\u00fcnchen vom neuen Flughafen Terminal `K\u00b4 abfliege, habe ich  allein 6000 Schritte<\/strong>, damit habe ich mehr als die H\u00e4lfte geschafft. Viele jammern \u00fcber die weiten Wege an diesem Terminal, ich finde das optimal. Und nat\u00fcrlich passe ich mit der Ern\u00e4hrung auf, bei mir funktioniert die Trennkost gut.<\/p>\n\n\n\n<blockquote class=\"wp-block-quote is-layout-flow wp-block-quote-is-layout-flow\"><p><strong>Denken Sie \u00fcber das Alter nach?<\/strong><\/p><\/blockquote>\n\n\n\n<p>Ich schaue nicht zur\u00fcck, sondern nach vorn und ich bin dankbar, dass ich \u00e4lter werden darf. Das sehe ich als gro\u00dfes Geschenk.&nbsp;<\/p>\n","protected":false},"excerpt":{"rendered":"<p>Uschi Glas steht seit \u00fcber 55 Jahren vor der Kamera, allein das ist schon rekordverd\u00e4chtig! Doch noch rekordverd\u00e4chtiger ist ihr Engagement f\u00fcr benachteiligte Kinder: Mit ihrem Verein `brotZeit` teilt sie an Schulen Fr\u00fchst\u00fcck f\u00fcr benachteiligte Kinder aus &#8211; und das bis heute 8 Millionen Mal! Im Interview mit Martina Mack spricht sie mit uns \u00fcber [&hellip;]<\/p>\n","protected":false},"author":3,"featured_media":2731,"comment_status":"closed","ping_status":"closed","sticky":false,"template":"","format":"standard","meta":{"_uag_custom_page_level_css":"","footnotes":""},"categories":[131],"tags":[100,130],"class_list":["post-2730","post","type-post","status-publish","format-standard","has-post-thumbnail","hentry","category-exklusiv-interview","tag-deutsche-promis","tag-interview"],"yoast_head":"<!-- This site is optimized with the Yoast SEO plugin v26.6 - https:\/\/yoast.com\/wordpress\/plugins\/seo\/ -->\n<title>Uschi Glas - Die erste deutsche Fr\u00fchst\u00fccks-Million\u00e4rin! - promistyle.de<\/title>\n<meta name=\"description\" content=\"Uschi Glas steht seit \u00fcber 55 Jahren vor der Kamera, allein das ist schon rekordverd\u00e4chtig! Doch noch rekordverd\u00e4chtiger ist ihr Engagement ...\" \/>\n<meta name=\"robots\" content=\"index, follow, max-snippet:-1, max-image-preview:large, max-video-preview:-1\" \/>\n<link rel=\"canonical\" href=\"https:\/\/www.promistyle.de\/?p=2730\" \/>\n<meta property=\"og:locale\" content=\"de_DE\" \/>\n<meta property=\"og:type\" content=\"article\" \/>\n<meta property=\"og:title\" content=\"Uschi Glas - Die erste deutsche Fr\u00fchst\u00fccks-Million\u00e4rin! - promistyle.de\" \/>\n<meta property=\"og:description\" content=\"Uschi Glas steht seit \u00fcber 55 Jahren vor der Kamera, allein das ist schon rekordverd\u00e4chtig! Doch noch rekordverd\u00e4chtiger ist ihr Engagement ...\" \/>\n<meta property=\"og:url\" content=\"https:\/\/www.promistyle.de\/?p=2730\" \/>\n<meta property=\"og:site_name\" content=\"promistyle.de\" \/>\n<meta property=\"article:publisher\" content=\"https:\/\/www.facebook.com\/PromiStyle.de\" \/>\n<meta property=\"article:published_time\" content=\"2021-08-16T09:00:00+00:00\" \/>\n<meta property=\"article:modified_time\" content=\"2021-08-16T09:47:51+00:00\" \/>\n<meta property=\"og:image\" content=\"https:\/\/www.promistyle.de\/wp-content\/uploads\/2020\/05\/Uschi_Glas_Berlinale_2012.jpg\" \/>\n\t<meta property=\"og:image:width\" content=\"1000\" \/>\n\t<meta property=\"og:image:height\" content=\"630\" \/>\n\t<meta property=\"og:image:type\" content=\"image\/jpeg\" \/>\n<meta name=\"author\" content=\"Martina\" \/>\n<meta name=\"twitter:card\" content=\"summary_large_image\" \/>\n<meta name=\"twitter:creator\" content=\"@PromiStyle\" \/>\n<meta name=\"twitter:site\" content=\"@PromiStyle\" \/>\n<meta name=\"twitter:label1\" content=\"Verfasst von\" \/>\n\t<meta name=\"twitter:data1\" content=\"Martina\" \/>\n\t<meta name=\"twitter:label2\" content=\"Gesch\u00e4tzte Lesezeit\" \/>\n\t<meta name=\"twitter:data2\" content=\"3\u00a0Minuten\" \/>\n<script type=\"application\/ld+json\" class=\"yoast-schema-graph\">{\"@context\":\"https:\/\/schema.org\",\"@graph\":[{\"@type\":\"Article\",\"@id\":\"https:\/\/www.promistyle.de\/?p=2730#article\",\"isPartOf\":{\"@id\":\"https:\/\/www.promistyle.de\/?p=2730\"},\"author\":{\"name\":\"Martina\",\"@id\":\"https:\/\/www.promistyle.de\/#\/schema\/person\/a26f206b2775c3f8843ee11a1ccceef4\"},\"headline\":\"Schauspielerin Uschi Glas &#8211; Die erste deutsche Fr\u00fchst\u00fccks-Million\u00e4rin!\",\"datePublished\":\"2021-08-16T09:00:00+00:00\",\"dateModified\":\"2021-08-16T09:47:51+00:00\",\"mainEntityOfPage\":{\"@id\":\"https:\/\/www.promistyle.de\/?p=2730\"},\"wordCount\":616,\"publisher\":{\"@id\":\"https:\/\/www.promistyle.de\/#organization\"},\"image\":{\"@id\":\"https:\/\/www.promistyle.de\/?p=2730#primaryimage\"},\"thumbnailUrl\":\"https:\/\/www.promistyle.de\/wp-content\/uploads\/2020\/05\/Uschi_Glas_Berlinale_2012.jpg\",\"keywords\":[\"Deutsche Promis\",\"Interview\"],\"articleSection\":[\"Exklusiv Interview\"],\"inLanguage\":\"de\"},{\"@type\":\"WebPage\",\"@id\":\"https:\/\/www.promistyle.de\/?p=2730\",\"url\":\"https:\/\/www.promistyle.de\/?p=2730\",\"name\":\"Uschi Glas - Die erste deutsche Fr\u00fchst\u00fccks-Million\u00e4rin! - promistyle.de\",\"isPartOf\":{\"@id\":\"https:\/\/www.promistyle.de\/#website\"},\"primaryImageOfPage\":{\"@id\":\"https:\/\/www.promistyle.de\/?p=2730#primaryimage\"},\"image\":{\"@id\":\"https:\/\/www.promistyle.de\/?p=2730#primaryimage\"},\"thumbnailUrl\":\"https:\/\/www.promistyle.de\/wp-content\/uploads\/2020\/05\/Uschi_Glas_Berlinale_2012.jpg\",\"datePublished\":\"2021-08-16T09:00:00+00:00\",\"dateModified\":\"2021-08-16T09:47:51+00:00\",\"description\":\"Uschi Glas steht seit \u00fcber 55 Jahren vor der Kamera, allein das ist schon rekordverd\u00e4chtig! Doch noch rekordverd\u00e4chtiger ist ihr Engagement ...\",\"breadcrumb\":{\"@id\":\"https:\/\/www.promistyle.de\/?p=2730#breadcrumb\"},\"inLanguage\":\"de\",\"potentialAction\":[{\"@type\":\"ReadAction\",\"target\":[\"https:\/\/www.promistyle.de\/?p=2730\"]}]},{\"@type\":\"ImageObject\",\"inLanguage\":\"de\",\"@id\":\"https:\/\/www.promistyle.de\/?p=2730#primaryimage\",\"url\":\"https:\/\/www.promistyle.de\/wp-content\/uploads\/2020\/05\/Uschi_Glas_Berlinale_2012.jpg\",\"contentUrl\":\"https:\/\/www.promistyle.de\/wp-content\/uploads\/2020\/05\/Uschi_Glas_Berlinale_2012.jpg\",\"width\":1000,\"height\":630,\"caption\":\"Uschi Glas\"},{\"@type\":\"BreadcrumbList\",\"@id\":\"https:\/\/www.promistyle.de\/?p=2730#breadcrumb\",\"itemListElement\":[{\"@type\":\"ListItem\",\"position\":1,\"name\":\"Startseite\",\"item\":\"https:\/\/www.promistyle.de\/\"},{\"@type\":\"ListItem\",\"position\":2,\"name\":\"Schauspielerin Uschi Glas &#8211; Die erste deutsche Fr\u00fchst\u00fccks-Million\u00e4rin!\"}]},{\"@type\":\"WebSite\",\"@id\":\"https:\/\/www.promistyle.de\/#website\",\"url\":\"https:\/\/www.promistyle.de\/\",\"name\":\"PromiStyle\",\"description\":\"Good Vibes Only\",\"publisher\":{\"@id\":\"https:\/\/www.promistyle.de\/#organization\"},\"potentialAction\":[{\"@type\":\"SearchAction\",\"target\":{\"@type\":\"EntryPoint\",\"urlTemplate\":\"https:\/\/www.promistyle.de\/?s={search_term_string}\"},\"query-input\":{\"@type\":\"PropertyValueSpecification\",\"valueRequired\":true,\"valueName\":\"search_term_string\"}}],\"inLanguage\":\"de\"},{\"@type\":\"Organization\",\"@id\":\"https:\/\/www.promistyle.de\/#organization\",\"name\":\"PromiStyle\",\"url\":\"https:\/\/www.promistyle.de\/\",\"logo\":{\"@type\":\"ImageObject\",\"inLanguage\":\"de\",\"@id\":\"https:\/\/www.promistyle.de\/#\/schema\/logo\/image\/\",\"url\":\"https:\/\/www.promistyle.de\/wp-content\/uploads\/2021\/03\/cropped-Logo-Style-09-04-20-1.png\",\"contentUrl\":\"https:\/\/www.promistyle.de\/wp-content\/uploads\/2021\/03\/cropped-Logo-Style-09-04-20-1.png\",\"width\":512,\"height\":512,\"caption\":\"PromiStyle\"},\"image\":{\"@id\":\"https:\/\/www.promistyle.de\/#\/schema\/logo\/image\/\"},\"sameAs\":[\"https:\/\/www.facebook.com\/PromiStyle.de\",\"https:\/\/x.com\/PromiStyle\",\"https:\/\/www.instagram.com\/promistyle\"]},{\"@type\":\"Person\",\"@id\":\"https:\/\/www.promistyle.de\/#\/schema\/person\/a26f206b2775c3f8843ee11a1ccceef4\",\"name\":\"Martina\",\"image\":{\"@type\":\"ImageObject\",\"inLanguage\":\"de\",\"@id\":\"https:\/\/www.promistyle.de\/#\/schema\/person\/image\/\",\"url\":\"https:\/\/secure.gravatar.com\/avatar\/5abc76ab171bdac7e3d72ecafc563dbaf6e46a61d443786812841b418e1c4a41?s=96&d=blank&r=g\",\"contentUrl\":\"https:\/\/secure.gravatar.com\/avatar\/5abc76ab171bdac7e3d72ecafc563dbaf6e46a61d443786812841b418e1c4a41?s=96&d=blank&r=g\",\"caption\":\"Martina\"},\"url\":\"https:\/\/www.promistyle.de\/?author=3\"}]}<\/script>\n<!-- \/ Yoast SEO plugin. -->","yoast_head_json":{"title":"Uschi Glas - Die erste deutsche Fr\u00fchst\u00fccks-Million\u00e4rin! - promistyle.de","description":"Uschi Glas steht seit \u00fcber 55 Jahren vor der Kamera, allein das ist schon rekordverd\u00e4chtig! Doch noch rekordverd\u00e4chtiger ist ihr Engagement ...","robots":{"index":"index","follow":"follow","max-snippet":"max-snippet:-1","max-image-preview":"max-image-preview:large","max-video-preview":"max-video-preview:-1"},"canonical":"https:\/\/www.promistyle.de\/?p=2730","og_locale":"de_DE","og_type":"article","og_title":"Uschi Glas - Die erste deutsche Fr\u00fchst\u00fccks-Million\u00e4rin! - promistyle.de","og_description":"Uschi Glas steht seit \u00fcber 55 Jahren vor der Kamera, allein das ist schon rekordverd\u00e4chtig! Doch noch rekordverd\u00e4chtiger ist ihr Engagement ...","og_url":"https:\/\/www.promistyle.de\/?p=2730","og_site_name":"promistyle.de","article_publisher":"https:\/\/www.facebook.com\/PromiStyle.de","article_published_time":"2021-08-16T09:00:00+00:00","article_modified_time":"2021-08-16T09:47:51+00:00","og_image":[{"width":1000,"height":630,"url":"https:\/\/www.promistyle.de\/wp-content\/uploads\/2020\/05\/Uschi_Glas_Berlinale_2012.jpg","type":"image\/jpeg"}],"author":"Martina","twitter_card":"summary_large_image","twitter_creator":"@PromiStyle","twitter_site":"@PromiStyle","twitter_misc":{"Verfasst von":"Martina","Gesch\u00e4tzte Lesezeit":"3\u00a0Minuten"},"schema":{"@context":"https:\/\/schema.org","@graph":[{"@type":"Article","@id":"https:\/\/www.promistyle.de\/?p=2730#article","isPartOf":{"@id":"https:\/\/www.promistyle.de\/?p=2730"},"author":{"name":"Martina","@id":"https:\/\/www.promistyle.de\/#\/schema\/person\/a26f206b2775c3f8843ee11a1ccceef4"},"headline":"Schauspielerin Uschi Glas &#8211; Die erste deutsche Fr\u00fchst\u00fccks-Million\u00e4rin!","datePublished":"2021-08-16T09:00:00+00:00","dateModified":"2021-08-16T09:47:51+00:00","mainEntityOfPage":{"@id":"https:\/\/www.promistyle.de\/?p=2730"},"wordCount":616,"publisher":{"@id":"https:\/\/www.promistyle.de\/#organization"},"image":{"@id":"https:\/\/www.promistyle.de\/?p=2730#primaryimage"},"thumbnailUrl":"https:\/\/www.promistyle.de\/wp-content\/uploads\/2020\/05\/Uschi_Glas_Berlinale_2012.jpg","keywords":["Deutsche Promis","Interview"],"articleSection":["Exklusiv Interview"],"inLanguage":"de"},{"@type":"WebPage","@id":"https:\/\/www.promistyle.de\/?p=2730","url":"https:\/\/www.promistyle.de\/?p=2730","name":"Uschi Glas - Die erste deutsche Fr\u00fchst\u00fccks-Million\u00e4rin! - promistyle.de","isPartOf":{"@id":"https:\/\/www.promistyle.de\/#website"},"primaryImageOfPage":{"@id":"https:\/\/www.promistyle.de\/?p=2730#primaryimage"},"image":{"@id":"https:\/\/www.promistyle.de\/?p=2730#primaryimage"},"thumbnailUrl":"https:\/\/www.promistyle.de\/wp-content\/uploads\/2020\/05\/Uschi_Glas_Berlinale_2012.jpg","datePublished":"2021-08-16T09:00:00+00:00","dateModified":"2021-08-16T09:47:51+00:00","description":"Uschi Glas steht seit \u00fcber 55 Jahren vor der Kamera, allein das ist schon rekordverd\u00e4chtig! Doch noch rekordverd\u00e4chtiger ist ihr Engagement ...","breadcrumb":{"@id":"https:\/\/www.promistyle.de\/?p=2730#breadcrumb"},"inLanguage":"de","potentialAction":[{"@type":"ReadAction","target":["https:\/\/www.promistyle.de\/?p=2730"]}]},{"@type":"ImageObject","inLanguage":"de","@id":"https:\/\/www.promistyle.de\/?p=2730#primaryimage","url":"https:\/\/www.promistyle.de\/wp-content\/uploads\/2020\/05\/Uschi_Glas_Berlinale_2012.jpg","contentUrl":"https:\/\/www.promistyle.de\/wp-content\/uploads\/2020\/05\/Uschi_Glas_Berlinale_2012.jpg","width":1000,"height":630,"caption":"Uschi Glas"},{"@type":"BreadcrumbList","@id":"https:\/\/www.promistyle.de\/?p=2730#breadcrumb","itemListElement":[{"@type":"ListItem","position":1,"name":"Startseite","item":"https:\/\/www.promistyle.de\/"},{"@type":"ListItem","position":2,"name":"Schauspielerin Uschi Glas &#8211; Die erste deutsche Fr\u00fchst\u00fccks-Million\u00e4rin!"}]},{"@type":"WebSite","@id":"https:\/\/www.promistyle.de\/#website","url":"https:\/\/www.promistyle.de\/","name":"PromiStyle","description":"Good Vibes Only","publisher":{"@id":"https:\/\/www.promistyle.de\/#organization"},"potentialAction":[{"@type":"SearchAction","target":{"@type":"EntryPoint","urlTemplate":"https:\/\/www.promistyle.de\/?s={search_term_string}"},"query-input":{"@type":"PropertyValueSpecification","valueRequired":true,"valueName":"search_term_string"}}],"inLanguage":"de"},{"@type":"Organization","@id":"https:\/\/www.promistyle.de\/#organization","name":"PromiStyle","url":"https:\/\/www.promistyle.de\/","logo":{"@type":"ImageObject","inLanguage":"de","@id":"https:\/\/www.promistyle.de\/#\/schema\/logo\/image\/","url":"https:\/\/www.promistyle.de\/wp-content\/uploads\/2021\/03\/cropped-Logo-Style-09-04-20-1.png","contentUrl":"https:\/\/www.promistyle.de\/wp-content\/uploads\/2021\/03\/cropped-Logo-Style-09-04-20-1.png","width":512,"height":512,"caption":"PromiStyle"},"image":{"@id":"https:\/\/www.promistyle.de\/#\/schema\/logo\/image\/"},"sameAs":["https:\/\/www.facebook.com\/PromiStyle.de","https:\/\/x.com\/PromiStyle","https:\/\/www.instagram.com\/promistyle"]},{"@type":"Person","@id":"https:\/\/www.promistyle.de\/#\/schema\/person\/a26f206b2775c3f8843ee11a1ccceef4","name":"Martina","image":{"@type":"ImageObject","inLanguage":"de","@id":"https:\/\/www.promistyle.de\/#\/schema\/person\/image\/","url":"https:\/\/secure.gravatar.com\/avatar\/5abc76ab171bdac7e3d72ecafc563dbaf6e46a61d443786812841b418e1c4a41?s=96&d=blank&r=g","contentUrl":"https:\/\/secure.gravatar.com\/avatar\/5abc76ab171bdac7e3d72ecafc563dbaf6e46a61d443786812841b418e1c4a41?s=96&d=blank&r=g","caption":"Martina"},"url":"https:\/\/www.promistyle.de\/?author=3"}]}},"uagb_featured_image_src":{"full":["https:\/\/www.promistyle.de\/wp-content\/uploads\/2020\/05\/Uschi_Glas_Berlinale_2012.jpg",1000,630,false],"thumbnail":["https:\/\/www.promistyle.de\/wp-content\/uploads\/2020\/05\/Uschi_Glas_Berlinale_2012-150x150.jpg",150,150,true],"medium":["https:\/\/www.promistyle.de\/wp-content\/uploads\/2020\/05\/Uschi_Glas_Berlinale_2012-300x189.jpg",300,189,true],"medium_large":["https:\/\/www.promistyle.de\/wp-content\/uploads\/2020\/05\/Uschi_Glas_Berlinale_2012-768x484.jpg",768,484,true],"large":["https:\/\/www.promistyle.de\/wp-content\/uploads\/2020\/05\/Uschi_Glas_Berlinale_2012.jpg",1000,630,false],"gs-tiny":["https:\/\/www.promistyle.de\/wp-content\/uploads\/2020\/05\/Uschi_Glas_Berlinale_2012.jpg",50,32,false],"xl":["https:\/\/www.promistyle.de\/wp-content\/uploads\/2020\/05\/Uschi_Glas_Berlinale_2012.jpg",1000,630,false],"xxl":["https:\/\/www.promistyle.de\/wp-content\/uploads\/2020\/05\/Uschi_Glas_Berlinale_2012.jpg",1000,630,false],"xxxl":["https:\/\/www.promistyle.de\/wp-content\/uploads\/2020\/05\/Uschi_Glas_Berlinale_2012.jpg",1000,630,false],"xxxxl":["https:\/\/www.promistyle.de\/wp-content\/uploads\/2020\/05\/Uschi_Glas_Berlinale_2012.jpg",1000,630,false],"xxxxxl":["https:\/\/www.promistyle.de\/wp-content\/uploads\/2020\/05\/Uschi_Glas_Berlinale_2012.jpg",1000,630,false],"1536x1536":["https:\/\/www.promistyle.de\/wp-content\/uploads\/2020\/05\/Uschi_Glas_Berlinale_2012.jpg",1000,630,false],"2048x2048":["https:\/\/www.promistyle.de\/wp-content\/uploads\/2020\/05\/Uschi_Glas_Berlinale_2012.jpg",1000,630,false],"post-thumbnail":["https:\/\/www.promistyle.de\/wp-content\/uploads\/2020\/05\/Uschi_Glas_Berlinale_2012-1000x600.jpg",1000,600,true],"mvp-post-thumb":["https:\/\/www.promistyle.de\/wp-content\/uploads\/2020\/05\/Uschi_Glas_Berlinale_2012-1000x600.jpg",1000,600,true],"mvp-mid-thumb":["https:\/\/www.promistyle.de\/wp-content\/uploads\/2020\/05\/Uschi_Glas_Berlinale_2012-400x240.jpg",400,240,true],"mvp-small-thumb":["https:\/\/www.promistyle.de\/wp-content\/uploads\/2020\/05\/Uschi_Glas_Berlinale_2012-100x100.jpg",100,100,true]},"uagb_author_info":{"display_name":"Martina","author_link":"https:\/\/www.promistyle.de\/?author=3"},"uagb_comment_info":0,"uagb_excerpt":"Uschi Glas steht seit \u00fcber 55 Jahren vor der Kamera, allein das ist schon rekordverd\u00e4chtig! Doch noch rekordverd\u00e4chtiger ist ihr Engagement f\u00fcr benachteiligte Kinder: Mit ihrem Verein `brotZeit` teilt sie an Schulen Fr\u00fchst\u00fcck f\u00fcr benachteiligte Kinder aus &#8211; und das bis heute 8 Millionen Mal! Im Interview mit Martina Mack spricht sie mit uns \u00fcber&hellip;","_links":{"self":[{"href":"https:\/\/www.promistyle.de\/index.php?rest_route=\/wp\/v2\/posts\/2730","targetHints":{"allow":["GET"]}}],"collection":[{"href":"https:\/\/www.promistyle.de\/index.php?rest_route=\/wp\/v2\/posts"}],"about":[{"href":"https:\/\/www.promistyle.de\/index.php?rest_route=\/wp\/v2\/types\/post"}],"author":[{"embeddable":true,"href":"https:\/\/www.promistyle.de\/index.php?rest_route=\/wp\/v2\/users\/3"}],"replies":[{"embeddable":true,"href":"https:\/\/www.promistyle.de\/index.php?rest_route=%2Fwp%2Fv2%2Fcomments&post=2730"}],"version-history":[{"count":24,"href":"https:\/\/www.promistyle.de\/index.php?rest_route=\/wp\/v2\/posts\/2730\/revisions"}],"predecessor-version":[{"id":6398,"href":"https:\/\/www.promistyle.de\/index.php?rest_route=\/wp\/v2\/posts\/2730\/revisions\/6398"}],"wp:featuredmedia":[{"embeddable":true,"href":"https:\/\/www.promistyle.de\/index.php?rest_route=\/wp\/v2\/media\/2731"}],"wp:attachment":[{"href":"https:\/\/www.promistyle.de\/index.php?rest_route=%2Fwp%2Fv2%2Fmedia&parent=2730"}],"wp:term":[{"taxonomy":"category","embeddable":true,"href":"https:\/\/www.promistyle.de\/index.php?rest_route=%2Fwp%2Fv2%2Fcategories&post=2730"},{"taxonomy":"post_tag","embeddable":true,"href":"https:\/\/www.promistyle.de\/index.php?rest_route=%2Fwp%2Fv2%2Ftags&post=2730"}],"curies":[{"name":"wp","href":"https:\/\/api.w.org\/{rel}","templated":true}]}}