{"id":2696,"date":"2021-08-11T11:06:00","date_gmt":"2021-08-11T09:06:00","guid":{"rendered":"https:\/\/www.promileaks.com\/?p=2696"},"modified":"2021-08-12T08:42:05","modified_gmt":"2021-08-12T06:42:05","slug":"grand-prix-legende-nicole-ueber-seitenspruenge-ihre-private-folterkammer-und-35-jahre-ohne-suessigkeiten","status":"publish","type":"post","link":"https:\/\/www.promistyle.de\/?p=2696","title":{"rendered":"`Grand Prix\u00b4-Legende Nicole \u00fcber Seitenspr\u00fcnge, ihre private Folterkammer und 35 Jahre ohne S\u00fc\u00dfigkeiten &#8230;"},"content":{"rendered":"\n<p>Mit 17 Jahren holte sie f\u00fcr uns die `Grand Prix`-Krone &#8211; und scheint in den vergangenen Jahrzehnten kein Jahr \u00e4lter geworden zu sein!<\/p>\n\n\n\n<p><strong>Und auch musikalisch ist sie am Ball geblieben, brachte gerade ihr neues <a href=\"https:\/\/www.awin1.com\/cread.php?awinmid=11656&amp;awinaffid=829417&amp;ued=https%3A%2F%2Fwww.shop24direct.de%2Fprodukt%2F50-ist-das-neue-25-431373\" target=\"_blank\" rel=\"noreferrer noopener sponsored nofollow\">Album `50 ist das neue 25`<\/a> heraus. <\/strong><\/p>\n\n\n\n<p>Im Interview spricht sie \u00fcber das Geheimnis ihrer Jugendlichkeit, die Liebe ihres Lebens &#8211; und plaudert dabei einige ungew\u00f6hnliche Dinge aus &#8230;  <\/p>\n\n\n\n<blockquote class=\"wp-block-quote is-layout-flow wp-block-quote-is-layout-flow\"><p><strong>Wie ist denn Ihr aktuelles Lebensgef\u00fchl?<\/strong><\/p><\/blockquote>\n\n\n\n<p>Ich bin gerne am Leben. Mir geht es wunderbar, ich bin gesund und fit. <strong>Und wenn ich zur\u00fcckblicke, dann war das \u00fcberwiegend sch\u00f6n<\/strong>. Ich hatte Erfolg in meinem Beruf, eine gl\u00fcckliche Familie, wohlgeratene Kinder und s\u00fc\u00dfe Enkelkinder.<\/p>\n\n\n\n<div class=\"wp-block-group has-background has-animator custom-bottommargin ext-max-width ext-maxw-align-center\" style=\"background-color:#efefef;max-width:923px;margin-bottom:68px\" data-anim-from=\"vertical\" data-anim-duration=\"1\" data-anim-distance=\"50\" data-anim-scale-x=\"1\" data-anim-scale-y=\"1\" data-anim-easing=\"easeInOut\" data-anim-effect=\"Cubic\"><div class=\"wp-block-group__inner-container is-layout-flow wp-block-group-is-layout-flow\">\n<p class=\"has-text-align-right has-cyan-bluish-gray-color has-text-color custom-bottommargin ext-max-width\" style=\"font-size:11px;max-width:730px;margin-bottom:-2px\">Anzeige &#8211; shop24direct.de<\/p>\n\n\n\n<div class=\"wp-block-image mb-tablet-0 mt-tablet-0 custom-bottommargin\" style=\"margin-bottom:12px\"><figure class=\"alignleft size-large is-resized\"><a href=\"https:\/\/www.awin1.com\/cread.php?awinmid=11656&amp;awinaffid=829417&amp;ued=https%3A%2F%2Fwww.shop24direct.de%2Fprodukt%2Fherzenssache-platin-edition-2171950\" target=\"_blank\" rel=\"noopener\"><img loading=\"lazy\" decoding=\"async\" src=\"https:\/\/www.promistyle.de\/wp-content\/uploads\/2021\/04\/Ramon-Roselly-Album-Herzenssache.jpg\" alt=\"Ramon-Roselly-Album-Herzenssache\" class=\"wp-image-4966\" width=\"500\" height=\"500\" srcset=\"https:\/\/www.promistyle.de\/wp-content\/uploads\/2021\/04\/Ramon-Roselly-Album-Herzenssache.jpg 500w, https:\/\/www.promistyle.de\/wp-content\/uploads\/2021\/04\/Ramon-Roselly-Album-Herzenssache-300x300.jpg 300w, https:\/\/www.promistyle.de\/wp-content\/uploads\/2021\/04\/Ramon-Roselly-Album-Herzenssache-150x150.jpg 150w, https:\/\/www.promistyle.de\/wp-content\/uploads\/2021\/04\/Ramon-Roselly-Album-Herzenssache-100x100.jpg 100w\" sizes=\"auto, (max-width: 500px) 100vw, 500px\" \/><\/a><\/figure><\/div>\n\n\n\n<p class=\"custom-bottommargin ext-max-width\" style=\"max-width:772px;margin-bottom:23px\">Nachdem Der singende Sunnyboy f\u00fcr sein Durchbruchs-Erstling Das Album <a href=\"https:\/\/www.awin1.com\/cread.php?awinmid=11656&amp;awinaffid=829417&amp;ued=https%3A%2F%2Fwww.shop24direct.de%2Fprodukt%2Fherzenssache-platin-edition-2171950\" target=\"_blank\" rel=\"noreferrer noopener\">`Herzenssache\u00b4<\/a>  mit einer goldenen Schallplatte ausgezeichnet wurde, erschien k\u00fcrzlich die neue Edition des Albums. <strong>Mit insgesamt sieben exklusiven Bonus-St\u00fccken &#8211; darunter das Florian Silbereisen-Duett `Mandy\u00b4<\/strong> und nat\u00fcrlich Ramons h\u00f6renswerte Single \u00b4Unendlich\u00b4. Gute Laune garantiert! <\/p>\n\n\n\n<p class=\"custom-topmargin\" style=\"margin-top:-25px\"><\/p>\n<\/div><\/div>\n\n\n\n<blockquote class=\"wp-block-quote is-layout-flow wp-block-quote-is-layout-flow\"><p><strong>Was ist in der zweiten Lebensh\u00e4lfte besser?<\/strong><\/p><\/blockquote>\n\n\n\n<p>Ich bin heute viel entspannter, habe viel erreicht. <strong>Mit 25 steht man viel mehr unter Druck, etwas zu erreichen<\/strong>. Ich bin stolz auf das, was ich geleistet habe. Ich muss heute niemandem mehr etwas beweisen und mir auch nicht.<\/p>\n\n\n\n<blockquote class=\"wp-block-quote is-layout-flow wp-block-quote-is-layout-flow\"><p><strong>Sie halten seit Jahren Ihre Figur, tragen immer noch Gr\u00f6\u00dfe 36. Wie machen Sie das?<\/strong><\/p><\/blockquote>\n\n\n\n<p>Ich habe im Keller eine \u201eFolterkammer\u201c und da trainiere ich jeden zweiten Tag.&nbsp; <strong>\u00dcber meinem Laufband h\u00e4ngt ein Fernseher, meistens schaue ich Sport<\/strong>. Das&nbsp; motiviert mich und die 20 Minuten sind dann immer ganz schnell vorbei. Ansonsten achte ich nat\u00fcrlich auf meine Ern\u00e4hrung.<\/p>\n\n\n\n<blockquote class=\"wp-block-quote is-layout-flow wp-block-quote-is-layout-flow\"><p><strong>Stimmt es, dass Sie seit 35 Jahren keine S\u00fc\u00dfigkeiten mehr essen?<\/strong><\/p><\/blockquote>\n\n\n\n<p>Ja, darauf verzichte ich tats\u00e4chlich. <strong>Keine Schokolade, kein Kuchen, kein Zucker. Auch kein Wei\u00dfmehl. Ich koche sehr gerne, mache Nudeln aus Dinkelmehl oder Kichererbsenmehl<\/strong>. Auch Eiwei\u00df-Brot esse ich. Kohlenhydrate spare ich mir.<\/p>\n\n\n\n<blockquote class=\"wp-block-quote is-layout-flow wp-block-quote-is-layout-flow\"><p><strong>Eines Ihrer neuen Lieder hei\u00dft: \u201eSag nicht alles\u201c. &nbsp;Sind Sie daf\u00fcr, Geheimnisse vor dem Partner zu haben?<\/strong><\/p><\/blockquote>\n\n\n\n<p>Ich finde, man kann schon kleine Geheimnisse haben. <strong>Man muss dem Partner nicht alles sagen, ihn nicht mit Dingen belasten, die er nicht unbedingt wissen muss<\/strong>. Manche Leute wollen nur ihr eigenes Gewissen erleichtern und bringen damit viel Unruhe in die Beziehung. Manchmal ist Schweigen einfach besser. Bei gro\u00dfen Dingen muss man nat\u00fcrlich miteinander diskutieren, das ist klar.<\/p>\n\n\n\n<div class=\"wp-block-media-text alignwide is-stacked-on-mobile is-vertically-aligned-top has-background\" style=\"background-color:#efefef\"><figure class=\"wp-block-media-text__media\"><a href=\"https:\/\/www.awin1.com\/cread.php?awinmid=11656&amp;awinaffid=829417&amp;ued=https%3A%2F%2Fwww.shop24direct.de%2Fprodukt%2Fciao-gratis-mega-fanaufkleber-431487\" target=\"_blank\" rel=\"Fan-Box von Giovanni noopener\"><img loading=\"lazy\" decoding=\"async\" width=\"500\" height=\"500\" src=\"https:\/\/www.promistyle.de\/wp-content\/uploads\/2021\/03\/Zarella-Ciao-Album.jpg\" alt=\"Zarrella-Ciao-Album\" class=\"wp-image-4139 size-full\" srcset=\"https:\/\/www.promistyle.de\/wp-content\/uploads\/2021\/03\/Zarella-Ciao-Album.jpg 500w, https:\/\/www.promistyle.de\/wp-content\/uploads\/2021\/03\/Zarella-Ciao-Album-300x300.jpg 300w, https:\/\/www.promistyle.de\/wp-content\/uploads\/2021\/03\/Zarella-Ciao-Album-150x150.jpg 150w, https:\/\/www.promistyle.de\/wp-content\/uploads\/2021\/03\/Zarella-Ciao-Album-100x100.jpg 100w\" sizes=\"auto, (max-width: 500px) 100vw, 500px\" \/><\/a><\/figure><div class=\"wp-block-media-text__content\">\n<p class=\"has-text-align-right ticss-2dc0043c has-cyan-bluish-gray-color has-text-color has-custom-size has-custom-font mb-0 custom-topmargin\" style=\"font-size:12px;font-family:Arial;margin-top:5px\">Anzeige<\/p>\n\n\n\n<p class=\"mt-0\">Sommer, Sonne, Sonnenschein &#8211; Giovanni bringt das Sommer-Feeling der Italo-Hits zur\u00fcck! <strong>Sein neues Soloalbum `CIAO!\u00b4 erscheint am 09. April.<\/strong> <strong>\u00dcber den Klick auf das Album-Cover k\u00f6nnt ihr es vorbestellen.<\/strong> Wer sich f\u00fcr die <strong><a href=\"https:\/\/www.awin1.com\/cread.php?awinmid=11656&amp;awinaffid=829417&amp;ued=https%3A%2F%2Fwww.shop24direct.de%2Fprodukt%2Fciao-gratis-mega-fanaufkleber-431487\" target=\"_blank\" rel=\"noreferrer noopener\">Fan-Box<\/a><\/strong> entscheidet, f\u00fcr den gibt es die <strong>CD `Die Italo-Hitparty 2\u00b4<\/strong>, und einen <strong>Pizzaschneider<\/strong> dazu. Italo-Feeling komplett!<\/p>\n<\/div><\/div>\n\n\n\n<blockquote class=\"wp-block-quote is-layout-flow wp-block-quote-is-layout-flow\"><p><strong>W\u00fcrden Sie einen Seitensprung lieber nicht beichten?<\/strong><\/p><\/blockquote>\n\n\n\n<p>Das war nie ein Thema, hat mich nie interessiert. Ich bin seit 35 gl\u00fccklich verheiratet mit meinem Mann und musste mir nie Gedanken \u00fcber Seitenspr\u00fcnge machen. <strong>Vielleicht steht auch auf meiner Stirn das Wort \u201eVergeben\u201c (<em>lacht<\/em>)<\/strong>. Nat\u00fcrlich gibt es nie eine Garantie, ob eine Beziehung h\u00e4lt, aber wir haben einfach Gl\u00fcck miteinander.<\/p>\n\n\n\n<blockquote class=\"wp-block-quote is-layout-flow wp-block-quote-is-layout-flow\"><p><strong>Ihr Mann Winfried war der erste Mann in Ihrem Leben&#8230;<\/strong><\/p><\/blockquote>\n\n\n\n<p>Und der Einzige! Ich war 14, als wir uns kennengelernt haben und Winfried 17. Als ich ihn zum ersten Mal gesehen habe, h\u00f6rte ich eine Stimme in meinem Kopf, die zu mir sagte: \u201eDas ist er \u2013 du musst nicht weitersuchen!\u201c <strong>Das war tats\u00e4chlich ein magischer Moment<\/strong>. Wir sind quasi miteinander erwachsen geworden. Er hat mich nicht erst nach meinem Grand Prix-Sieg kennengelernt, sondern ist meinen Weg mit mir gegangen. Ich habe bei mindestens zehn Talentwettbewerben mitgemacht, und er hat mich immer dabei unterst\u00fctzt. <strong>Dabei ist er auch seinen eigenen beruflichen Weg sehr erfolgreich gegangen, ist Kfz-Sachverst\u00e4ndiger, hat seinen Meisterbrief<\/strong>. Er kann wirklich alles&nbsp; \u2013 au\u00dfer kochen. Das \u00fcberl\u00e4sst er auch mir, weil es einfach besser schmeckt (<em>lacht<\/em>).<\/p>\n\n\n\n<blockquote class=\"wp-block-quote is-layout-flow wp-block-quote-is-layout-flow\"><p><strong>Eines Ihrer Lieder hei\u00dft \u201eBis ans Ende dieser Welt\u201c, ein sch\u00f6nes Liebeslied. Wem haben Sie diesen Song gewidmet?<\/strong><\/p><\/blockquote>\n\n\n\n<p>Es ist eine Liebeserkl\u00e4rung \u2013 nat\u00fcrlich an meinen Mann, den ich \u00fcber alles liebe.<\/p>\n\n\n\n<blockquote class=\"wp-block-quote is-layout-flow wp-block-quote-is-layout-flow\"><p><strong>Was sch\u00e4tzen Sie am meisten an Ihrem Mann?<\/strong><\/p><\/blockquote>\n\n\n\n<p>Seinen Besch\u00fctzer-Instinkt. Er sp\u00fcrt instinktiv, wenn eine Situation unentspannt ist und stellt sich immer vor mich. Er ist mein Fels in der Brandung, auf den ich mich immer verlassen kann.<\/p>\n\n\n\n<blockquote class=\"wp-block-quote is-layout-flow wp-block-quote-is-layout-flow\"><p><strong>Sie sind viel unterwegs, glauben Sie an Schutzengel?<\/strong><\/p><\/blockquote>\n\n\n\n<p>Ja, ich glaube, dass es Dinge zwischen Himmel und Erde gibt, die wir nicht erkl\u00e4ren k\u00f6nnen. Ich habe schon dreimal richtig Gl\u00fcck gehabt. <strong>Ich bin innerhalb weniger Jahre dem Tod mehrmals von der Schippe gesprungen<\/strong>. Das erste Mal war 1988, da wollte mein Mann unbedingt die Flugshow in Ramstein sehen, die so fatal endete. Ich wollte das irgendwie nicht, habe herumgetr\u00f6delt, bis es dann zu sp\u00e4t war.&nbsp; Im Winter 2004 haben wir geplant nach Thailand zu reisen und uns im letzten Moment umentschieden. <strong>Damals starben ja Hunderttausende Menschen bei der Tsunami-Katastrophe<\/strong>. Und auch bei einem Unfall auf der Autobahn hatten wir Mega-Gl\u00fcck. Uns ist nichts passiert. Insofern glaube ich schon, dass da oben jemand ist, der auf uns aufpasst.<\/p>\n\n\n\n\n\n<blockquote class=\"wp-block-quote is-layout-flow wp-block-quote-is-layout-flow\"><p><br><strong>Was macht Sie gl\u00fccklich?<\/strong><\/p><\/blockquote>\n\n\n\n<p>Wenn meine beiden Enkelinnen da sind. Die beiden sind jetzt acht und vier Jahre alt. Wenn die M\u00e4dels bei uns sind, bleibt die Arbeit liegen, wir spielen verstecken, ich mache den beiden Popcorn mit unserer Maschine. Das ist einfach toll. Ich bin mit Leib und Seele Gro\u00dfmutter.<\/p>\n\n\n\n<blockquote class=\"wp-block-quote is-layout-flow wp-block-quote-is-layout-flow\"><p><strong>Werden Sie im n\u00e4chsten Jahr zum 40-j\u00e4hrigen Jubil\u00e4um auf Tournee gehen?<\/strong><\/p><\/blockquote>\n\n\n\n<p>Ja, wir sind bereits in Verhandlungen. Das ist logistisch eine riesige Herausforderung. Aber ich m\u00f6chte gerne in 13 St\u00e4dten spielen. 13 ist meine Gl\u00fcckszahl.<\/p>\n\n\n\n<blockquote class=\"wp-block-quote is-layout-flow wp-block-quote-is-layout-flow\"><p><strong>F\u00fcr die meisten Leute ist die 13 eher eine Ungl\u00fcckszahl&#8230;<\/strong><\/p><\/blockquote>\n\n\n\n<p>Ja, aber <strong>f\u00fcr mich ist die 13 meine absolute Gl\u00fcckszahl<\/strong>, etwas ganz Besonderes. <strong>Als ich damals \u201eFlieg nicht so hoch, mein kleiner Freund\u201c zum Grand Prix d\u2018 Eurovision de la Chanson einreichte, landete das Lied auf Platz 13, also einen Platz an der deutschen Vorentscheidung vorbei<\/strong>. Daf\u00fcr hatte ich ein Jahr sp\u00e4ter mit \u201eEin bisschen Frieden\u201c den Mega-Erfolg. Es ist also alles vorbestimmt und seitdem ist die 13 meine Gl\u00fcckszahl.<\/p>\n\n\n\n<blockquote class=\"wp-block-quote is-layout-flow wp-block-quote-is-layout-flow\"><p><strong>Gibt es einen Wunsch, den Sie sich gerne erf\u00fcllen m\u00f6chten?<\/strong><\/p><\/blockquote>\n\n\n\n<p>Nein, ich bin wunschlos gl\u00fccklich. Der liebe Gott hat es gut mit mir gemeint. Daf\u00fcr bin ich dankbar und voller Demut. <strong>Irgendwann m\u00f6chte ich noch nach Neuseeland und nach Australien reisen<\/strong>, das habe ich mir fest vorgenommen und das werde ich auch machen.<\/p>\n\n\n\n<figure class=\"wp-block-image size-large is-resized\"><a href=\"https:\/\/tidd.ly\/3xzEG8M\" target=\"_blank\" rel=\"noopener\"><img loading=\"lazy\" decoding=\"async\" src=\"https:\/\/www.promistyle.de\/wp-content\/uploads\/2020\/04\/405380431373-albumcover-1-KLEIN.jpg\" alt=\"\" class=\"wp-image-2701\" width=\"278\" height=\"276\" srcset=\"https:\/\/www.promistyle.de\/wp-content\/uploads\/2020\/04\/405380431373-albumcover-1-KLEIN.jpg 1000w, https:\/\/www.promistyle.de\/wp-content\/uploads\/2020\/04\/405380431373-albumcover-1-KLEIN-300x298.jpg 300w, https:\/\/www.promistyle.de\/wp-content\/uploads\/2020\/04\/405380431373-albumcover-1-KLEIN-150x150.jpg 150w, https:\/\/www.promistyle.de\/wp-content\/uploads\/2020\/04\/405380431373-albumcover-1-KLEIN-768x762.jpg 768w, https:\/\/www.promistyle.de\/wp-content\/uploads\/2020\/04\/405380431373-albumcover-1-KLEIN-100x100.jpg 100w\" sizes=\"auto, (max-width: 278px) 100vw, 278px\" \/><\/a><\/figure>\n","protected":false},"excerpt":{"rendered":"<p>Mit 17 Jahren holte sie f\u00fcr uns die `Grand Prix`-Krone &#8211; und scheint in den vergangenen Jahrzehnten kein Jahr \u00e4lter geworden zu sein! Und auch musikalisch ist sie am Ball geblieben, brachte gerade ihr neues Album `50 ist das neue 25` heraus. Im Interview spricht sie \u00fcber das Geheimnis ihrer Jugendlichkeit, die Liebe ihres Lebens [&hellip;]<\/p>\n","protected":false},"author":3,"featured_media":2698,"comment_status":"closed","ping_status":"closed","sticky":false,"template":"","format":"standard","meta":{"_uag_custom_page_level_css":"","footnotes":""},"categories":[131],"tags":[100,31,133],"class_list":["post-2696","post","type-post","status-publish","format-standard","has-post-thumbnail","hentry","category-exklusiv-interview","tag-deutsche-promis","tag-featured","tag-schlager"],"yoast_head":"<!-- This site is optimized with the Yoast SEO plugin v26.6 - https:\/\/yoast.com\/wordpress\/plugins\/seo\/ -->\n<title>`Grand Prix`-Legende Nicole \u00fcber Seitenspr\u00fcnge, ihre ... - promistyle.de<\/title>\n<meta name=\"description\" content=\"`Grand Prix`-Legende Nicole spricht offen \u00fcber Seitenspr\u00fcnge, ihre ganz private Folterkammer und 35 Jahre ohne S\u00fc\u00dfigkeiten ...\" \/>\n<meta name=\"robots\" content=\"index, follow, max-snippet:-1, max-image-preview:large, max-video-preview:-1\" \/>\n<link rel=\"canonical\" href=\"https:\/\/www.promistyle.de\/?p=2696\" \/>\n<meta property=\"og:locale\" content=\"de_DE\" \/>\n<meta property=\"og:type\" content=\"article\" \/>\n<meta property=\"og:title\" content=\"`Grand Prix`-Legende Nicole \u00fcber Seitenspr\u00fcnge, ihre ... - promistyle.de\" \/>\n<meta property=\"og:description\" content=\"`Grand Prix`-Legende Nicole spricht offen \u00fcber Seitenspr\u00fcnge, ihre ganz private Folterkammer und 35 Jahre ohne S\u00fc\u00dfigkeiten ...\" \/>\n<meta property=\"og:url\" content=\"https:\/\/www.promistyle.de\/?p=2696\" \/>\n<meta property=\"og:site_name\" content=\"promistyle.de\" \/>\n<meta property=\"article:publisher\" content=\"https:\/\/www.facebook.com\/PromiStyle.de\" \/>\n<meta property=\"article:published_time\" content=\"2021-08-11T09:06:00+00:00\" \/>\n<meta property=\"article:modified_time\" content=\"2021-08-12T06:42:05+00:00\" \/>\n<meta property=\"og:image\" content=\"https:\/\/www.promistyle.de\/wp-content\/uploads\/2020\/04\/1280px-2008_nicole_pressefoto_3_foto_nikolaj_georgiew-0216-e1587927859674.jpg\" \/>\n\t<meta property=\"og:image:width\" content=\"1000\" \/>\n\t<meta property=\"og:image:height\" content=\"630\" \/>\n\t<meta property=\"og:image:type\" content=\"image\/jpeg\" \/>\n<meta name=\"author\" content=\"Martina\" \/>\n<meta name=\"twitter:card\" content=\"summary_large_image\" \/>\n<meta name=\"twitter:creator\" content=\"@PromiStyle\" \/>\n<meta name=\"twitter:site\" content=\"@PromiStyle\" \/>\n<meta name=\"twitter:label1\" content=\"Verfasst von\" \/>\n\t<meta name=\"twitter:data1\" content=\"Martina\" \/>\n\t<meta name=\"twitter:label2\" content=\"Gesch\u00e4tzte Lesezeit\" \/>\n\t<meta name=\"twitter:data2\" content=\"5\u00a0Minuten\" \/>\n<script type=\"application\/ld+json\" class=\"yoast-schema-graph\">{\"@context\":\"https:\/\/schema.org\",\"@graph\":[{\"@type\":\"Article\",\"@id\":\"https:\/\/www.promistyle.de\/?p=2696#article\",\"isPartOf\":{\"@id\":\"https:\/\/www.promistyle.de\/?p=2696\"},\"author\":{\"name\":\"Martina\",\"@id\":\"https:\/\/www.promistyle.de\/#\/schema\/person\/a26f206b2775c3f8843ee11a1ccceef4\"},\"headline\":\"`Grand Prix\u00b4-Legende Nicole \u00fcber Seitenspr\u00fcnge, ihre private Folterkammer und 35 Jahre ohne S\u00fc\u00dfigkeiten &#8230;\",\"datePublished\":\"2021-08-11T09:06:00+00:00\",\"dateModified\":\"2021-08-12T06:42:05+00:00\",\"mainEntityOfPage\":{\"@id\":\"https:\/\/www.promistyle.de\/?p=2696\"},\"wordCount\":997,\"publisher\":{\"@id\":\"https:\/\/www.promistyle.de\/#organization\"},\"image\":{\"@id\":\"https:\/\/www.promistyle.de\/?p=2696#primaryimage\"},\"thumbnailUrl\":\"https:\/\/www.promistyle.de\/wp-content\/uploads\/2020\/04\/1280px-2008_nicole_pressefoto_3_foto_nikolaj_georgiew-0216-e1587927859674.jpg\",\"keywords\":[\"Deutsche Promis\",\"Featured\",\"Schlager\"],\"articleSection\":[\"Exklusiv Interview\"],\"inLanguage\":\"de\"},{\"@type\":\"WebPage\",\"@id\":\"https:\/\/www.promistyle.de\/?p=2696\",\"url\":\"https:\/\/www.promistyle.de\/?p=2696\",\"name\":\"`Grand Prix`-Legende Nicole \u00fcber Seitenspr\u00fcnge, ihre ... - promistyle.de\",\"isPartOf\":{\"@id\":\"https:\/\/www.promistyle.de\/#website\"},\"primaryImageOfPage\":{\"@id\":\"https:\/\/www.promistyle.de\/?p=2696#primaryimage\"},\"image\":{\"@id\":\"https:\/\/www.promistyle.de\/?p=2696#primaryimage\"},\"thumbnailUrl\":\"https:\/\/www.promistyle.de\/wp-content\/uploads\/2020\/04\/1280px-2008_nicole_pressefoto_3_foto_nikolaj_georgiew-0216-e1587927859674.jpg\",\"datePublished\":\"2021-08-11T09:06:00+00:00\",\"dateModified\":\"2021-08-12T06:42:05+00:00\",\"description\":\"`Grand Prix`-Legende Nicole spricht offen \u00fcber Seitenspr\u00fcnge, ihre ganz private Folterkammer und 35 Jahre ohne S\u00fc\u00dfigkeiten ...\",\"breadcrumb\":{\"@id\":\"https:\/\/www.promistyle.de\/?p=2696#breadcrumb\"},\"inLanguage\":\"de\",\"potentialAction\":[{\"@type\":\"ReadAction\",\"target\":[\"https:\/\/www.promistyle.de\/?p=2696\"]}]},{\"@type\":\"ImageObject\",\"inLanguage\":\"de\",\"@id\":\"https:\/\/www.promistyle.de\/?p=2696#primaryimage\",\"url\":\"https:\/\/www.promistyle.de\/wp-content\/uploads\/2020\/04\/1280px-2008_nicole_pressefoto_3_foto_nikolaj_georgiew-0216-e1587927859674.jpg\",\"contentUrl\":\"https:\/\/www.promistyle.de\/wp-content\/uploads\/2020\/04\/1280px-2008_nicole_pressefoto_3_foto_nikolaj_georgiew-0216-e1587927859674.jpg\",\"width\":1000,\"height\":630,\"caption\":\"Nicole Seibert\"},{\"@type\":\"BreadcrumbList\",\"@id\":\"https:\/\/www.promistyle.de\/?p=2696#breadcrumb\",\"itemListElement\":[{\"@type\":\"ListItem\",\"position\":1,\"name\":\"Startseite\",\"item\":\"https:\/\/www.promistyle.de\/\"},{\"@type\":\"ListItem\",\"position\":2,\"name\":\"`Grand Prix\u00b4-Legende Nicole \u00fcber Seitenspr\u00fcnge, ihre private Folterkammer und 35 Jahre ohne S\u00fc\u00dfigkeiten &#8230;\"}]},{\"@type\":\"WebSite\",\"@id\":\"https:\/\/www.promistyle.de\/#website\",\"url\":\"https:\/\/www.promistyle.de\/\",\"name\":\"PromiStyle\",\"description\":\"Good Vibes Only\",\"publisher\":{\"@id\":\"https:\/\/www.promistyle.de\/#organization\"},\"potentialAction\":[{\"@type\":\"SearchAction\",\"target\":{\"@type\":\"EntryPoint\",\"urlTemplate\":\"https:\/\/www.promistyle.de\/?s={search_term_string}\"},\"query-input\":{\"@type\":\"PropertyValueSpecification\",\"valueRequired\":true,\"valueName\":\"search_term_string\"}}],\"inLanguage\":\"de\"},{\"@type\":\"Organization\",\"@id\":\"https:\/\/www.promistyle.de\/#organization\",\"name\":\"PromiStyle\",\"url\":\"https:\/\/www.promistyle.de\/\",\"logo\":{\"@type\":\"ImageObject\",\"inLanguage\":\"de\",\"@id\":\"https:\/\/www.promistyle.de\/#\/schema\/logo\/image\/\",\"url\":\"https:\/\/www.promistyle.de\/wp-content\/uploads\/2021\/03\/cropped-Logo-Style-09-04-20-1.png\",\"contentUrl\":\"https:\/\/www.promistyle.de\/wp-content\/uploads\/2021\/03\/cropped-Logo-Style-09-04-20-1.png\",\"width\":512,\"height\":512,\"caption\":\"PromiStyle\"},\"image\":{\"@id\":\"https:\/\/www.promistyle.de\/#\/schema\/logo\/image\/\"},\"sameAs\":[\"https:\/\/www.facebook.com\/PromiStyle.de\",\"https:\/\/x.com\/PromiStyle\",\"https:\/\/www.instagram.com\/promistyle\"]},{\"@type\":\"Person\",\"@id\":\"https:\/\/www.promistyle.de\/#\/schema\/person\/a26f206b2775c3f8843ee11a1ccceef4\",\"name\":\"Martina\",\"image\":{\"@type\":\"ImageObject\",\"inLanguage\":\"de\",\"@id\":\"https:\/\/www.promistyle.de\/#\/schema\/person\/image\/\",\"url\":\"https:\/\/secure.gravatar.com\/avatar\/5abc76ab171bdac7e3d72ecafc563dbaf6e46a61d443786812841b418e1c4a41?s=96&d=blank&r=g\",\"contentUrl\":\"https:\/\/secure.gravatar.com\/avatar\/5abc76ab171bdac7e3d72ecafc563dbaf6e46a61d443786812841b418e1c4a41?s=96&d=blank&r=g\",\"caption\":\"Martina\"},\"url\":\"https:\/\/www.promistyle.de\/?author=3\"}]}<\/script>\n<!-- \/ Yoast SEO plugin. -->","yoast_head_json":{"title":"`Grand Prix`-Legende Nicole \u00fcber Seitenspr\u00fcnge, ihre ... - promistyle.de","description":"`Grand Prix`-Legende Nicole spricht offen \u00fcber Seitenspr\u00fcnge, ihre ganz private Folterkammer und 35 Jahre ohne S\u00fc\u00dfigkeiten ...","robots":{"index":"index","follow":"follow","max-snippet":"max-snippet:-1","max-image-preview":"max-image-preview:large","max-video-preview":"max-video-preview:-1"},"canonical":"https:\/\/www.promistyle.de\/?p=2696","og_locale":"de_DE","og_type":"article","og_title":"`Grand Prix`-Legende Nicole \u00fcber Seitenspr\u00fcnge, ihre ... - promistyle.de","og_description":"`Grand Prix`-Legende Nicole spricht offen \u00fcber Seitenspr\u00fcnge, ihre ganz private Folterkammer und 35 Jahre ohne S\u00fc\u00dfigkeiten ...","og_url":"https:\/\/www.promistyle.de\/?p=2696","og_site_name":"promistyle.de","article_publisher":"https:\/\/www.facebook.com\/PromiStyle.de","article_published_time":"2021-08-11T09:06:00+00:00","article_modified_time":"2021-08-12T06:42:05+00:00","og_image":[{"width":1000,"height":630,"url":"https:\/\/www.promistyle.de\/wp-content\/uploads\/2020\/04\/1280px-2008_nicole_pressefoto_3_foto_nikolaj_georgiew-0216-e1587927859674.jpg","type":"image\/jpeg"}],"author":"Martina","twitter_card":"summary_large_image","twitter_creator":"@PromiStyle","twitter_site":"@PromiStyle","twitter_misc":{"Verfasst von":"Martina","Gesch\u00e4tzte Lesezeit":"5\u00a0Minuten"},"schema":{"@context":"https:\/\/schema.org","@graph":[{"@type":"Article","@id":"https:\/\/www.promistyle.de\/?p=2696#article","isPartOf":{"@id":"https:\/\/www.promistyle.de\/?p=2696"},"author":{"name":"Martina","@id":"https:\/\/www.promistyle.de\/#\/schema\/person\/a26f206b2775c3f8843ee11a1ccceef4"},"headline":"`Grand Prix\u00b4-Legende Nicole \u00fcber Seitenspr\u00fcnge, ihre private Folterkammer und 35 Jahre ohne S\u00fc\u00dfigkeiten &#8230;","datePublished":"2021-08-11T09:06:00+00:00","dateModified":"2021-08-12T06:42:05+00:00","mainEntityOfPage":{"@id":"https:\/\/www.promistyle.de\/?p=2696"},"wordCount":997,"publisher":{"@id":"https:\/\/www.promistyle.de\/#organization"},"image":{"@id":"https:\/\/www.promistyle.de\/?p=2696#primaryimage"},"thumbnailUrl":"https:\/\/www.promistyle.de\/wp-content\/uploads\/2020\/04\/1280px-2008_nicole_pressefoto_3_foto_nikolaj_georgiew-0216-e1587927859674.jpg","keywords":["Deutsche Promis","Featured","Schlager"],"articleSection":["Exklusiv Interview"],"inLanguage":"de"},{"@type":"WebPage","@id":"https:\/\/www.promistyle.de\/?p=2696","url":"https:\/\/www.promistyle.de\/?p=2696","name":"`Grand Prix`-Legende Nicole \u00fcber Seitenspr\u00fcnge, ihre ... - promistyle.de","isPartOf":{"@id":"https:\/\/www.promistyle.de\/#website"},"primaryImageOfPage":{"@id":"https:\/\/www.promistyle.de\/?p=2696#primaryimage"},"image":{"@id":"https:\/\/www.promistyle.de\/?p=2696#primaryimage"},"thumbnailUrl":"https:\/\/www.promistyle.de\/wp-content\/uploads\/2020\/04\/1280px-2008_nicole_pressefoto_3_foto_nikolaj_georgiew-0216-e1587927859674.jpg","datePublished":"2021-08-11T09:06:00+00:00","dateModified":"2021-08-12T06:42:05+00:00","description":"`Grand Prix`-Legende Nicole spricht offen \u00fcber Seitenspr\u00fcnge, ihre ganz private Folterkammer und 35 Jahre ohne S\u00fc\u00dfigkeiten ...","breadcrumb":{"@id":"https:\/\/www.promistyle.de\/?p=2696#breadcrumb"},"inLanguage":"de","potentialAction":[{"@type":"ReadAction","target":["https:\/\/www.promistyle.de\/?p=2696"]}]},{"@type":"ImageObject","inLanguage":"de","@id":"https:\/\/www.promistyle.de\/?p=2696#primaryimage","url":"https:\/\/www.promistyle.de\/wp-content\/uploads\/2020\/04\/1280px-2008_nicole_pressefoto_3_foto_nikolaj_georgiew-0216-e1587927859674.jpg","contentUrl":"https:\/\/www.promistyle.de\/wp-content\/uploads\/2020\/04\/1280px-2008_nicole_pressefoto_3_foto_nikolaj_georgiew-0216-e1587927859674.jpg","width":1000,"height":630,"caption":"Nicole Seibert"},{"@type":"BreadcrumbList","@id":"https:\/\/www.promistyle.de\/?p=2696#breadcrumb","itemListElement":[{"@type":"ListItem","position":1,"name":"Startseite","item":"https:\/\/www.promistyle.de\/"},{"@type":"ListItem","position":2,"name":"`Grand Prix\u00b4-Legende Nicole \u00fcber Seitenspr\u00fcnge, ihre private Folterkammer und 35 Jahre ohne S\u00fc\u00dfigkeiten &#8230;"}]},{"@type":"WebSite","@id":"https:\/\/www.promistyle.de\/#website","url":"https:\/\/www.promistyle.de\/","name":"PromiStyle","description":"Good Vibes Only","publisher":{"@id":"https:\/\/www.promistyle.de\/#organization"},"potentialAction":[{"@type":"SearchAction","target":{"@type":"EntryPoint","urlTemplate":"https:\/\/www.promistyle.de\/?s={search_term_string}"},"query-input":{"@type":"PropertyValueSpecification","valueRequired":true,"valueName":"search_term_string"}}],"inLanguage":"de"},{"@type":"Organization","@id":"https:\/\/www.promistyle.de\/#organization","name":"PromiStyle","url":"https:\/\/www.promistyle.de\/","logo":{"@type":"ImageObject","inLanguage":"de","@id":"https:\/\/www.promistyle.de\/#\/schema\/logo\/image\/","url":"https:\/\/www.promistyle.de\/wp-content\/uploads\/2021\/03\/cropped-Logo-Style-09-04-20-1.png","contentUrl":"https:\/\/www.promistyle.de\/wp-content\/uploads\/2021\/03\/cropped-Logo-Style-09-04-20-1.png","width":512,"height":512,"caption":"PromiStyle"},"image":{"@id":"https:\/\/www.promistyle.de\/#\/schema\/logo\/image\/"},"sameAs":["https:\/\/www.facebook.com\/PromiStyle.de","https:\/\/x.com\/PromiStyle","https:\/\/www.instagram.com\/promistyle"]},{"@type":"Person","@id":"https:\/\/www.promistyle.de\/#\/schema\/person\/a26f206b2775c3f8843ee11a1ccceef4","name":"Martina","image":{"@type":"ImageObject","inLanguage":"de","@id":"https:\/\/www.promistyle.de\/#\/schema\/person\/image\/","url":"https:\/\/secure.gravatar.com\/avatar\/5abc76ab171bdac7e3d72ecafc563dbaf6e46a61d443786812841b418e1c4a41?s=96&d=blank&r=g","contentUrl":"https:\/\/secure.gravatar.com\/avatar\/5abc76ab171bdac7e3d72ecafc563dbaf6e46a61d443786812841b418e1c4a41?s=96&d=blank&r=g","caption":"Martina"},"url":"https:\/\/www.promistyle.de\/?author=3"}]}},"uagb_featured_image_src":{"full":["https:\/\/www.promistyle.de\/wp-content\/uploads\/2020\/04\/1280px-2008_nicole_pressefoto_3_foto_nikolaj_georgiew-0216-e1587927859674.jpg",1000,630,false],"thumbnail":["https:\/\/www.promistyle.de\/wp-content\/uploads\/2020\/04\/1280px-2008_nicole_pressefoto_3_foto_nikolaj_georgiew-0216-e1587927859674-150x150.jpg",150,150,true],"medium":["https:\/\/www.promistyle.de\/wp-content\/uploads\/2020\/04\/1280px-2008_nicole_pressefoto_3_foto_nikolaj_georgiew-0216-e1587927859674-300x189.jpg",300,189,true],"medium_large":["https:\/\/www.promistyle.de\/wp-content\/uploads\/2020\/04\/1280px-2008_nicole_pressefoto_3_foto_nikolaj_georgiew-0216-e1587927859674-768x484.jpg",768,484,true],"large":["https:\/\/www.promistyle.de\/wp-content\/uploads\/2020\/04\/1280px-2008_nicole_pressefoto_3_foto_nikolaj_georgiew-0216-1024x680.jpg",1000,664,true],"gs-tiny":["https:\/\/www.promistyle.de\/wp-content\/uploads\/2020\/04\/1280px-2008_nicole_pressefoto_3_foto_nikolaj_georgiew-0216-e1587927859674.jpg",50,32,false],"xl":["https:\/\/www.promistyle.de\/wp-content\/uploads\/2020\/04\/1280px-2008_nicole_pressefoto_3_foto_nikolaj_georgiew-0216-e1587927859674.jpg",1000,630,false],"xxl":["https:\/\/www.promistyle.de\/wp-content\/uploads\/2020\/04\/1280px-2008_nicole_pressefoto_3_foto_nikolaj_georgiew-0216-e1587927859674.jpg",1000,630,false],"xxxl":["https:\/\/www.promistyle.de\/wp-content\/uploads\/2020\/04\/1280px-2008_nicole_pressefoto_3_foto_nikolaj_georgiew-0216-e1587927859674.jpg",1000,630,false],"xxxxl":["https:\/\/www.promistyle.de\/wp-content\/uploads\/2020\/04\/1280px-2008_nicole_pressefoto_3_foto_nikolaj_georgiew-0216-e1587927859674.jpg",1000,630,false],"xxxxxl":["https:\/\/www.promistyle.de\/wp-content\/uploads\/2020\/04\/1280px-2008_nicole_pressefoto_3_foto_nikolaj_georgiew-0216-e1587927859674.jpg",1000,630,false],"1536x1536":["https:\/\/www.promistyle.de\/wp-content\/uploads\/2020\/04\/1280px-2008_nicole_pressefoto_3_foto_nikolaj_georgiew-0216-e1587927859674.jpg",1000,630,false],"2048x2048":["https:\/\/www.promistyle.de\/wp-content\/uploads\/2020\/04\/1280px-2008_nicole_pressefoto_3_foto_nikolaj_georgiew-0216-e1587927859674.jpg",1000,630,false],"post-thumbnail":["https:\/\/www.promistyle.de\/wp-content\/uploads\/2020\/04\/1280px-2008_nicole_pressefoto_3_foto_nikolaj_georgiew-0216-e1587927859674-1000x600.jpg",1000,600,true],"mvp-post-thumb":["https:\/\/www.promistyle.de\/wp-content\/uploads\/2020\/04\/1280px-2008_nicole_pressefoto_3_foto_nikolaj_georgiew-0216-e1587927859674-1000x600.jpg",1000,600,true],"mvp-mid-thumb":["https:\/\/www.promistyle.de\/wp-content\/uploads\/2020\/04\/1280px-2008_nicole_pressefoto_3_foto_nikolaj_georgiew-0216-e1587927859674-400x240.jpg",400,240,true],"mvp-small-thumb":["https:\/\/www.promistyle.de\/wp-content\/uploads\/2020\/04\/1280px-2008_nicole_pressefoto_3_foto_nikolaj_georgiew-0216-e1587927859674-100x100.jpg",100,100,true]},"uagb_author_info":{"display_name":"Martina","author_link":"https:\/\/www.promistyle.de\/?author=3"},"uagb_comment_info":0,"uagb_excerpt":"Mit 17 Jahren holte sie f\u00fcr uns die `Grand Prix`-Krone &#8211; und scheint in den vergangenen Jahrzehnten kein Jahr \u00e4lter geworden zu sein! Und auch musikalisch ist sie am Ball geblieben, brachte gerade ihr neues Album `50 ist das neue 25` heraus. Im Interview spricht sie \u00fcber das Geheimnis ihrer Jugendlichkeit, die Liebe ihres Lebens&hellip;","_links":{"self":[{"href":"https:\/\/www.promistyle.de\/index.php?rest_route=\/wp\/v2\/posts\/2696","targetHints":{"allow":["GET"]}}],"collection":[{"href":"https:\/\/www.promistyle.de\/index.php?rest_route=\/wp\/v2\/posts"}],"about":[{"href":"https:\/\/www.promistyle.de\/index.php?rest_route=\/wp\/v2\/types\/post"}],"author":[{"embeddable":true,"href":"https:\/\/www.promistyle.de\/index.php?rest_route=\/wp\/v2\/users\/3"}],"replies":[{"embeddable":true,"href":"https:\/\/www.promistyle.de\/index.php?rest_route=%2Fwp%2Fv2%2Fcomments&post=2696"}],"version-history":[{"count":14,"href":"https:\/\/www.promistyle.de\/index.php?rest_route=\/wp\/v2\/posts\/2696\/revisions"}],"predecessor-version":[{"id":5530,"href":"https:\/\/www.promistyle.de\/index.php?rest_route=\/wp\/v2\/posts\/2696\/revisions\/5530"}],"wp:featuredmedia":[{"embeddable":true,"href":"https:\/\/www.promistyle.de\/index.php?rest_route=\/wp\/v2\/media\/2698"}],"wp:attachment":[{"href":"https:\/\/www.promistyle.de\/index.php?rest_route=%2Fwp%2Fv2%2Fmedia&parent=2696"}],"wp:term":[{"taxonomy":"category","embeddable":true,"href":"https:\/\/www.promistyle.de\/index.php?rest_route=%2Fwp%2Fv2%2Fcategories&post=2696"},{"taxonomy":"post_tag","embeddable":true,"href":"https:\/\/www.promistyle.de\/index.php?rest_route=%2Fwp%2Fv2%2Ftags&post=2696"}],"curies":[{"name":"wp","href":"https:\/\/api.w.org\/{rel}","templated":true}]}}