{"id":2591,"date":"2021-09-01T15:04:05","date_gmt":"2021-09-01T13:04:05","guid":{"rendered":"https:\/\/www.promileaks.com\/?p=2591"},"modified":"2021-09-02T11:05:49","modified_gmt":"2021-09-02T09:05:49","slug":"mariella-ahrens-tochter","status":"publish","type":"post","link":"https:\/\/www.promistyle.de\/?p=2591","title":{"rendered":"Wie die Zeit vergeht &#8230;. TV-Star Mariella Ahrens &#8211; Ihre `kleine\u00b4 Tochter tr\u00e4umt vom eigenen Restaurant!"},"content":{"rendered":"\n<figure class=\"wp-block-image size-large\"><img loading=\"lazy\" decoding=\"async\" width=\"648\" height=\"1024\" src=\"https:\/\/www.promistyle.de\/wp-content\/uploads\/2020\/04\/Isabella-e1587560888568-648x1024.jpeg\" alt=\"Mariella Ahrens &amp; Tochter Isabella\" class=\"wp-image-2592\" srcset=\"https:\/\/www.promistyle.de\/wp-content\/uploads\/2020\/04\/Isabella-e1587560888568-648x1024.jpeg 648w, https:\/\/www.promistyle.de\/wp-content\/uploads\/2020\/04\/Isabella-e1587560888568-190x300.jpeg 190w, https:\/\/www.promistyle.de\/wp-content\/uploads\/2020\/04\/Isabella-e1587560888568.jpeg 678w\" sizes=\"auto, (max-width: 648px) 100vw, 648px\" \/><\/figure>\n\n\n\n<p>Sie ist die Tochter von TV-Star Mariella Ahrens &#8211; <a href=\"https:\/\/www.instagram.com\/isabellafabercastell\/\" target=\"_blank\" rel=\"noreferrer noopener\">Isabella von Faber-Castell<\/a>, ist Anfang 20 und studiert in Berlin BWL. <\/p>\n\n\n\n<p><strong>Um sich ihr Studium zu finanzieren, wollte sie nebenbei modeln. Doch eine Hamburger Agentur lehnte sie knallhart ab. Die Begr\u00fcndung: Zu dick! <\/strong>Unfassbar! <\/p>\n\n\n\n<p>Vor kurzem wurde sie trotz ihrer `Kurven` gebucht \u2013 zwar nicht f\u00fcr den Laufsteg, aber f\u00fcr einen Werbejob des Autoherstellers Skoda, der seine Elektrofahrzeuge pr\u00e4sentierte. <\/p>\n\n\n\n<p>Daf\u00fcr durfte Isabella nach Amsterdam reisen. <strong>Im Interview verr\u00e4t sie, warum hungern die falsche Botschaft ist, sie gerne Spaghetti schlemmt, Crepes und Waffeln liebt<\/strong> &#8211; und warum sie den Traum vom Modeln dennoch nicht aufgibt &#8230;<\/p>\n\n\n\n<p><a href=\"https:\/\/www.awin1.com\/cread.php?s=2712654&amp;v=10076&amp;q=362946&amp;r=829417\"><\/a><\/p>\n\n\n\n<div class=\"wp-block-kioken-rowlayout alignnone bust-out-none\"><div id=\"kt-layout-id_b9277b-77\" class=\"kio-row-layout-inner kt-row-has-bg kt-layout-id_b9277b-77\" style=\"background-color:#efefef\"><div class=\"kt-row-column-wrap kt-has-2-columns kt-gutter-default kt-row-valign-top kio-row-layout-equal kt-tab-layout-inherit kt-m-colapse-left-to-right kt-mobile-layout-row\">\n<div class=\"wp-block-kioken-column inner-column-1 kioken-column_35f376-ce\"><div class=\"kt-inside-inner-col\" style=\"background-blend-mode:normal\"><div>\n<p class=\"has-text-align-right has-cyan-bluish-gray-color has-text-color has-custom-font mb-0 mt-0\" style=\"font-size:10px;font-family:Arial\">WERBUNG<\/p>\n\n\n\n<!-- Das ist ein Banner wenn das Bild darin die volle Breite haben soll.\nBei dem (a) target=\"_blank\" und bei dem (img) width=\"100%\" -->\n\n\n\n\n<!-- START ADVERTISER: Tchibo DE from awin.com -->\n\n<a href=\"https:\/\/www.awin1.com\/cread.php?s=2177879&amp;v=11792&amp;q=339049&amp;r=829417\" target=\"_blank\" rel=\"noopener\">\n    <img decoding=\"async\" src=\"https:\/\/www.awin1.com\/cshow.php?s=2177879&amp;v=11792&amp;q=339049&amp;r=829417\" width=\"100%\" border=\"0\">\n<\/a>\n\n<!-- END ADVERTISER: Tchibo DE from awin.com -->\n<\/div><\/div><\/div>\n<\/div><\/div><\/div>\n\n\n\n<blockquote class=\"wp-block-quote is-layout-flow wp-block-quote-is-layout-flow\"><p><strong>Was studieren Sie?<\/strong><\/p><\/blockquote>\n\n\n\n<p>Ich studiere BWL in Berlin. Das macht mir Spa\u00df und das werde ich auf jeden Fall durchziehen? <\/p>\n\n\n\n<blockquote class=\"wp-block-quote is-style-large is-layout-flow wp-block-quote-is-layout-flow\"><p>Ich tr\u00e4ume davon, sp\u00e4ter vielleicht einmal ein eigenes Restaurant zu er\u00f6ffnen, <\/p><\/blockquote>\n\n\n\n<p>das f\u00e4nde ich toll.<\/p>\n\n\n\n<blockquote class=\"wp-block-quote is-layout-flow wp-block-quote-is-layout-flow\"><p><strong>K\u00f6nnen Sie denn kochen?<\/strong><\/p><\/blockquote>\n\n\n\n<p>Ja, ich liebe es, zu kochen.<strong> Ich liebe Nudeln mit Scampis oder Pasta mit einer tolle Sauce.<\/strong> Ich mache mir manchmal auch Lachs im Ofen oder probiere <a href=\"https:\/\/www.promistyle.de\/eine-gourmet-reise-zu-den-sternen-drei-tessiner-starkoeche-bitten-zu-tisch\/\" target=\"_blank\" rel=\"noreferrer noopener\">neue Gerichte<\/a> aus.<\/p>\n\n\n\n<figure class=\"wp-block-image size-large\"><img loading=\"lazy\" decoding=\"async\" width=\"1000\" height=\"630\" src=\"https:\/\/www.promistyle.de\/wp-content\/uploads\/2020\/04\/Skoda_SUPERBiV_Amsterdam_ESSEN-2-KLEIN.jpg\" alt=\"Isabella-Faber-Castell\" class=\"wp-image-2596\" srcset=\"https:\/\/www.promistyle.de\/wp-content\/uploads\/2020\/04\/Skoda_SUPERBiV_Amsterdam_ESSEN-2-KLEIN.jpg 1000w, https:\/\/www.promistyle.de\/wp-content\/uploads\/2020\/04\/Skoda_SUPERBiV_Amsterdam_ESSEN-2-KLEIN-300x189.jpg 300w, https:\/\/www.promistyle.de\/wp-content\/uploads\/2020\/04\/Skoda_SUPERBiV_Amsterdam_ESSEN-2-KLEIN-768x484.jpg 768w\" sizes=\"auto, (max-width: 1000px) 100vw, 1000px\" \/><figcaption>F\u00fcr leckere Spezialit\u00e4ten hat Isabella immer Zeit<\/figcaption><\/figure>\n\n\n\n<blockquote class=\"wp-block-quote is-layout-flow wp-block-quote-is-layout-flow\"><p><strong>Sie sind sehr h\u00fcbsch und gro\u00df. Haben Sie auch \u00fcberlegt zu modeln?<\/strong><\/p><\/blockquote>\n\n\n\n<p>Ich hatte mir das schon \u00fcberlegt, nebenbei zu modeln, um mir mein Studium zu finanzieren. Aber ich wollte nie zu <a href=\"https:\/\/www.instagram.com\/heidiklum\/\" target=\"_blank\" rel=\"noreferrer noopener\">Heidi Klum<\/a>, obwohl ich mir \u201eGermanys Next Topmodel\u201c nat\u00fcrlich immer anschaue. <\/p>\n\n\n\n<blockquote class=\"wp-block-quote is-style-large is-layout-flow wp-block-quote-is-layout-flow\"><p>Ich stelle es mir einerseits ganz witzig vor und vielleicht w\u00e4re es auch eine gute Chance Erfahrungen zu sammeln. <\/p><\/blockquote>\n\n\n\n<p>Aber der Konkurrenzkampf zwischen den M\u00e4dchen, die Zickereien, das w\u00e4re nichts f\u00fcr mich. Dazu rund um die Uhr gefilmt zu werden, das m\u00f6chte ich nicht. Aber ich hoffe nat\u00fcrlich, dass ich vielleicht auch so Auftr\u00e4ge bekomme. Da w\u00e4re ich nicht abgeneigt.<\/p>\n\n\n\n<p><a href=\"https:\/\/www.awin1.com\/cread.php?s=2712654&amp;v=10076&amp;q=362946&amp;r=829417\"><\/a><\/p>\n\n\n\n<div class=\"wp-block-kioken-rowlayout alignnone bust-out-none\"><div id=\"kt-layout-id_9f0633-30\" class=\"kio-row-layout-inner kt-row-has-bg kt-layout-id_9f0633-30\" style=\"background-color:#efefef\"><div class=\"kt-row-column-wrap kt-has-2-columns kt-gutter-default kt-row-valign-top kio-row-layout-equal kt-tab-layout-inherit kt-m-colapse-left-to-right kt-mobile-layout-row\">\n<div class=\"wp-block-kioken-column inner-column-1 kioken-column_6e1dc2-7b\"><div class=\"kt-inside-inner-col\" style=\"background-blend-mode:normal\"><div>\n<p class=\"has-text-align-right has-cyan-bluish-gray-color has-text-color has-custom-font mb-0 mt-0\" style=\"font-size:10px;font-family:Arial\">WERBUNG<\/p>\n\n\n\n<!-- Das ist ein Banner wenn das Bild darin die volle Breite haben soll.\nBei dem (a) target=\"_blank\" und bei dem (img) width=\"100%\" -->\n\n\n<!-- START ADVERTISER: Douglas Parf\u00fcmerie DE from awin.com -->\n\n<a href=\"https:\/\/www.awin1.com\/cread.php?s=2712654&amp;v=10076&amp;q=362946&amp;r=829417\" target=\"_blank\" rel=\"noopener\">\n    <img decoding=\"async\" src=\"https:\/\/www.awin1.com\/cshow.php?s=2712654&amp;v=10076&amp;q=362946&amp;r=829417\" width=\"100%\" border=\"0\">\n<\/a>\n\n<!-- END ADVERTISER: Douglas Parf\u00fcmerie DE from awin.com -->\n<\/div><\/div><\/div>\n<\/div><\/div><\/div>\n\n\n\n<blockquote class=\"wp-block-quote is-layout-flow wp-block-quote-is-layout-flow\"><p><strong>Haben Sie schon eine Model-Agentur, die Sie vermittelt?<\/strong><\/p><\/blockquote>\n\n\n\n<p>Nein,&nbsp; ich hatte mich schon einmal vorgestellt, aber dann hat man mir gesagt, ich m\u00fcsste erst einmal abnehmen, ich sei zu dick!<\/p>\n\n\n\n<blockquote class=\"wp-block-quote is-layout-flow wp-block-quote-is-layout-flow\"><p><strong>Sie sind doch total schlank&#8230;<\/strong><\/p><\/blockquote>\n\n\n\n<p>Aber ich bin nicht schlank genug, um zu modeln. Sie haben mir gesagt, dass ich d\u00fcnner werden muss, um angenommen zu werden. <\/p>\n\n\n\n<blockquote class=\"wp-block-quote is-style-large is-layout-flow wp-block-quote-is-layout-flow\"><p>Ich bin 1,78 Meter gro\u00df, von meiner Gr\u00f6\u00dfe w\u00fcrde das passen. <\/p><\/blockquote>\n\n\n\n<p>Als ich dann vermessen wurde, hat man mir gesagt, dass mein H\u00fcft-Umfang einfach zu viel sei. <strong>Da war ich dann auch etwas irritiert.<\/strong> Ich trage Kleidergr\u00f6\u00dfe 36, in <a href=\"https:\/\/www.promistyle.de\/paperbag-hosen-ein-klassiker-fuer-jedes-alter\/\" target=\"_blank\" rel=\"noreferrer noopener\">Hosen<\/a> manchmal 38, das reicht aber bei weitem nicht. F\u00fcr den Laufsteg ist das zu viel.<\/p>\n\n\n\n<div class=\"wp-block-image\"><figure class=\"alignleft size-large\"><img loading=\"lazy\" decoding=\"async\" width=\"1000\" height=\"630\" src=\"https:\/\/www.promistyle.de\/wp-content\/uploads\/2020\/04\/Skoda_SUPERBiV_Amsterdam_ESSEN-KLEIN.jpg\" alt=\"Isabella-Faber-Castell\" class=\"wp-image-2597\" srcset=\"https:\/\/www.promistyle.de\/wp-content\/uploads\/2020\/04\/Skoda_SUPERBiV_Amsterdam_ESSEN-KLEIN.jpg 1000w, https:\/\/www.promistyle.de\/wp-content\/uploads\/2020\/04\/Skoda_SUPERBiV_Amsterdam_ESSEN-KLEIN-300x189.jpg 300w, https:\/\/www.promistyle.de\/wp-content\/uploads\/2020\/04\/Skoda_SUPERBiV_Amsterdam_ESSEN-KLEIN-768x484.jpg 768w\" sizes=\"auto, (max-width: 1000px) 100vw, 1000px\" \/><figcaption>Ein leckerer Crepe zwischendurch hebt die Laune<\/figcaption><\/figure><\/div>\n\n\n\n<blockquote class=\"wp-block-quote is-layout-flow wp-block-quote-is-layout-flow\"><p><strong>Im Moment sind kurvige Modes total angesagt, da m\u00fcssten Sie doch eine Chance haben&#8230;<\/strong><\/p><\/blockquote>\n\n\n\n<p>Tja, ich bin schlank, aber ich habe nun mal eine weibliche Figur&#8230;<\/p>\n\n\n\n<blockquote class=\"wp-block-quote is-layout-flow wp-block-quote-is-layout-flow\"><p><strong>W\u00fcrden Sie denn extrem abnehmen, um eine Chance zu haben?<\/strong><\/p><\/blockquote>\n\n\n\n<p>Tats\u00e4chlich habe ich versucht, eine Di\u00e4t zu machen, habe ein, zwei Wochen wirklich gehungert, aber das mache ich nie mehr. Ich war total schlecht gelaunt und st\u00e4ndig m\u00fcde. Das war \u00fcberhaupt nichts f\u00fcr mich. <\/p>\n\n\n\n<blockquote class=\"wp-block-quote is-style-large is-layout-flow wp-block-quote-is-layout-flow\"><p>Das ist es mir am Ende nicht wert. Ich f\u00fchle mich sch\u00f6ner, wenn ich kurviger bin und ich f\u00fchle mich dann vor allem wohl. Nur um einen Job als Model zu bekommen, m\u00f6chte ich nicht dauerhaft hungern m\u00fcssen. <\/p><\/blockquote>\n\n\n\n<p>Das bin dann nicht mehr ich. Und das w\u00e4re wirklich eine ganz falsche Botschaft.<\/p>\n\n\n\n<div class=\"wp-block-group has-background custom-bottommargin\" style=\"background-color:#efefef;margin-bottom:45px\"><div class=\"wp-block-group__inner-container is-layout-flow wp-block-group-is-layout-flow\">\n<div class=\"wp-block-group has-background custom-topmargin custom-bottommargin ext-max-width ext-maxw-align-center\" style=\"background-color:#efefef;max-width:923px;margin-top:-6px;margin-bottom:-6px\"><div class=\"wp-block-group__inner-container is-layout-flow wp-block-group-is-layout-flow\">\n<p class=\"has-text-align-right has-cyan-bluish-gray-color has-text-color custom-bottommargin ext-max-width\" style=\"font-size:11px;max-width:730px;margin-bottom:6px\">Anzeige &#8211; <a href=\"https:\/\/tidd.ly\/3A46jJg\" target=\"_blank\" rel=\"noreferrer noopener\">AIDA.de<\/a><\/p>\n<\/div><\/div>\n\n\n\n<!-- START ADVERTISER: AIDA DE from awin.com -->\n\n<a href=\"https:\/\/www.awin1.com\/cread.php?s=2030460&amp;v=9144&amp;q=321288&amp;r=829417\" target=\"_blank\" rel=\"noopener\">\n    <img decoding=\"async\" src=\"https:\/\/www.awin1.com\/cshow.php?s=2030460&amp;v=9144&amp;q=321288&amp;r=829417\" border=\"0\" width=\"100%\">\n<\/a>\n\n<!-- END ADVERTISER: AIDA DE from awin.com -->\n\n\n\n<div class=\"wp-block-group is-layout-flow wp-block-group-is-layout-flow\"><div class=\"wp-block-group__inner-container\"><\/div><\/div>\n\n\n\n<p class=\"custom-topmargin\" style=\"margin-top:-35px\"><\/p>\n<\/div><\/div>\n\n\n\n<blockquote class=\"wp-block-quote is-layout-flow wp-block-quote-is-layout-flow\"><p><strong>Haben Sie den Traum vom Modeln denn nun ganz aufgegeben?<\/strong><\/p><\/blockquote>\n\n\n\n<p>Nein, ich hatte gerade mein erstes Foto-Shooting bei Skoda, als ich den neuen Skoda Superb iV gefahren bin. Ich war schon ein bisschen aufgeregt, aber bei Skoda fand man das gut, dass ich so authentisch und ganz normal bin. <\/p>\n\n\n\n<blockquote class=\"wp-block-quote is-style-large is-layout-flow wp-block-quote-is-layout-flow\"><p>Niemand hat mich dort kritisch angeschaut oder gefragt, wie viel ich wiege. Ich durfte so sein, wie ich bin. Das war mein erstes gro\u00dfes Kampagnen-Shooting. <\/p><\/blockquote>\n\n\n\n<p>Ich m\u00f6chte jetzt k\u00fcnftig Werbe-Jobs machen, wo man als Model auch gesund aussehen darf. Damit kann ich mir dann vielleicht sogar mein Studium finanzieren.<\/p>\n\n\n\n<figure class=\"wp-block-image size-large\"><img loading=\"lazy\" decoding=\"async\" width=\"1000\" height=\"630\" src=\"https:\/\/www.promistyle.de\/wp-content\/uploads\/2020\/04\/Skoda_SUPERBiV_Amsterdam_JOB-KLEIN.jpg\" alt=\"Isabella-Skoda\" class=\"wp-image-2594\" srcset=\"https:\/\/www.promistyle.de\/wp-content\/uploads\/2020\/04\/Skoda_SUPERBiV_Amsterdam_JOB-KLEIN.jpg 1000w, https:\/\/www.promistyle.de\/wp-content\/uploads\/2020\/04\/Skoda_SUPERBiV_Amsterdam_JOB-KLEIN-300x189.jpg 300w, https:\/\/www.promistyle.de\/wp-content\/uploads\/2020\/04\/Skoda_SUPERBiV_Amsterdam_JOB-KLEIN-768x484.jpg 768w\" sizes=\"auto, (max-width: 1000px) 100vw, 1000px\" \/><figcaption>Isabella von Faber-Castell bei ihrem ersten Model-Job<\/figcaption><\/figure>\n\n\n\n<blockquote class=\"wp-block-quote is-layout-flow wp-block-quote-is-layout-flow\"><p><strong>Das wird Ihre Mutter, <a href=\"https:\/\/www.instagram.com\/mariellaahrens\/\" target=\"_blank\" rel=\"noreferrer noopener\">Mariella Ahrens<\/a> sicher auch freuen&#8230;<\/strong><\/p><\/blockquote>\n\n\n\n<p>Meine Mutter hat mir beigebracht, mich nicht verbiegen zu lassen, <strong>sondern authentisch zu bleiben<\/strong>. Dass ich hungere, w\u00fcrde ihr nicht gefallen.<\/p>\n\n\n\n<p><a href=\"https:\/\/www.awin1.com\/cread.php?s=2712654&amp;v=10076&amp;q=362946&amp;r=829417\"><\/a><\/p>\n\n\n\n<div class=\"wp-block-kioken-rowlayout alignnone bust-out-none\"><div id=\"kt-layout-id_1c21d6-93\" class=\"kio-row-layout-inner kt-row-has-bg kt-layout-id_1c21d6-93\" style=\"background-color:#efefef\"><div class=\"kt-row-column-wrap kt-has-2-columns kt-gutter-default kt-row-valign-top kio-row-layout-equal kt-tab-layout-inherit kt-m-colapse-left-to-right kt-mobile-layout-row\">\n<div class=\"wp-block-kioken-column inner-column-1 kioken-column_ee38e2-bc\"><div class=\"kt-inside-inner-col\" style=\"background-blend-mode:normal\"><div>\n<p class=\"has-text-align-right has-cyan-bluish-gray-color has-text-color has-custom-font mb-0 mt-0\" style=\"font-size:10px;font-family:Arial\">WERBUNG<\/p>\n\n\n\n<!-- Das ist ein Banner wenn das Bild darin die volle Breite haben soll.\nBei dem (a) target=\"_blank\" und bei dem (img) width=\"100%\" -->\n\n\n\n<!-- START ADVERTISER: Tui.com DE from awin.com -->\n\n<a href=\"https:\/\/www.awin1.com\/cread.php?s=2540242&amp;v=10102&amp;q=342260&amp;r=829417\" target=\"_blank\" rel=\"noopener\">\n    <img decoding=\"async\" src=\"https:\/\/www.awin1.com\/cshow.php?s=2540242&amp;v=10102&amp;q=342260&amp;r=829417\" width=\"100%\" border=\"0\">\n<\/a>\n\n<!-- END ADVERTISER: Tui.com DE from awin.com -->\n<\/div><\/div><\/div>\n<\/div><\/div><\/div>\n\n\n\n<blockquote class=\"wp-block-quote is-layout-flow wp-block-quote-is-layout-flow\"><p><strong>Welche Werte hat Sie Ihnen noch vermittelt?<\/strong> <\/p><\/blockquote>\n\n\n\n<p>Sie hat darauf geachtet, dass wir Dinge wertsch\u00e4tzen und es nicht als selbstverst\u00e4ndlich empfinden, wenn wir etwas bekommen. <\/p>\n\n\n\n<blockquote class=\"wp-block-quote is-style-large is-layout-flow wp-block-quote-is-layout-flow\"><p>Dass wir immer hilfsbereit sind, h\u00f6flich, respektvoll. Dass wir auf dem Boden bleiben. <\/p><\/blockquote>\n\n\n\n<p>Ich habe auch immer Ferienjobs gemacht. Um mir zu meinem Taschengeld etwas dazu zu verdienen, habe ich oft als Messe-Hostess gejobbt. <strong>Jetzt suche ich gerade einen Werkstudenten-Job<\/strong>. Es ist nicht so, dass mir meine Eltern einfach immer meine W\u00fcnsche erf\u00fcllt haben, daf\u00fcr muss ich schon selbst arbeiten und das finde ich auch richtig so.<\/p>\n\n\n\n<figure class=\"wp-block-image size-large\"><img loading=\"lazy\" decoding=\"async\" width=\"1000\" height=\"630\" src=\"https:\/\/www.promistyle.de\/wp-content\/uploads\/2020\/04\/Skoda_SUPERBiV_Amsterdam_SHOPPEN-1-KLEIN.jpg\" alt=\"Isabella-Faber-Castell\" class=\"wp-image-2598\" srcset=\"https:\/\/www.promistyle.de\/wp-content\/uploads\/2020\/04\/Skoda_SUPERBiV_Amsterdam_SHOPPEN-1-KLEIN.jpg 1000w, https:\/\/www.promistyle.de\/wp-content\/uploads\/2020\/04\/Skoda_SUPERBiV_Amsterdam_SHOPPEN-1-KLEIN-300x189.jpg 300w, https:\/\/www.promistyle.de\/wp-content\/uploads\/2020\/04\/Skoda_SUPERBiV_Amsterdam_SHOPPEN-1-KLEIN-768x484.jpg 768w\" sizes=\"auto, (max-width: 1000px) 100vw, 1000px\" \/><figcaption>Shopping-Tour durch Amsterdams bunte Gesch\u00e4fte<\/figcaption><\/figure>\n\n\n\n<blockquote class=\"wp-block-quote is-layout-flow wp-block-quote-is-layout-flow\"><p><strong>Amsterdam gilt als die gr\u00fcnste Stadt Europas. Wie wichtig ist Ihnen Nachhaltigkeit. Worauf achten Sie im Alltag?<\/strong><\/p><\/blockquote>\n\n\n\n<p>Ich bem\u00fche mich schon um Nachhaltigkeit. Ich achte darauf, dass nicht unn\u00f6tig das Licht brennt, ich fahre immer mit dem Bus oder mit der S-Bahn zur Uni. Ich versuche auch Plastik zu vermeiden. <\/p>\n\n\n\n<blockquote class=\"wp-block-quote is-style-large is-layout-flow wp-block-quote-is-layout-flow\"><p>Meine Brote f\u00fcr die Uni packe ich in Brotdosen, nicht in Folie. Und ich kaufe auch keine Papp- Kaffeebecher \u201eto go\u201c, sondern habe immer meinen eigenen Becher dabei, den ich aussp\u00fclen kann. Und ich werfe auch keine Klamotten weg.<\/p><\/blockquote>\n\n\n\n<p>Kleidung, die ich nicht mehr brauche, gebe ich meiner kleinen Schwester Lucia. <strong>Die freut sich immer sehr dar\u00fcber.<\/strong> Manche Dinge, die ihr sehr gut gefallen, aber noch nicht passen, heben wir auf f\u00fcr sie. Und wenn sie etwas gar nicht mag, gebe ich es meiner Oma, und die bringt es zum Roten Kreuz.<\/p>\n\n\n\n<div class=\"wp-block-group has-white-color has-white-background-color has-text-color has-background custom-bottommargin\" style=\"margin-bottom:-25px\"><div class=\"wp-block-group__inner-container is-layout-flow wp-block-group-is-layout-flow\">\n<div class=\"wp-block-group has-white-background-color has-background custom-topmargin custom-bottommargin ext-max-width ext-maxw-align-center\" style=\"max-width:923px;margin-top:-6px;margin-bottom:-6px\"><div class=\"wp-block-group__inner-container is-layout-flow wp-block-group-is-layout-flow\">\n<p class=\"has-text-align-left has-cyan-bluish-gray-color has-text-color custom-bottommargin ext-max-width\" style=\"font-size:11px;max-width:730px;margin-bottom:6px\">Anzeige &#8211; <a href=\"https:\/\/tidd.ly\/3h4bJuO\" target=\"_blank\" rel=\"noreferrer noopener\">SonnenklarTV<\/a><\/p>\n<\/div><\/div>\n\n\n\n<div class=\"wp-block-group ext-max-width ext-maxw-align-left\" style=\"max-width:1027px\"><div class=\"wp-block-group__inner-container is-layout-flow wp-block-group-is-layout-flow\">\n<div class=\"wp-block-columns are-vertically-aligned-center is-layout-flex wp-container-core-columns-is-layout-9d6595d7 wp-block-columns-is-layout-flex\">\n<div class=\"wp-block-column is-vertically-aligned-center is-layout-flow wp-block-column-is-layout-flow\" style=\"flex-basis:50%\">\n<!-- START ADVERTISER: sonnenklar.TV DE from awin.com -->\n\n<a href=\"https:\/\/www.awin1.com\/cread.php?s=2604192&amp;v=14603&amp;q=371648&amp;r=829417\" target=\"_blank\" rel=\"noopener\">\n    <img decoding=\"async\" src=\"https:\/\/www.awin1.com\/cshow.php?s=2604192&amp;v=14603&amp;q=371648&amp;r=829417\" width=\"100%\" border=\"0\">\n<\/a>\n\n<!-- END ADVERTISER: sonnenklar.TV DE from awin.com -->\n<\/div>\n<\/div>\n<\/div><\/div>\n<\/div><\/div>\n\n\n\n<blockquote class=\"wp-block-quote is-layout-flow wp-block-quote-is-layout-flow\"><p><strong>Waren Sie zum ersten Mal in Amsterdam?<\/strong><\/p><\/blockquote>\n\n\n\n<p>Ja, das ist meine erste Reise und ich fand Amsterdam wirklich total klasse. <strong>Ich werde auf jeden Fall noch einmal im Sommer hinfahren Die Stadt ist wundersch\u00f6n,<\/strong> es gibt viele nette Caf\u00e9s und tolle Gesch\u00e4fte.<\/p>\n\n\n\n<blockquote class=\"wp-block-quote is-layout-flow wp-block-quote-is-layout-flow\"><p><strong>Sie sind zum ersten Mal mit dem neuen Skoda &nbsp;Superb iV gefahren. Wie war das?<\/strong><\/p><\/blockquote>\n\n\n\n<p>Ich fahre grunds\u00e4tzlich sehr gerne, obwohl der Stadtverkehr in Berlin sehr turbulent ist. <\/p>\n\n\n\n<blockquote class=\"wp-block-quote is-style-large is-layout-flow wp-block-quote-is-layout-flow\"><p>Aber mit dem Superb iV durch Amsterdam zu fahren, hat mir total Spa\u00df gemacht. <\/p><\/blockquote>\n\n\n\n<p>Ein tolles Gef\u00fchl \u2013 <strong>und f\u00fcr die Umwelt einfach super.<\/strong><\/p>\n\n\n\n<figure class=\"wp-block-image size-large\"><img loading=\"lazy\" decoding=\"async\" width=\"1000\" height=\"630\" src=\"https:\/\/www.promistyle.de\/wp-content\/uploads\/2020\/04\/Skoda_SUPERBiV_Amsterdam_154-KLEIN.jpg\" alt=\"Martina-Mack-Isabella\" class=\"wp-image-2595\" srcset=\"https:\/\/www.promistyle.de\/wp-content\/uploads\/2020\/04\/Skoda_SUPERBiV_Amsterdam_154-KLEIN.jpg 1000w, https:\/\/www.promistyle.de\/wp-content\/uploads\/2020\/04\/Skoda_SUPERBiV_Amsterdam_154-KLEIN-300x189.jpg 300w, https:\/\/www.promistyle.de\/wp-content\/uploads\/2020\/04\/Skoda_SUPERBiV_Amsterdam_154-KLEIN-768x484.jpg 768w\" sizes=\"auto, (max-width: 1000px) 100vw, 1000px\" \/><figcaption><a href=\"https:\/\/www.instagram.com\/amazin_tina\/\" target=\"_blank\" rel=\"noreferrer noopener\">Martina Mack<\/a> im Gespr\u00e4ch mit Isabella von Faber-Castell<\/figcaption><\/figure>\n\n\n\n<div class=\"wp-block-cover has-background-dim has-parallax\" style=\"background-image:url(https:\/\/www.promistyle.de\/wp-content\/uploads\/2020\/04\/SKODA-WERBUNG.jpg)\"><div class=\"wp-block-cover__inner-container is-layout-flow wp-block-cover-is-layout-flow\">\n<h1 class=\"wp-block-heading\" id=\"h-mehr-infos-zum-skoda-superb-iv\"><a href=\"https:\/\/www.skoda-auto.de\/?gclid=EAIaIQobChMInPyVuPff8gIV4QyLCh0M6wDpEAAYASAAEgIdI_D_BwE&amp;gclsrc=aw.ds\" target=\"_blank\" rel=\"noreferrer noopener sponsored nofollow\"><strong><span class=\"has-inline-color has-very-light-gray-color\">MEHR INFOS ZUM<\/span><span class=\"has-inline-color has-very-light-gray-color\"><\/span><span class=\"has-inline-color has-very-light-gray-color\"> SKODA SUPERB iV<\/span><\/strong><\/a><\/h1>\n<\/div><\/div>\n","protected":false},"excerpt":{"rendered":"<p>Sie ist die Tochter von TV-Star Mariella Ahrens &#8211; Isabella von Faber-Castell, ist Anfang 20 und studiert in Berlin BWL. Um sich ihr Studium zu finanzieren, wollte sie nebenbei modeln. Doch eine Hamburger Agentur lehnte sie knallhart ab. Die Begr\u00fcndung: Zu dick! Unfassbar! Vor kurzem wurde sie trotz ihrer `Kurven` gebucht \u2013 zwar nicht f\u00fcr [&hellip;]<\/p>\n","protected":false},"author":3,"featured_media":2593,"comment_status":"closed","ping_status":"closed","sticky":false,"template":"","format":"standard","meta":{"_uag_custom_page_level_css":"","footnotes":""},"categories":[131],"tags":[100,49],"class_list":["post-2591","post","type-post","status-publish","format-standard","has-post-thumbnail","hentry","category-exklusiv-interview","tag-deutsche-promis","tag-lifestyle"],"yoast_head":"<!-- This site is optimized with the Yoast SEO plugin v26.6 - https:\/\/yoast.com\/wordpress\/plugins\/seo\/ -->\n<title>TV-Star Mariella Ahrens - Tochter Isabella tr\u00e4umt vom eigenen Restaurant!<\/title>\n<meta name=\"description\" content=\"Isabella von Faber-Castell, Tochter von TV-Star Mariella Ahrens, sprach mit uns im Interview \u00fcber ihre Pl\u00e4ne und Tr\u00e4ume ...\" \/>\n<meta name=\"robots\" content=\"index, follow, max-snippet:-1, max-image-preview:large, max-video-preview:-1\" \/>\n<link rel=\"canonical\" href=\"https:\/\/www.promistyle.de\/?p=2591\" \/>\n<meta property=\"og:locale\" content=\"de_DE\" \/>\n<meta property=\"og:type\" content=\"article\" \/>\n<meta property=\"og:title\" content=\"TV-Star Mariella Ahrens - Tochter Isabella tr\u00e4umt vom eigenen Restaurant!\" \/>\n<meta property=\"og:description\" content=\"Isabella von Faber-Castell, Tochter von TV-Star Mariella Ahrens, sprach mit uns im Interview \u00fcber ihre Pl\u00e4ne und Tr\u00e4ume ...\" \/>\n<meta property=\"og:url\" content=\"https:\/\/www.promistyle.de\/?p=2591\" \/>\n<meta property=\"og:site_name\" content=\"promistyle.de\" \/>\n<meta property=\"article:publisher\" content=\"https:\/\/www.facebook.com\/PromiStyle.de\" \/>\n<meta property=\"article:published_time\" content=\"2021-09-01T13:04:05+00:00\" \/>\n<meta property=\"article:modified_time\" content=\"2021-09-02T09:05:49+00:00\" \/>\n<meta property=\"og:image\" content=\"https:\/\/www.promistyle.de\/wp-content\/uploads\/2020\/04\/Mariella-Ahrens-Tochter-KLEIN.jpg\" \/>\n\t<meta property=\"og:image:width\" content=\"999\" \/>\n\t<meta property=\"og:image:height\" content=\"630\" \/>\n\t<meta property=\"og:image:type\" content=\"image\/jpeg\" \/>\n<meta name=\"author\" content=\"Martina\" \/>\n<meta name=\"twitter:card\" content=\"summary_large_image\" \/>\n<meta name=\"twitter:creator\" content=\"@PromiStyle\" \/>\n<meta name=\"twitter:site\" content=\"@PromiStyle\" \/>\n<meta name=\"twitter:label1\" content=\"Verfasst von\" \/>\n\t<meta name=\"twitter:data1\" content=\"Martina\" \/>\n\t<meta name=\"twitter:label2\" content=\"Gesch\u00e4tzte Lesezeit\" \/>\n\t<meta name=\"twitter:data2\" content=\"6\u00a0Minuten\" \/>\n<script type=\"application\/ld+json\" class=\"yoast-schema-graph\">{\"@context\":\"https:\/\/schema.org\",\"@graph\":[{\"@type\":\"Article\",\"@id\":\"https:\/\/www.promistyle.de\/?p=2591#article\",\"isPartOf\":{\"@id\":\"https:\/\/www.promistyle.de\/?p=2591\"},\"author\":{\"name\":\"Martina\",\"@id\":\"https:\/\/www.promistyle.de\/#\/schema\/person\/a26f206b2775c3f8843ee11a1ccceef4\"},\"headline\":\"Wie die Zeit vergeht &#8230;. TV-Star Mariella Ahrens &#8211; Ihre `kleine\u00b4 Tochter tr\u00e4umt vom eigenen Restaurant!\",\"datePublished\":\"2021-09-01T13:04:05+00:00\",\"dateModified\":\"2021-09-02T09:05:49+00:00\",\"mainEntityOfPage\":{\"@id\":\"https:\/\/www.promistyle.de\/?p=2591\"},\"wordCount\":1085,\"publisher\":{\"@id\":\"https:\/\/www.promistyle.de\/#organization\"},\"image\":{\"@id\":\"https:\/\/www.promistyle.de\/?p=2591#primaryimage\"},\"thumbnailUrl\":\"https:\/\/www.promistyle.de\/wp-content\/uploads\/2020\/04\/Mariella-Ahrens-Tochter-KLEIN.jpg\",\"keywords\":[\"Deutsche Promis\",\"Lifestyle\"],\"articleSection\":[\"Exklusiv Interview\"],\"inLanguage\":\"de\"},{\"@type\":\"WebPage\",\"@id\":\"https:\/\/www.promistyle.de\/?p=2591\",\"url\":\"https:\/\/www.promistyle.de\/?p=2591\",\"name\":\"TV-Star Mariella Ahrens - Tochter Isabella tr\u00e4umt vom eigenen Restaurant!\",\"isPartOf\":{\"@id\":\"https:\/\/www.promistyle.de\/#website\"},\"primaryImageOfPage\":{\"@id\":\"https:\/\/www.promistyle.de\/?p=2591#primaryimage\"},\"image\":{\"@id\":\"https:\/\/www.promistyle.de\/?p=2591#primaryimage\"},\"thumbnailUrl\":\"https:\/\/www.promistyle.de\/wp-content\/uploads\/2020\/04\/Mariella-Ahrens-Tochter-KLEIN.jpg\",\"datePublished\":\"2021-09-01T13:04:05+00:00\",\"dateModified\":\"2021-09-02T09:05:49+00:00\",\"description\":\"Isabella von Faber-Castell, Tochter von TV-Star Mariella Ahrens, sprach mit uns im Interview \u00fcber ihre Pl\u00e4ne und Tr\u00e4ume ...\",\"breadcrumb\":{\"@id\":\"https:\/\/www.promistyle.de\/?p=2591#breadcrumb\"},\"inLanguage\":\"de\",\"potentialAction\":[{\"@type\":\"ReadAction\",\"target\":[\"https:\/\/www.promistyle.de\/?p=2591\"]}]},{\"@type\":\"ImageObject\",\"inLanguage\":\"de\",\"@id\":\"https:\/\/www.promistyle.de\/?p=2591#primaryimage\",\"url\":\"https:\/\/www.promistyle.de\/wp-content\/uploads\/2020\/04\/Mariella-Ahrens-Tochter-KLEIN.jpg\",\"contentUrl\":\"https:\/\/www.promistyle.de\/wp-content\/uploads\/2020\/04\/Mariella-Ahrens-Tochter-KLEIN.jpg\",\"width\":999,\"height\":630,\"caption\":\"Mariella-Ahrens-Tochter-Isabella\"},{\"@type\":\"BreadcrumbList\",\"@id\":\"https:\/\/www.promistyle.de\/?p=2591#breadcrumb\",\"itemListElement\":[{\"@type\":\"ListItem\",\"position\":1,\"name\":\"Startseite\",\"item\":\"https:\/\/www.promistyle.de\/\"},{\"@type\":\"ListItem\",\"position\":2,\"name\":\"Wie die Zeit vergeht &#8230;. TV-Star Mariella Ahrens &#8211; Ihre `kleine\u00b4 Tochter tr\u00e4umt vom eigenen Restaurant!\"}]},{\"@type\":\"WebSite\",\"@id\":\"https:\/\/www.promistyle.de\/#website\",\"url\":\"https:\/\/www.promistyle.de\/\",\"name\":\"PromiStyle\",\"description\":\"Good Vibes Only\",\"publisher\":{\"@id\":\"https:\/\/www.promistyle.de\/#organization\"},\"potentialAction\":[{\"@type\":\"SearchAction\",\"target\":{\"@type\":\"EntryPoint\",\"urlTemplate\":\"https:\/\/www.promistyle.de\/?s={search_term_string}\"},\"query-input\":{\"@type\":\"PropertyValueSpecification\",\"valueRequired\":true,\"valueName\":\"search_term_string\"}}],\"inLanguage\":\"de\"},{\"@type\":\"Organization\",\"@id\":\"https:\/\/www.promistyle.de\/#organization\",\"name\":\"PromiStyle\",\"url\":\"https:\/\/www.promistyle.de\/\",\"logo\":{\"@type\":\"ImageObject\",\"inLanguage\":\"de\",\"@id\":\"https:\/\/www.promistyle.de\/#\/schema\/logo\/image\/\",\"url\":\"https:\/\/www.promistyle.de\/wp-content\/uploads\/2021\/03\/cropped-Logo-Style-09-04-20-1.png\",\"contentUrl\":\"https:\/\/www.promistyle.de\/wp-content\/uploads\/2021\/03\/cropped-Logo-Style-09-04-20-1.png\",\"width\":512,\"height\":512,\"caption\":\"PromiStyle\"},\"image\":{\"@id\":\"https:\/\/www.promistyle.de\/#\/schema\/logo\/image\/\"},\"sameAs\":[\"https:\/\/www.facebook.com\/PromiStyle.de\",\"https:\/\/x.com\/PromiStyle\",\"https:\/\/www.instagram.com\/promistyle\"]},{\"@type\":\"Person\",\"@id\":\"https:\/\/www.promistyle.de\/#\/schema\/person\/a26f206b2775c3f8843ee11a1ccceef4\",\"name\":\"Martina\",\"image\":{\"@type\":\"ImageObject\",\"inLanguage\":\"de\",\"@id\":\"https:\/\/www.promistyle.de\/#\/schema\/person\/image\/\",\"url\":\"https:\/\/secure.gravatar.com\/avatar\/5abc76ab171bdac7e3d72ecafc563dbaf6e46a61d443786812841b418e1c4a41?s=96&d=blank&r=g\",\"contentUrl\":\"https:\/\/secure.gravatar.com\/avatar\/5abc76ab171bdac7e3d72ecafc563dbaf6e46a61d443786812841b418e1c4a41?s=96&d=blank&r=g\",\"caption\":\"Martina\"},\"url\":\"https:\/\/www.promistyle.de\/?author=3\"}]}<\/script>\n<!-- \/ Yoast SEO plugin. -->","yoast_head_json":{"title":"TV-Star Mariella Ahrens - Tochter Isabella tr\u00e4umt vom eigenen Restaurant!","description":"Isabella von Faber-Castell, Tochter von TV-Star Mariella Ahrens, sprach mit uns im Interview \u00fcber ihre Pl\u00e4ne und Tr\u00e4ume ...","robots":{"index":"index","follow":"follow","max-snippet":"max-snippet:-1","max-image-preview":"max-image-preview:large","max-video-preview":"max-video-preview:-1"},"canonical":"https:\/\/www.promistyle.de\/?p=2591","og_locale":"de_DE","og_type":"article","og_title":"TV-Star Mariella Ahrens - Tochter Isabella tr\u00e4umt vom eigenen Restaurant!","og_description":"Isabella von Faber-Castell, Tochter von TV-Star Mariella Ahrens, sprach mit uns im Interview \u00fcber ihre Pl\u00e4ne und Tr\u00e4ume ...","og_url":"https:\/\/www.promistyle.de\/?p=2591","og_site_name":"promistyle.de","article_publisher":"https:\/\/www.facebook.com\/PromiStyle.de","article_published_time":"2021-09-01T13:04:05+00:00","article_modified_time":"2021-09-02T09:05:49+00:00","og_image":[{"width":999,"height":630,"url":"https:\/\/www.promistyle.de\/wp-content\/uploads\/2020\/04\/Mariella-Ahrens-Tochter-KLEIN.jpg","type":"image\/jpeg"}],"author":"Martina","twitter_card":"summary_large_image","twitter_creator":"@PromiStyle","twitter_site":"@PromiStyle","twitter_misc":{"Verfasst von":"Martina","Gesch\u00e4tzte Lesezeit":"6\u00a0Minuten"},"schema":{"@context":"https:\/\/schema.org","@graph":[{"@type":"Article","@id":"https:\/\/www.promistyle.de\/?p=2591#article","isPartOf":{"@id":"https:\/\/www.promistyle.de\/?p=2591"},"author":{"name":"Martina","@id":"https:\/\/www.promistyle.de\/#\/schema\/person\/a26f206b2775c3f8843ee11a1ccceef4"},"headline":"Wie die Zeit vergeht &#8230;. TV-Star Mariella Ahrens &#8211; Ihre `kleine\u00b4 Tochter tr\u00e4umt vom eigenen Restaurant!","datePublished":"2021-09-01T13:04:05+00:00","dateModified":"2021-09-02T09:05:49+00:00","mainEntityOfPage":{"@id":"https:\/\/www.promistyle.de\/?p=2591"},"wordCount":1085,"publisher":{"@id":"https:\/\/www.promistyle.de\/#organization"},"image":{"@id":"https:\/\/www.promistyle.de\/?p=2591#primaryimage"},"thumbnailUrl":"https:\/\/www.promistyle.de\/wp-content\/uploads\/2020\/04\/Mariella-Ahrens-Tochter-KLEIN.jpg","keywords":["Deutsche Promis","Lifestyle"],"articleSection":["Exklusiv Interview"],"inLanguage":"de"},{"@type":"WebPage","@id":"https:\/\/www.promistyle.de\/?p=2591","url":"https:\/\/www.promistyle.de\/?p=2591","name":"TV-Star Mariella Ahrens - Tochter Isabella tr\u00e4umt vom eigenen Restaurant!","isPartOf":{"@id":"https:\/\/www.promistyle.de\/#website"},"primaryImageOfPage":{"@id":"https:\/\/www.promistyle.de\/?p=2591#primaryimage"},"image":{"@id":"https:\/\/www.promistyle.de\/?p=2591#primaryimage"},"thumbnailUrl":"https:\/\/www.promistyle.de\/wp-content\/uploads\/2020\/04\/Mariella-Ahrens-Tochter-KLEIN.jpg","datePublished":"2021-09-01T13:04:05+00:00","dateModified":"2021-09-02T09:05:49+00:00","description":"Isabella von Faber-Castell, Tochter von TV-Star Mariella Ahrens, sprach mit uns im Interview \u00fcber ihre Pl\u00e4ne und Tr\u00e4ume ...","breadcrumb":{"@id":"https:\/\/www.promistyle.de\/?p=2591#breadcrumb"},"inLanguage":"de","potentialAction":[{"@type":"ReadAction","target":["https:\/\/www.promistyle.de\/?p=2591"]}]},{"@type":"ImageObject","inLanguage":"de","@id":"https:\/\/www.promistyle.de\/?p=2591#primaryimage","url":"https:\/\/www.promistyle.de\/wp-content\/uploads\/2020\/04\/Mariella-Ahrens-Tochter-KLEIN.jpg","contentUrl":"https:\/\/www.promistyle.de\/wp-content\/uploads\/2020\/04\/Mariella-Ahrens-Tochter-KLEIN.jpg","width":999,"height":630,"caption":"Mariella-Ahrens-Tochter-Isabella"},{"@type":"BreadcrumbList","@id":"https:\/\/www.promistyle.de\/?p=2591#breadcrumb","itemListElement":[{"@type":"ListItem","position":1,"name":"Startseite","item":"https:\/\/www.promistyle.de\/"},{"@type":"ListItem","position":2,"name":"Wie die Zeit vergeht &#8230;. TV-Star Mariella Ahrens &#8211; Ihre `kleine\u00b4 Tochter tr\u00e4umt vom eigenen Restaurant!"}]},{"@type":"WebSite","@id":"https:\/\/www.promistyle.de\/#website","url":"https:\/\/www.promistyle.de\/","name":"PromiStyle","description":"Good Vibes Only","publisher":{"@id":"https:\/\/www.promistyle.de\/#organization"},"potentialAction":[{"@type":"SearchAction","target":{"@type":"EntryPoint","urlTemplate":"https:\/\/www.promistyle.de\/?s={search_term_string}"},"query-input":{"@type":"PropertyValueSpecification","valueRequired":true,"valueName":"search_term_string"}}],"inLanguage":"de"},{"@type":"Organization","@id":"https:\/\/www.promistyle.de\/#organization","name":"PromiStyle","url":"https:\/\/www.promistyle.de\/","logo":{"@type":"ImageObject","inLanguage":"de","@id":"https:\/\/www.promistyle.de\/#\/schema\/logo\/image\/","url":"https:\/\/www.promistyle.de\/wp-content\/uploads\/2021\/03\/cropped-Logo-Style-09-04-20-1.png","contentUrl":"https:\/\/www.promistyle.de\/wp-content\/uploads\/2021\/03\/cropped-Logo-Style-09-04-20-1.png","width":512,"height":512,"caption":"PromiStyle"},"image":{"@id":"https:\/\/www.promistyle.de\/#\/schema\/logo\/image\/"},"sameAs":["https:\/\/www.facebook.com\/PromiStyle.de","https:\/\/x.com\/PromiStyle","https:\/\/www.instagram.com\/promistyle"]},{"@type":"Person","@id":"https:\/\/www.promistyle.de\/#\/schema\/person\/a26f206b2775c3f8843ee11a1ccceef4","name":"Martina","image":{"@type":"ImageObject","inLanguage":"de","@id":"https:\/\/www.promistyle.de\/#\/schema\/person\/image\/","url":"https:\/\/secure.gravatar.com\/avatar\/5abc76ab171bdac7e3d72ecafc563dbaf6e46a61d443786812841b418e1c4a41?s=96&d=blank&r=g","contentUrl":"https:\/\/secure.gravatar.com\/avatar\/5abc76ab171bdac7e3d72ecafc563dbaf6e46a61d443786812841b418e1c4a41?s=96&d=blank&r=g","caption":"Martina"},"url":"https:\/\/www.promistyle.de\/?author=3"}]}},"uagb_featured_image_src":{"full":["https:\/\/www.promistyle.de\/wp-content\/uploads\/2020\/04\/Mariella-Ahrens-Tochter-KLEIN.jpg",999,630,false],"thumbnail":["https:\/\/www.promistyle.de\/wp-content\/uploads\/2020\/04\/Mariella-Ahrens-Tochter-KLEIN-150x150.jpg",150,150,true],"medium":["https:\/\/www.promistyle.de\/wp-content\/uploads\/2020\/04\/Mariella-Ahrens-Tochter-KLEIN-300x189.jpg",300,189,true],"medium_large":["https:\/\/www.promistyle.de\/wp-content\/uploads\/2020\/04\/Mariella-Ahrens-Tochter-KLEIN-768x484.jpg",768,484,true],"large":["https:\/\/www.promistyle.de\/wp-content\/uploads\/2020\/04\/Mariella-Ahrens-Tochter-KLEIN.jpg",999,630,false],"gs-tiny":["https:\/\/www.promistyle.de\/wp-content\/uploads\/2020\/04\/Mariella-Ahrens-Tochter-KLEIN.jpg",50,32,false],"xl":["https:\/\/www.promistyle.de\/wp-content\/uploads\/2020\/04\/Mariella-Ahrens-Tochter-KLEIN.jpg",999,630,false],"xxl":["https:\/\/www.promistyle.de\/wp-content\/uploads\/2020\/04\/Mariella-Ahrens-Tochter-KLEIN.jpg",999,630,false],"xxxl":["https:\/\/www.promistyle.de\/wp-content\/uploads\/2020\/04\/Mariella-Ahrens-Tochter-KLEIN.jpg",999,630,false],"xxxxl":["https:\/\/www.promistyle.de\/wp-content\/uploads\/2020\/04\/Mariella-Ahrens-Tochter-KLEIN.jpg",999,630,false],"xxxxxl":["https:\/\/www.promistyle.de\/wp-content\/uploads\/2020\/04\/Mariella-Ahrens-Tochter-KLEIN.jpg",999,630,false],"1536x1536":["https:\/\/www.promistyle.de\/wp-content\/uploads\/2020\/04\/Mariella-Ahrens-Tochter-KLEIN.jpg",999,630,false],"2048x2048":["https:\/\/www.promistyle.de\/wp-content\/uploads\/2020\/04\/Mariella-Ahrens-Tochter-KLEIN.jpg",999,630,false],"post-thumbnail":["https:\/\/www.promistyle.de\/wp-content\/uploads\/2020\/04\/Mariella-Ahrens-Tochter-KLEIN-999x600.jpg",999,600,true],"mvp-post-thumb":["https:\/\/www.promistyle.de\/wp-content\/uploads\/2020\/04\/Mariella-Ahrens-Tochter-KLEIN-999x600.jpg",999,600,true],"mvp-mid-thumb":["https:\/\/www.promistyle.de\/wp-content\/uploads\/2020\/04\/Mariella-Ahrens-Tochter-KLEIN-400x240.jpg",400,240,true],"mvp-small-thumb":["https:\/\/www.promistyle.de\/wp-content\/uploads\/2020\/04\/Mariella-Ahrens-Tochter-KLEIN-100x100.jpg",100,100,true]},"uagb_author_info":{"display_name":"Martina","author_link":"https:\/\/www.promistyle.de\/?author=3"},"uagb_comment_info":0,"uagb_excerpt":"Sie ist die Tochter von TV-Star Mariella Ahrens &#8211; Isabella von Faber-Castell, ist Anfang 20 und studiert in Berlin BWL. Um sich ihr Studium zu finanzieren, wollte sie nebenbei modeln. Doch eine Hamburger Agentur lehnte sie knallhart ab. Die Begr\u00fcndung: Zu dick! Unfassbar! Vor kurzem wurde sie trotz ihrer `Kurven` gebucht \u2013 zwar nicht f\u00fcr&hellip;","_links":{"self":[{"href":"https:\/\/www.promistyle.de\/index.php?rest_route=\/wp\/v2\/posts\/2591","targetHints":{"allow":["GET"]}}],"collection":[{"href":"https:\/\/www.promistyle.de\/index.php?rest_route=\/wp\/v2\/posts"}],"about":[{"href":"https:\/\/www.promistyle.de\/index.php?rest_route=\/wp\/v2\/types\/post"}],"author":[{"embeddable":true,"href":"https:\/\/www.promistyle.de\/index.php?rest_route=\/wp\/v2\/users\/3"}],"replies":[{"embeddable":true,"href":"https:\/\/www.promistyle.de\/index.php?rest_route=%2Fwp%2Fv2%2Fcomments&post=2591"}],"version-history":[{"count":46,"href":"https:\/\/www.promistyle.de\/index.php?rest_route=\/wp\/v2\/posts\/2591\/revisions"}],"predecessor-version":[{"id":6536,"href":"https:\/\/www.promistyle.de\/index.php?rest_route=\/wp\/v2\/posts\/2591\/revisions\/6536"}],"wp:featuredmedia":[{"embeddable":true,"href":"https:\/\/www.promistyle.de\/index.php?rest_route=\/wp\/v2\/media\/2593"}],"wp:attachment":[{"href":"https:\/\/www.promistyle.de\/index.php?rest_route=%2Fwp%2Fv2%2Fmedia&parent=2591"}],"wp:term":[{"taxonomy":"category","embeddable":true,"href":"https:\/\/www.promistyle.de\/index.php?rest_route=%2Fwp%2Fv2%2Fcategories&post=2591"},{"taxonomy":"post_tag","embeddable":true,"href":"https:\/\/www.promistyle.de\/index.php?rest_route=%2Fwp%2Fv2%2Ftags&post=2591"}],"curies":[{"name":"wp","href":"https:\/\/api.w.org\/{rel}","templated":true}]}}